{"id":157036,"date":"2012-01-24T21:51:40","date_gmt":"2012-01-25T02:51:40","guid":{"rendered":"http:\/\/diarioelpopular.com\/?p=157036"},"modified":"2012-01-24T21:51:40","modified_gmt":"2012-01-25T02:51:40","slug":"bacardi-cumple-150-anos-con-el-orgullo-de-su-herencia-cubana","status":"publish","type":"post","link":"https:\/\/diarioelpopular.com\/index.php\/2012\/01\/24\/bacardi-cumple-150-anos-con-el-orgullo-de-su-herencia-cubana\/","title":{"rendered":"Bacard\u00ed cumple 150 a\u00f1os con el orgullo de su herencia cubana"},"content":{"rendered":"<div id=\"attachment_157037\" style=\"width: 242px\" class=\"wp-caption alignleft\"><a href=\"https:\/\/diarioelpopular.com\/wp-content\/uploads\/2012\/01\/01.web_.bacardi.jpg\"><img loading=\"lazy\" decoding=\"async\" aria-describedby=\"caption-attachment-157037\" class=\"size-medium wp-image-157037\" title=\"01.web.bacardi\" src=\"https:\/\/diarioelpopular.com\/wp-content\/uploads\/2012\/01\/01.web_.bacardi-232x300.jpg\" alt=\"\" width=\"232\" height=\"300\" \/><\/a><p id=\"caption-attachment-157037\" class=\"wp-caption-text\">Fotograf\u00eda sin fecha cedida en donde se observa Facundo Bacard\u00ed Mass\u00f3, un emigrante espa\u00f1ol natural de Sitges (Catalu\u00f1a), quien fund\u00f3 el 4 de febrero de 1862 en Santiago de Cuba la compa\u00f1\u00eda Bacard\u00ed con la cual nac\u00eda una marca que iba a estar \u00edntimamente ligada al devenir hist\u00f3rico de la isla. La marca de ron est\u00e1 a punto de celebrar 150 a\u00f1os de historia, que une incontables galardones, una expansi\u00f3n empresarial vertiginosa, la experiencia del exilio y el sue\u00f1o de regresar alg\u00fan d\u00eda a la isla.<\/p><\/div>\n<p><em><strong>Miami (EEUU).-<\/strong><\/em> La marca de ron de origen cubano m\u00e1s famosa y vendida del mundo, Bacard\u00ed, est\u00e1 a punto de celebrar 150 a\u00f1os de historia, en la que se une incontables galardones, una expansi\u00f3n empresarial vertiginosa, la experiencia del exilio y el sue\u00f1o de regresar alg\u00fan d\u00eda a la isla.<\/p>\n<p>Cuando Facundo Bacard\u00ed Mass\u00f3, un emigrante espa\u00f1ol natural de Sitges (Catalu\u00f1a), fund\u00f3 el 4 de febrero de 1862 en Santiago de Cuba la compa\u00f1\u00eda Bacard\u00ed nac\u00eda tambi\u00e9n una marca que iba a estar \u00edntimamente ligada al devenir hist\u00f3rico de la isla.<\/p>\n<p>Pero el murci\u00e9lago del emblema del ron Bacard\u00ed es hoy mucho m\u00e1s que el distintivo de una etiqueta de car\u00e1cter universal: Sintetiza el legado y orgullo de una familia laboriosa que contin\u00faa pilotando, tras ocho generaciones, la marcha de la empresa privada de bebidas alcoh\u00f3licas m\u00e1s grande del mundo.<\/p>\n<p>&#8220;El hecho de que mi apellido est\u00e9 en cada botella de ron Bacard\u00ed es un constante recuerdo del compromiso que tenemos de entregar productos de calidad excepcional para crear los mejores c\u00f3cteles&#8221;, dijo en Miami Facundo L. Bacard\u00ed, tataranieto del fundador y actual gerente general de la compa\u00f1\u00eda.<\/p>\n<p>Bacard\u00ed es consciente de la importancia de preservar un legado y una &#8220;filosof\u00eda&#8221; empresarial que, destac\u00f3, hace bandera de su &#8220;herencia cubana&#8221; y su &#8220;apoyo al pueblo cubano en momentos de necesidad desde la fundaci\u00f3n de la compa\u00f1\u00eda&#8221;.<\/p>\n<p>De hecho, la familia no olvida sus ra\u00edces criollas ni el &#8220;humilde origen&#8221; del que procede y conf\u00eda, confes\u00f3 Bacard\u00ed, en poder &#8220;regresar y reinvertir en nuestra tierra natal&#8221; alg\u00fan d\u00eda.<\/p>\n<p>&#8220;Esperamos el momento en que podamos regresar. Ya sabremos cu\u00e1ndo es el tiempo adecuado y estaremos preparados&#8221;, puntualiz\u00f3, al tiempo que expres\u00f3 su satisfacci\u00f3n por ser Bacard\u00ed la primera multinacional cubana, tras inaugurar una planta embotelladora en Barcelona (Espa\u00f1a) en 1910.<\/p>\n<p>La fuerte implantaci\u00f3n y \u00e9xito de esta destiler\u00eda se trunc\u00f3 en la isla en 1960, cuando Fidel Castro, tras tomar el poder, confisc\u00f3 los negocios de los Barcard\u00ed y la familia tuvo que exiliarse.<\/p>\n<p>Un a\u00f1o m\u00e1s tarde la empresa contaba ya con una nueva destiler\u00eda en Brasil, adem\u00e1s de la que funcionaba en Puerto Rico desde 1958, conocida como &#8220;La Catedral del Ron&#8221; y considerada hoy la mayor del mundo, as\u00ed como la de M\u00e9xico, abierta en 1931.<\/p>\n<p>En 1978 el ron Bacard\u00ed premium se convirti\u00f3 en el de mayor demanda en el mundo, con una venta de 16 millones de cajas, un \u00e9xito comercial que progresado con los a\u00f1os con la adquisici\u00f3n de &#8220;marcas&#8221; l\u00edderes como Grey Goose (l\u00edder mundial de vodka), Bombay Sapphire (la ginebra premium con m\u00e1s valor del mundo) o el whisky escoc\u00e9s Dewar&#8217;s, el m\u00e1s vendido en EEUU.<\/p>\n<p>Su producto insignia contin\u00faa siendo el ron Bacard\u00ed blanco premium, creado para ser una bebida &#8220;mezclable, con un sabor \u00fanico&#8221;, que dio origen en 1900 (con motivo del fin de la Guerra de Cuba) al famoso combinado Cuba Libre Bacard\u00ed, el &#8220;c\u00f3ctel preferido hoy en el mundo&#8221;, seg\u00fan la empresa.<\/p>\n<p>Los Bacard\u00ed guardan con celo el secreto de la f\u00f3rmula de elaboraci\u00f3n del ron premium, que ha pasado de generaci\u00f3n en generaci\u00f3n, y cuya clave es la cepa de levadura aislada, de alta calidad, que utiliz\u00f3 el tatarabuelo, as\u00ed como la &#8220;selecci\u00f3n de melaza residual de ca\u00f1a de az\u00facar, la filtraci\u00f3n y el desarrollo del arte de la mezcla&#8221;, explic\u00f3 su presidente.<\/p>\n<p>&#8220;Mi tatarabuelo cre\u00f3 el ron tal como todos lo conocemos hoy&#8221;, apunt\u00f3 Bacard\u00ed, quien explic\u00f3 que el ron m\u00e1s premiado del planeta a\u00fan lleva la misma cepa de levadura aislada por don Facundo en 1862: Uno de los &#8220;bienes m\u00e1s preciados&#8221; de la empresa.<\/p>\n<p>Tras abrir instalaciones en China en 2002 y estar hoy presente en m\u00e1s de un centenar de pa\u00edses, Bacard\u00ed asegura ser adem\u00e1s la \u00fanica compa\u00f1\u00eda de bebidas alcoh\u00f3licas del mundo con un certificado que acredita su excelencia en la defensa del medioambiente.<\/p>\n","protected":false},"excerpt":{"rendered":"<p>Miami (EEUU).- La marca de ron de origen cubano m\u00e1s famosa y vendida del mundo, Bacard\u00ed, est\u00e1 a punto de celebrar 150 a\u00f1os de historia,&hellip;<\/p>\n","protected":false},"author":1,"featured_media":157037,"comment_status":"closed","ping_status":"open","sticky":false,"template":"","format":"standard","meta":{"footnotes":""},"categories":[23],"tags":[629,1183,60],"class_list":["post-157036","post","type-post","status-publish","format-standard","has-post-thumbnail","hentry","category-latinoamerica","tag-aniversario","tag-bacardi","tag-cuba"],"_links":{"self":[{"href":"https:\/\/diarioelpopular.com\/index.php\/wp-json\/wp\/v2\/posts\/157036","targetHints":{"allow":["GET"]}}],"collection":[{"href":"https:\/\/diarioelpopular.com\/index.php\/wp-json\/wp\/v2\/posts"}],"about":[{"href":"https:\/\/diarioelpopular.com\/index.php\/wp-json\/wp\/v2\/types\/post"}],"author":[{"embeddable":true,"href":"https:\/\/diarioelpopular.com\/index.php\/wp-json\/wp\/v2\/users\/1"}],"replies":[{"embeddable":true,"href":"https:\/\/diarioelpopular.com\/index.php\/wp-json\/wp\/v2\/comments?post=157036"}],"version-history":[{"count":0,"href":"https:\/\/diarioelpopular.com\/index.php\/wp-json\/wp\/v2\/posts\/157036\/revisions"}],"wp:featuredmedia":[{"embeddable":true,"href":"https:\/\/diarioelpopular.com\/index.php\/wp-json\/"}],"wp:attachment":[{"href":"https:\/\/diarioelpopular.com\/index.php\/wp-json\/wp\/v2\/media?parent=157036"}],"wp:term":[{"taxonomy":"category","embeddable":true,"href":"https:\/\/diarioelpopular.com\/index.php\/wp-json\/wp\/v2\/categories?post=157036"},{"taxonomy":"post_tag","embeddable":true,"href":"https:\/\/diarioelpopular.com\/index.php\/wp-json\/wp\/v2\/tags?post=157036"}],"curies":[{"name":"wp","href":"https:\/\/api.w.org\/{rel}","templated":true}]}}