{"id":15729,"date":"2011-10-23T23:01:12","date_gmt":"2011-10-24T03:01:12","guid":{"rendered":"http:\/\/diarioelpopular.com\/?p=15729"},"modified":"2011-10-23T23:01:12","modified_gmt":"2011-10-24T03:01:12","slug":"simoncelli-carismatico-irreverente-y-uno-de-los-grandes-de-motogp","status":"publish","type":"post","link":"https:\/\/diarioelpopular.com\/index.php\/2011\/10\/23\/simoncelli-carismatico-irreverente-y-uno-de-los-grandes-de-motogp\/","title":{"rendered":"Simoncelli: carism\u00e1tico, irreverente, y uno de los grandes de MotoGP"},"content":{"rendered":"<div id=\"attachment_15730\" style=\"width: 710px\" class=\"wp-caption aligncenter\"><a href=\"https:\/\/diarioelpopular.com\/wp-content\/uploads\/2011\/10\/Marco-Simoncelli.jpg\"><img loading=\"lazy\" decoding=\"async\" aria-describedby=\"caption-attachment-15730\" class=\"size-full wp-image-15730\" title=\"Marco Simoncelli\" src=\"https:\/\/diarioelpopular.com\/wp-content\/uploads\/2011\/10\/Marco-Simoncelli.jpg\" alt=\"\" width=\"700\" height=\"420\" \/><\/a><p id=\"caption-attachment-15730\" class=\"wp-caption-text\">Marco Simoncelli, en una imagen tomada tras acabar segundo en el pasado Gran Premio de Australia. Foto: Efe<\/p><\/div>\n<p><em><strong>Juan Antonio Llad\u00f3s. Sepang (Malasia).-<\/strong><\/em> Al italiano Marco\u00a0Simoncelli\u00a0podr\u00eda calific\u00e1rsele como un piloto carism\u00e1tico e irreverente que no dejaba indiferente a nadie a su paso tanto en lo personal como en lo deportivo, pero lo que todo el mundo sab\u00eda es que era uno de los grandes del campeonato del mundo de MotoGP.<\/p>\n<p>Amigo \u00edntimo de Valentino Rossi, este no pudo por menos que echarse la mano al casco cuando gir\u00f3 la cabeza sobre su Ducati Desmosedici para observar qu\u00e9 hab\u00eda sucedido, al ser testigo directo y casi involucrado en <a href=\"https:\/\/diarioelpopular.com\/2011\/10\/muere-simoncelli-tras-un-brutal-impacto-en-malasia\/\">el accidente que le ha costado la vida<\/a> a este joven piloto de Cattolica (Italia) de apenas 24 a\u00f1os.<\/p>\n<p>Vecino del nueve veces campe\u00f3n del mundo, puesto que la localidad de Cattolica se encuentra a apenas unos kil\u00f3metros de Urbino, &#8220;S\u00faper Sic&#8221; llevaba las motos en las venas desde muy peque\u00f1o.<\/p>\n<p>En una zona eminentemente motorista y con el circuito de Misano Adri\u00e1tico casi en la puerta de su casa,\u00a0Simoncelli\u00a0destac\u00f3 muy pronto en la competici\u00f3n pues ya en 2002 se proclam\u00f3 campe\u00f3n de Europa de 125 c.c., con sus primeras incursiones en el campeonato del mundo.<\/p>\n<p>Un a\u00f1o despu\u00e9s ya disput\u00f3 el mundial de 125 c.c. al completo, con un cuarto puesto en el Gran Premio de la Comunidad Valenciana como mejor resultado para ser vig\u00e9simo primero al final de la temporada y al a\u00f1o siguiente lograr en Jerez su primera victoria.<\/p>\n<p>Siempre controvertido por su comportamiento en la pista, que le hizo protagonizar no pocas discusiones con otros pilotos, como las acaecidas este a\u00f1o desde Portugal con el espa\u00f1ol Jorge Lorenzo por su pilotaje harto agresivo, Marco\u00a0Simoncelli\u00a0nunca dio s\u00edntomas de debilidad en la competici\u00f3n.<\/p>\n<p>En el a\u00f1o 2005 y nuevamente en el octavo de litro,\u00a0Simoncelli\u00a0gan\u00f3 la carrera de Jerez y poco m\u00e1s, por lo que decidi\u00f3 que hab\u00eda que dar un paso adelante y subi\u00f3 a los 250 c.c. como representante del equipo Gilera, de cuya mano acab\u00f3 siendo campe\u00f3n del mundo dos a\u00f1os despu\u00e9s.<\/p>\n<p>Su mejor resultado esa campa\u00f1a fue un sexto puesto en China para concluir la temporada d\u00e9cimo, clasificaci\u00f3n que repiti\u00f3 un a\u00f1o despu\u00e9s.<\/p>\n<p>Con el mismo equipo logr\u00f3 su primera victoria en 2008, el 1 de junio con ocasi\u00f3n del Gran Premio de Italia en Mugello, aunque como siempre en su vida bajo circunstancias un tanto confusas por el percance que protagoniz\u00f3 a una vuelta del final con el espa\u00f1ol H\u00e9ctor Barber\u00e1, quien acab\u00f3 por los suelos.<\/p>\n<p>Una semana despu\u00e9s volvi\u00f3 a ganar en el Gran Premio de Catalunya, tras adelantar a \u00c1lvaro Bautista en la \u00faltima vuelta, pero la trayectoria que protagoniz\u00f3 ese a\u00f1o le encumbr\u00f3 a lo m\u00e1s alto de la categor\u00eda, en la que se proclam\u00f3 campe\u00f3n del mundo.<\/p>\n<p>Desde entonces y hasta nuestro d\u00edas, Marco\u00a0Simoncelli\u00a0hab\u00eda crecido como piloto con dos conceptos antag\u00f3nicos, su carisma fuera de la pista y su agresividad dentro de ella, lo que le hizo tener tantos amigos como algunos enemigos, pero s\u00f3lo dentro de la pista, en donde hoy se ha dejado la vida.<\/p>\n","protected":false},"excerpt":{"rendered":"<p>Al italiano Marco Simoncelli podr\u00eda calific\u00e1rsele como un piloto carism\u00e1tico e irreverente que no dejaba indiferente a nadie a su paso tanto en lo personal como en lo deportivo, pero lo que todo el mundo sab\u00eda es que era uno de los grandes del campeonato del mundo de MotoGP.<\/p>\n","protected":false},"author":1,"featured_media":15730,"comment_status":"closed","ping_status":"open","sticky":false,"template":"","format":"standard","meta":{"footnotes":""},"categories":[28],"tags":[8314],"class_list":["post-15729","post","type-post","status-publish","format-standard","has-post-thumbnail","hentry","category-deportes","tag-simoncelli"],"_links":{"self":[{"href":"https:\/\/diarioelpopular.com\/index.php\/wp-json\/wp\/v2\/posts\/15729","targetHints":{"allow":["GET"]}}],"collection":[{"href":"https:\/\/diarioelpopular.com\/index.php\/wp-json\/wp\/v2\/posts"}],"about":[{"href":"https:\/\/diarioelpopular.com\/index.php\/wp-json\/wp\/v2\/types\/post"}],"author":[{"embeddable":true,"href":"https:\/\/diarioelpopular.com\/index.php\/wp-json\/wp\/v2\/users\/1"}],"replies":[{"embeddable":true,"href":"https:\/\/diarioelpopular.com\/index.php\/wp-json\/wp\/v2\/comments?post=15729"}],"version-history":[{"count":0,"href":"https:\/\/diarioelpopular.com\/index.php\/wp-json\/wp\/v2\/posts\/15729\/revisions"}],"wp:featuredmedia":[{"embeddable":true,"href":"https:\/\/diarioelpopular.com\/index.php\/wp-json\/"}],"wp:attachment":[{"href":"https:\/\/diarioelpopular.com\/index.php\/wp-json\/wp\/v2\/media?parent=15729"}],"wp:term":[{"taxonomy":"category","embeddable":true,"href":"https:\/\/diarioelpopular.com\/index.php\/wp-json\/wp\/v2\/categories?post=15729"},{"taxonomy":"post_tag","embeddable":true,"href":"https:\/\/diarioelpopular.com\/index.php\/wp-json\/wp\/v2\/tags?post=15729"}],"curies":[{"name":"wp","href":"https:\/\/api.w.org\/{rel}","templated":true}]}}