{"id":157380,"date":"2012-01-25T10:31:02","date_gmt":"2012-01-25T15:31:02","guid":{"rendered":"http:\/\/diarioelpopular.com\/?p=157380"},"modified":"2012-01-25T10:31:02","modified_gmt":"2012-01-25T15:31:02","slug":"obama-pide-justicia-economica-al-inaugurar-su-ano-electoral","status":"publish","type":"post","link":"https:\/\/diarioelpopular.com\/index.php\/2012\/01\/25\/obama-pide-justicia-economica-al-inaugurar-su-ano-electoral\/","title":{"rendered":"Obama pide justicia econ\u00f3mica al inaugurar su a\u00f1o electoral"},"content":{"rendered":"<div id=\"attachment_157381\" style=\"width: 715px\" class=\"wp-caption aligncenter\"><a href=\"https:\/\/diarioelpopular.com\/wp-content\/uploads\/2012\/01\/01.obama_.discurso.jpg\"><img loading=\"lazy\" decoding=\"async\" aria-describedby=\"caption-attachment-157381\" class=\"size-full wp-image-157381\" title=\"01.obama.discurso\" src=\"https:\/\/diarioelpopular.com\/wp-content\/uploads\/2012\/01\/01.obama_.discurso.jpg\" alt=\"\" width=\"705\" height=\"486\" \/><\/a><p id=\"caption-attachment-157381\" class=\"wp-caption-text\">WASHINGTON (EEUU).- El vicepresidente estadounidense, Joe Biden (c-i), y el presidente de la c\u00e1mara de representantes, John Boehner (c-d), escuchan al presidente estadounidense, Barack Obama (c), pronunciar su tercer discurso sobre el estado de la uni\u00f3n este martes en una sesi\u00f3n conjunta del Congreso en la sede del Capitolio en Whasington (EEUU.<\/p><\/div>\n<p><em><strong>Washington.-<\/strong><\/em> El presidente de EE.UU., Barack\u00a0Obama, hizo este martes de la justicia econ\u00f3mica su bandera en el discurso sobre el Estado de la Uni\u00f3n en el que present\u00f3 lo que a todas luces ser\u00e1 su programa para la reelecci\u00f3n en las presidenciales de noviembre.<\/p>\n<p>Durante una hora y ante ambas c\u00e1maras del Congreso, el presidente estadounidense insisti\u00f3 en que los valores del pa\u00eds -las oportunidades y las reglas iguales para todos- se encuentran en peligro y es necesario tomar medidas urgentes para impedirlo. Es, a su juicio, &#8220;la cuesti\u00f3n clave de nuestra \u00e9poca&#8221;.<\/p>\n<p>&#8220;Es hora de aplicar las mismas reglas a los de arriba que a los de abajo: ni planes de rescate, ni d\u00e1divas, ni escapatorias&#8230; Que cada uno asuma sus responsabilidades&#8221;, destac\u00f3, en una alocuci\u00f3n de contenido abrumadoramente econ\u00f3mico y en la que la pol\u00edtica exterior s\u00f3lo ocup\u00f3 un papel secundario.<\/p>\n<p>Aplaudido no menos de sesenta veces,\u00a0Obama\u00a0present\u00f3 un plan &#8220;para construir una econom\u00eda que dure&#8221;.<\/p>\n<p>En \u00e9l propuso promover la innovaci\u00f3n manufacturera y la creaci\u00f3n de empleo en territorio estadounidense, alentar el crecimiento del sector de las energ\u00edas limpias y fomentar la educaci\u00f3n.<\/p>\n<p>Pero tambi\u00e9n consider\u00f3 que todos los estadounidenses deben comportarse bajo las mismas reglas y recibir oportunidades, y por ello propuso que aquellos que ingresen m\u00e1s de un mill\u00f3n de d\u00f3lares paguen al menos el 30 por ciento de sus ingresos en impuestos.<\/p>\n<p>Para subrayar este mensaje, reclut\u00f3 a la secretaria del multimillonario Warren Buffett, Debbie Bosanek, una de las invitadas a presenciar la alocuci\u00f3n desde el balc\u00f3n de la primera dama.<\/p>\n<p>Buffett hizo famosa a Bosanek al defender el a\u00f1o pasado que los ricos pagaran m\u00e1s impuestos, poniendo de relieve que las reglas fiscales en EE.UU. son tales que, proporcionalmente, su secretaria paga mucho m\u00e1s al erario p\u00fablico que \u00e9l.<\/p>\n<p>Si la igualdad debe aplicarse al trato y las oportunidades a los ciudadanos, tambi\u00e9n debe hacerse lo mismo con los pa\u00edses.<\/p>\n<p>As\u00ed, el presidente arremeti\u00f3 contra lo que consider\u00f3 las pr\u00e1cticas desleales en la competencia comercial por parte de China, como la pirater\u00eda intelectual, y anunci\u00f3 una nueva unidad que se dedicar\u00e1 a combatir ese tipo de irregularidades en el comercio internacional.<\/p>\n<p>Obama\u00a0anunci\u00f3 tambi\u00e9n medidas para alentar la innovaci\u00f3n de las empresas manufactureras, en particular en el \u00e1rea de la alta tecnolog\u00eda, y fomentar que creen puestos de trabajo en territorio estadounidense.<\/p>\n<p>Reclam\u00f3 nuevos esfuerzos en favor de las energ\u00edas limpias y plante\u00f3 medidas como el desarrollo de estas tecnolog\u00edas en el suficiente terreno p\u00fablico para dar suministro a tres millones de hogares.<\/p>\n<p>En el terreno de la pol\u00edtica exterior, el presidente, que comenz\u00f3 su discurso con una alusi\u00f3n a uno de sus grandes \u00e9xitos, la muerte del l\u00edder de Al Qaeda, Osama bin Laden, reiter\u00f3 que la guerra en Afganist\u00e1n est\u00e1 encaminada para concluir en tres a\u00f1os.<\/p>\n<p>Acerca de Ir\u00e1n, pa\u00eds con el que mantiene un fuerte contencioso acerca de su programa nuclear,\u00a0Obama\u00a0insisti\u00f3 en que &#8220;no hay opciones fuera de la mesa&#8221; pero consider\u00f3 que una soluci\u00f3n pac\u00edfica &#8220;todav\u00eda es posible&#8221;.<\/p>\n<p>En Siria, asegur\u00f3 que no duda de que el r\u00e9gimen del presidente Bachar al Asad &#8220;descubrir\u00e1 pronto que las fuerzas del cambio no tienen marcha atr\u00e1s y no se puede negar la dignidad humana&#8221;.<\/p>\n<p>La regi\u00f3n latinoamericana brill\u00f3 por su ausencia en el discurso de\u00a0Obama, quien tambi\u00e9n rompi\u00f3 una lanza en favor de una medida que legalice a los inmigrantes indocumentados j\u00f3venes que se inscriban en la Universidad o en las Fuerzas Armadas<\/p>\n<p>En el cuarto a\u00f1o de un mandato caracterizado por los duros enfrentamientos entre dem\u00f3cratas y republicanos, el presidente asegur\u00f3: &#8220;colaborar\u00e9 con cualquiera en el Congreso para dar impulso (a estas ideas)&#8221;. Pero, advirti\u00f3: &#8220;combatir\u00e9 la obstrucci\u00f3n con acciones&#8221;.<\/p>\n<p>El momento m\u00e1s emotivo de la noche, sin embargo, se produjo momentos antes del discurso: en medio de los aplausos de dem\u00f3cratas y republicanos,Obama\u00a0se fundi\u00f3 en un abrazo con la congresista Gabby Giffords, herida gravemente de un disparo el a\u00f1o pasado.<\/p>\n<p>Tras su discurso, el presidente tiene previsto comenzar el mi\u00e9rcoles una gira por cinco estados del pa\u00eds, claves en el mapa electoral -Iowa, Arizona, Nevada, Colorado y Michigan-, para promover las propuestas presentadas.<\/p>\n","protected":false},"excerpt":{"rendered":"<p>Washington.- El presidente de EE.UU., Barack\u00a0Obama, hizo este martes de la justicia econ\u00f3mica su bandera en el discurso sobre el Estado de la Uni\u00f3n en&hellip;<\/p>\n","protected":false},"author":1,"featured_media":157381,"comment_status":"closed","ping_status":"open","sticky":false,"template":"","format":"standard","meta":{"footnotes":""},"categories":[24],"tags":[1187,123,1188],"class_list":["post-157380","post","type-post","status-publish","format-standard","has-post-thumbnail","hentry","category-mundo","tag-discurso","tag-obama","tag-union"],"_links":{"self":[{"href":"https:\/\/diarioelpopular.com\/index.php\/wp-json\/wp\/v2\/posts\/157380","targetHints":{"allow":["GET"]}}],"collection":[{"href":"https:\/\/diarioelpopular.com\/index.php\/wp-json\/wp\/v2\/posts"}],"about":[{"href":"https:\/\/diarioelpopular.com\/index.php\/wp-json\/wp\/v2\/types\/post"}],"author":[{"embeddable":true,"href":"https:\/\/diarioelpopular.com\/index.php\/wp-json\/wp\/v2\/users\/1"}],"replies":[{"embeddable":true,"href":"https:\/\/diarioelpopular.com\/index.php\/wp-json\/wp\/v2\/comments?post=157380"}],"version-history":[{"count":0,"href":"https:\/\/diarioelpopular.com\/index.php\/wp-json\/wp\/v2\/posts\/157380\/revisions"}],"wp:featuredmedia":[{"embeddable":true,"href":"https:\/\/diarioelpopular.com\/index.php\/wp-json\/"}],"wp:attachment":[{"href":"https:\/\/diarioelpopular.com\/index.php\/wp-json\/wp\/v2\/media?parent=157380"}],"wp:term":[{"taxonomy":"category","embeddable":true,"href":"https:\/\/diarioelpopular.com\/index.php\/wp-json\/wp\/v2\/categories?post=157380"},{"taxonomy":"post_tag","embeddable":true,"href":"https:\/\/diarioelpopular.com\/index.php\/wp-json\/wp\/v2\/tags?post=157380"}],"curies":[{"name":"wp","href":"https:\/\/api.w.org\/{rel}","templated":true}]}}