{"id":158036,"date":"2012-01-25T11:11:15","date_gmt":"2012-01-25T16:11:15","guid":{"rendered":"http:\/\/diarioelpopular.com\/?p=158036"},"modified":"2012-01-25T11:11:15","modified_gmt":"2012-01-25T16:11:15","slug":"djokovic-gano-la-batalla-fisica-que-le-planteo-ferrer","status":"publish","type":"post","link":"https:\/\/diarioelpopular.com\/index.php\/2012\/01\/25\/djokovic-gano-la-batalla-fisica-que-le-planteo-ferrer\/","title":{"rendered":"Djokovic gan\u00f3 la batalla f\u00edsica que le plante\u00f3 Ferrer"},"content":{"rendered":"<div id=\"attachment_158037\" style=\"width: 715px\" class=\"wp-caption aligncenter\"><a href=\"https:\/\/diarioelpopular.com\/wp-content\/uploads\/2012\/01\/04.australia-tenis.jpg\"><img loading=\"lazy\" decoding=\"async\" aria-describedby=\"caption-attachment-158037\" class=\"size-full wp-image-158037\" title=\"04.australia tenis\" src=\"https:\/\/diarioelpopular.com\/wp-content\/uploads\/2012\/01\/04.australia-tenis.jpg\" alt=\"\" width=\"705\" height=\"474\" \/><\/a><p id=\"caption-attachment-158037\" class=\"wp-caption-text\">MELBOURNE (AUSTRALIA).- El tenista espa\u00f1ol David Ferrer (dcha) saluda al serbio Novak Djokovic (izda) tras el partido que enfrent\u00f3 a ambos en el Abierto de Australia en Melbourne, este mi\u00e9rcoles, 25<\/p><\/div>\n<p><em><strong>Melbourne, Australia.-<\/strong><\/em> El n\u00famero uno mundial, el serbio Novak Djokovic logr\u00f3 la clasificaci\u00f3n para las semifinales del Abierto de\u00a0Australia\u00a0tras derrotar este mi\u00e9rcoles a David Ferrer (5), en la dura batalla f\u00edsica que le plante\u00f3 el espa\u00f1ol que, pese a su gran partido, no pudo evitar la derrota por 6-4, 7-6 (4) y 6-1, tras 2 horas y 44 minutos.<\/p>\n<p>El de J\u00e1vea se dej\u00f3 la piel en la pista y oblig\u00f3 al campe\u00f3n del torneo a dar lo mejor de s\u00ed en los dos primeros sets. Un Ferrer siempre al l\u00edmite llev\u00f3 el partido a su terreno, a un descomunal desgaste f\u00edsico, en un duelo en el que el espa\u00f1ol sab\u00eda que habitaban sus \u00fanicas bazas de lograr el triunfo.<\/p>\n<p>Pero la intensidad que imprime el serbio a sus partidos es dif\u00edcilmente soportable por nadie. Djokovic no da tregua, obliga a sus rivales no s\u00f3lo a jugar a la perfecci\u00f3n, sino a tener que hacerlo durante todo el partido.<\/p>\n<p>En los primeros compases del duelo, Djokovic se encontr\u00f3 muy c\u00f3modo al resto y aunque Ferrer fue capaz de salvar seis puntos en sus dos primeros servicios, no pudo m\u00e1s en el tercero y el serbio cobr\u00f3 ventaja.<\/p>\n<p>Curiosamente el espa\u00f1ol comenz\u00f3 a incrementar su nivel de juego. Empez\u00f3 a leer mejor el saque de su rival y a restar de maravilla, impidiendo que Djokovic ganara f\u00e1cilmente sus saques. Plante\u00f3 una dura pelea desde el fondo de la pista. Tras salvar un punto de set, dispuso de punto de rotura para igualar el partido 5-5, aunque no lo consigui\u00f3 y luego el de Belgrado cerr\u00f3 la primera manga.<\/p>\n<p>El segundo set comenz\u00f3 con una nueva rotura del balc\u00e1nico pero de nuevo el esp\u00edritu inquebrantable de Ferrer le llev\u00f3 a mantener firme en la lucha sin cuartel en la que se hab\u00eda convertido el partido.<\/p>\n<p>Ferrer consigui\u00f3 por primera vez romper el saque a Djokovic, quien se quej\u00f3 de unas molestias en la parte posterior de su pierna izquierda en el punto que le costo el servicio, y a continuaci\u00f3n termin\u00f3 de voltear el marcador (3-2).<\/p>\n<p>Djokovic resoplaba en su silla, no disfrutaba en la pista como suele hacer, y es que la exigencia f\u00edsica a la que le estaba obligando Ferrer era considerable. Cuando el vigente campe\u00f3n del torneo comenzaba a mostrar signos de debilidad, Ferrer le dio aire con un ligero baj\u00f3n en su juego, que le cost\u00f3 su saque en el und\u00e9cimo juego, aunque reaccion\u00f3 bravamente para forzar el desempate.<\/p>\n<p>Ferrer llev\u00f3 el mando en el desempate hasta alcanzar el 4-2, pero ante un rival que no le regalaba nada, los tres errores no forzados que cometi\u00f3 le costaron una segunda manga que se antojaba clave para la suerte del partido, como as\u00ed fue finalmente.<\/p>\n<p>Perder el segundo set fue un duro golpe an\u00edmico para el espa\u00f1ol, que cuando se quiso dar cuenta ya hab\u00eda perdido por 6-1 la tercera manga y por a\u00f1adidura el partido.<\/p>\n<p>En semifinales, Djokovic se enfrentar\u00e1 al escoc\u00e9s Andy Murray, en una reedici\u00f3n de la final del pasado a\u00f1o, en la que el serbio conquist\u00f3 su segundo t\u00edtulo en\u00a0Australia.<\/p>\n","protected":false},"excerpt":{"rendered":"<p>Melbourne, Australia.- El n\u00famero uno mundial, el serbio Novak Djokovic logr\u00f3 la clasificaci\u00f3n para las semifinales del Abierto de\u00a0Australia\u00a0tras derrotar este mi\u00e9rcoles a David Ferrer&hellip;<\/p>\n","protected":false},"author":1,"featured_media":158037,"comment_status":"closed","ping_status":"open","sticky":false,"template":"","format":"standard","meta":{"footnotes":""},"categories":[28],"tags":[1068,176],"class_list":["post-158036","post","type-post","status-publish","format-standard","has-post-thumbnail","hentry","category-deportes","tag-australia","tag-tenis"],"_links":{"self":[{"href":"https:\/\/diarioelpopular.com\/index.php\/wp-json\/wp\/v2\/posts\/158036","targetHints":{"allow":["GET"]}}],"collection":[{"href":"https:\/\/diarioelpopular.com\/index.php\/wp-json\/wp\/v2\/posts"}],"about":[{"href":"https:\/\/diarioelpopular.com\/index.php\/wp-json\/wp\/v2\/types\/post"}],"author":[{"embeddable":true,"href":"https:\/\/diarioelpopular.com\/index.php\/wp-json\/wp\/v2\/users\/1"}],"replies":[{"embeddable":true,"href":"https:\/\/diarioelpopular.com\/index.php\/wp-json\/wp\/v2\/comments?post=158036"}],"version-history":[{"count":0,"href":"https:\/\/diarioelpopular.com\/index.php\/wp-json\/wp\/v2\/posts\/158036\/revisions"}],"wp:featuredmedia":[{"embeddable":true,"href":"https:\/\/diarioelpopular.com\/index.php\/wp-json\/"}],"wp:attachment":[{"href":"https:\/\/diarioelpopular.com\/index.php\/wp-json\/wp\/v2\/media?parent=158036"}],"wp:term":[{"taxonomy":"category","embeddable":true,"href":"https:\/\/diarioelpopular.com\/index.php\/wp-json\/wp\/v2\/categories?post=158036"},{"taxonomy":"post_tag","embeddable":true,"href":"https:\/\/diarioelpopular.com\/index.php\/wp-json\/wp\/v2\/tags?post=158036"}],"curies":[{"name":"wp","href":"https:\/\/api.w.org\/{rel}","templated":true}]}}