{"id":15973,"date":"2011-10-26T13:24:07","date_gmt":"2011-10-26T17:24:07","guid":{"rendered":"http:\/\/diarioelpopular.com\/?p=15973"},"modified":"2011-10-26T13:24:07","modified_gmt":"2011-10-26T17:24:07","slug":"notas-del-futbol-hispano-17","status":"publish","type":"post","link":"https:\/\/diarioelpopular.com\/index.php\/2011\/10\/26\/notas-del-futbol-hispano-17\/","title":{"rendered":"Notas del f\u00fatbol hispano"},"content":{"rendered":"<div id=\"attachment_15976\" style=\"width: 310px\" class=\"wp-caption alignright\"><a href=\"https:\/\/diarioelpopular.com\/wp-content\/uploads\/2011\/10\/FOTO-2-NOTAS3.jpg\"><img loading=\"lazy\" decoding=\"async\" aria-describedby=\"caption-attachment-15976\" class=\"size-medium wp-image-15976\" title=\"Ignacio Pisco\" src=\"https:\/\/diarioelpopular.com\/wp-content\/uploads\/2011\/10\/FOTO-2-NOTAS3-300x207.jpg\" alt=\"\" width=\"300\" height=\"207\" \/><\/a><p id=\"caption-attachment-15976\" class=\"wp-caption-text\">El r\u00e9feri Ignacio Pisco, coordinador en Copa Diario El Popular, con los jugadores Angelo \u201cBayron\u201d Espinoza, Yanko Quiroz y Joselo Pisco, que prepara el debut del equipo \u201cRoosvelth Angulo en la Liga Salvadore\u00f1a<\/p><\/div>\n<p>Jos\u00e9 Pisco, formar\u00e1 un nuevo equipo que llevar\u00e1 el nombre de \u201cRoosvelth Angulo\u201d, tremendo jugador de nuestro f\u00fatbol fallecido en meses pasados. De acuerdo a Jos\u00e9, este conjunto intervendr\u00e1 en la Liga Salvadore\u00f1a de Jos\u00e9 Turcios, debutando este s\u00e1bado. En el plantel del nuevo conjunto en homenaje p\u00f3stumo a Roosvelth, intervendr\u00e1n jugadores de amplia experiencia combinado con j\u00f3venes valores del futbol local\u2026<\/p>\n<p>Los r\u00e9feris en la mayor\u00eda de torneos, ha subido sus honorarios a 25 d\u00f3lares por partido, en vista de la inflaci\u00f3n econ\u00f3mica; cuando se jugaba los primeros torneos, los r\u00e9feris sin t\u00edtulo iban gratis, luego ganaban 15 d\u00f3lares, despu\u00e9s se subi\u00f3 a 20 d\u00f3lares. Ignacio Pisco, fue uno de los primeros r\u00e9feris en exigir que se les pague 25 d\u00f3lares por cada partido, a\u00f1os atr\u00e1s. Diversas ligas tienen sus tarifas propias para con r\u00e9feris, inclusive no faltan pagos de 18 d\u00f3lares o menos por juego. Sa\u00fal Varela, por contar con r\u00e9feris con grado Uno, cobran m\u00e1s por juego\u2026\u00a0 La Liga Centro Sur de Sa\u00fal Varela, comienza este s\u00e1bado su pre temporada con numerosos juegos amistosos, despu\u00e9s viene un torneo rel\u00e1mpago entre masters, y el inicio oficial del campeonato de adultos y juveniles\u2026<\/p>\n<div id=\"attachment_15978\" style=\"width: 266px\" class=\"wp-caption alignleft\"><a href=\"https:\/\/diarioelpopular.com\/wp-content\/uploads\/2011\/10\/FOTO-3-NOTAS3.jpg\"><img loading=\"lazy\" decoding=\"async\" aria-describedby=\"caption-attachment-15978\" class=\"size-medium wp-image-15978\" title=\"Wayne de Rosario. Foto: Hugo Vera M\u00e9ndez\" src=\"https:\/\/diarioelpopular.com\/wp-content\/uploads\/2011\/10\/FOTO-3-NOTAS3-256x300.jpg\" alt=\"\" width=\"256\" height=\"300\" \/><\/a><p id=\"caption-attachment-15978\" class=\"wp-caption-text\">Wayne de Rosario, gran delantero canadiense, nuevo goleador del torneo MLS 2011. Foto: Hugo Vera M\u00e9ndez<\/p><\/div>\n<p>Con 16 goles, el delantero canadiense Dwayne De Rosario ha obtenido el Bot\u00edn de Oro Budweiser 2011, galardonado al m\u00e1ximo goleador de la liga al final de la temporada regular. El n\u00famero m\u00e1s alto de goles anotados en una temporada en la carrera de De Rosario lo empatan con el delantero de San Jose Earthquakes Chris Wondolowski por el liderato en la tabla de goleadores en esta temporada. Al igual que en competiciones de la FIFA, la MLS usa asistencias para determinar un solo ganador del Bot\u00edn de Oro Budweiser, De Rosario obtuvo 12 asistencias mientras Wondolowski obtuvo solamente tres. Wondolowski, el ganador del Bot\u00edn de Oro 2010, es el tercer jugador en haber ganador y empatado el liderato en la siguiente temporada. \u00c9l se une a los ex jugadores de la MLS Stern John (lider\u00f3 la tabla de goleadores en 1998 con 26 goles; empat\u00f3 en 1999 con 18) y Carlos Ruiz (lider\u00f3 la tabla de goleadores en el 2002 con 24 goles; empat\u00f3 en 2003 con 15). Este a\u00f1o De Rosario se convirti\u00f3 en el primer jugador en la historia de la MLS en haber anotado para tres diferentes equipos durante una temporada. Como miembro de Toronto FC, De Rosario anot\u00f3 un gol en dos partidos antes de ser intercambiado a New York en donde contribuy\u00f3 dos goles en 13 partidos. Despu\u00e9s de integrase a D.C. United en un intercambio por Dax McCarty el 27 de junio, De Rosario anot\u00f3 13 goles y sum\u00f3 13 asistencias en tan solo 18 partidos. Entre sus 16 goles y 12 asistencias se encuentran dos \u2018hat-tricks\u2019 (contra Toronto FC el 6 de agosto y contra Real Salt Lake el 24 de septiembre), tres goles que definieron triunfos, y cuatro asistencias. De Rosario ha anotado 93 goles en la liga en sus 11 temporadas en la MLS y es el s\u00e9timo goleador hist\u00f3rico de la Liga\u2026<\/p>\n<div id=\"attachment_15981\" style=\"width: 310px\" class=\"wp-caption alignright\"><a href=\"https:\/\/diarioelpopular.com\/wp-content\/uploads\/2011\/10\/FOTO-1-NOTAS3.jpg\"><img loading=\"lazy\" decoding=\"async\" aria-describedby=\"caption-attachment-15981\" class=\"size-medium wp-image-15981\" title=\"Gerson Rivera\" src=\"https:\/\/diarioelpopular.com\/wp-content\/uploads\/2011\/10\/FOTO-1-NOTAS3-300x286.jpg\" alt=\"\" width=\"300\" height=\"286\" \/><\/a><p id=\"caption-attachment-15981\" class=\"wp-caption-text\">Gerson Rivera, que cumple m\u00e1s de 30 a\u00f1os jugando en equipos de Toronto, ahora lo hace en el equipo T&amp;T y Porfirio Leiva, de El Roble, goleador en la pre temporada de la Liga Burocr\u00e1tica en acci\u00f3n<\/p><\/div>\n<p>Toronto FC y New England Revolution cerraron su participaci\u00f3n en la campa\u00f1a 2011 con un empate 2-2 en el BMO Field. New England fue el equipo que le dio la bienvenida a Toronto FC hace ya m\u00e1s de cinco a\u00f1os con una goleada 4-0, en el debut del cuadro torontiano en la MLS. Y el mismo equipo, con diferentes caras, fue el que le arranc\u00f3 un empate en el \u00faltimo partido de la peor temporada del equipo canadiense, y en su propio estadio. Nick Soolsma y Danny Koevermans marcaron para el conjunto canadiense, mientras que Monsef Zerka y Milton Caraglio lo hicieron para el Revolution. De esta manera, ambos clubes culminaron con su accionar en la presente temporada ya que quedaron tempranamente eliminados por la contienda a los Playoffs. Mientras tanto el entrenador Aron Martin, del Toronto FC, ha prometido una mejor campa\u00f1a el pr\u00f3ximo a\u00f1o, aunque a ver si es que sigue, porque en el Toronto FC no hay muchas contemplaciones con los entrenadores que no logran resultados. Martin, tiene un proyecto a futuro de formar jugadores en el nuevo complejo deportivo que el club que viene construyendo en el Hungar con varias canchas e instalaciones para preparar chicos tanto en invierno y verano. Lo cierto que Aron Martin, debe mejorar la defensa del equipo que hace agua por todos lados, e inclusive muchas veces les marcan goles ingenuos. El equipo si bien es cierto mejoro algo a partir de agosto, pero ya era tarde. El holand\u00e9s Danny Koevermans, debe seguir en el equipo rojillo para 2012, demostrando que su estatura y peso, es un hombre goleador dentro del \u00e1rea rival; si fuera m\u00e1s r\u00e1pido no estar\u00eda jugando en Toronto FC, sino en el Real Madrid. Joao Plata, el joven ecuatoriano, es la revelaci\u00f3n del Toronto FC, y seguramente seguir\u00e1 en el conjunto, inclusive ha abierto una puerta para que nuevos jugadores ecuatorianos o sudamericanos se integren al Toronto FC en el futuro. Lo mejor del Toronto FC, es su clasificaci\u00f3n a los octavos de finales del torneo de clubes de la Concachampions, aunque al aficionado m\u00e1s le interesa la clasificaci\u00f3n a los \u201cplay offs\u201d de la MLS, porque desde hace cinco a\u00f1os sigue siendo simplemente una esperanza. Toronto FC gole\u00f3 3-0 al FC Dallas, avanzando a la pr\u00f3xima ronda de la Conchampions, que debe jugarse en los primeros d\u00edas de marzo del 2012, posiblemente ante un equipo mexicano en juegos de ida y vuelta. La gran pregunta en d\u00f3nde Toronto FC jugar\u00e1 como local, seguramente en el Rogers Centre, porque no creo que por las condiciones de clima se juegue en el BMO. Joao Plata, fue el mejor jugador del Toronto ante FC Dallas, inclusive marc\u00f3 2 de los 3 goles y le dio pase al grandote Koevermans, para que marcara su gol. Despu\u00e9s Joao, quiso hacer lo mismo en el reciente juego ante New England, y no le ligo nada\u2026<\/p>\n<div id=\"attachment_15983\" style=\"width: 181px\" class=\"wp-caption alignleft\"><a href=\"https:\/\/diarioelpopular.com\/wp-content\/uploads\/2011\/10\/FOTO-4-NOTAS..jpg\"><img loading=\"lazy\" decoding=\"async\" aria-describedby=\"caption-attachment-15983\" class=\"size-medium wp-image-15983 \" title=\"Gonzalo Higuain \u201cpipita\u201d\" src=\"https:\/\/diarioelpopular.com\/wp-content\/uploads\/2011\/10\/FOTO-4-NOTAS.-214x300.jpg\" alt=\"\" width=\"171\" height=\"240\" \/><\/a><p id=\"caption-attachment-15983\" class=\"wp-caption-text\">Gonzalo Higuain \u201cpipita\u201d, con Ronaldo, actualmente la pareja m\u00e1s goleadora del mundo en el Real Madrid. Foto: Hugo Vera M\u00e9ndez<\/p><\/div>\n<p>Tras finalizar la Semana 32 en la MLS, que culmin\u00f3 con el triunfo 3-1 de Houston sobre Galaxy, quedaron listas las llaves para los Playoffs rumbo a la Copa MLS 2011. El Dynamo asegur\u00f3 con el triunfo cupo directo en la postemporada, y puso el repechaje de la siguiente manera:<\/p>\n<ul>\n<li>Dallas vs. New York Red Bull<\/li>\n<li>Colorado Rapids vs. Columbus Crew<\/li>\n<li>De esta forma, las Semifinales de Conferencia del Este ser\u00e1n:<\/li>\n<li>Sporting Kansas City (primer lugar del Este) vs. ganador de partido de repechaje de mejor ubicaci\u00f3n<\/li>\n<li>Houston Dynamo (segundo del Este) vs. Philadelphia Union (tercero del Este)<\/li>\n<\/ul>\n<p>Mientras que las Semifinales de Conferencia del Oeste:<\/p>\n<ul>\n<li>LA Galaxy (primero del Oeste) vs. ganador de partido de repechaje de menor ubicaci\u00f3n<\/li>\n<li>Seattle Sounders (segundo del Oeste) vs. Real Salt Lake (tercero del Oeste).<\/li>\n<\/ul>\n<p>Los repechajes y \u201cplay offs\u201d ser\u00e1n transmitidos por TSN 2 en Canad\u00e1, comenzando hoy mi\u00e9rcoles con el partido entre Nueva York Redbulls ante FC Dallas, a partir de las 8 de la noche, hasta su final despu\u00e9s de mediados del pr\u00f3ximo mes\u2026<\/p>\n<div id=\"attachment_15986\" style=\"width: 310px\" class=\"wp-caption alignright\"><a href=\"https:\/\/diarioelpopular.com\/wp-content\/uploads\/2011\/10\/FOTO-5-NOTAS3.jpg\"><img loading=\"lazy\" decoding=\"async\" aria-describedby=\"caption-attachment-15986\" class=\"size-medium wp-image-15986\" title=\"El equipo El Roble\" src=\"https:\/\/diarioelpopular.com\/wp-content\/uploads\/2011\/10\/FOTO-5-NOTAS3-300x225.jpg\" alt=\"\" width=\"300\" height=\"225\" \/><\/a><p id=\"caption-attachment-15986\" class=\"wp-caption-text\">El equipo El Roble, con su nuevo plantel de jugadores gust\u00f3 en la fecha de pre temporada en la Liga Burocr\u00e1tica<\/p><\/div>\n<p>\u00d3scar Washington Tab\u00e1rez no est\u00e1 muy tranquilo. Es que el t\u00e9cnico de la selecci\u00f3n uruguaya ha tenido que sufrir la ausencia de tres elementos claves en su equipo para el pr\u00f3ximo duelo de las Clasificatorias ante Chile. A las ya sabidas bajas de Maximiliano Pereira por suspensi\u00f3n y de Diego Forl\u00e1n por lesi\u00f3n, ahora se suma la del volante Walter Gargano, uno que asomaba como reemplazante del sancionado Pereira en el mediocampo charr\u00faa. El jugador del Napoli italiano debi\u00f3 abandonar la cancha este domingo en el duelo ante el Cagliari, en el partido que su equipo empat\u00f3 0 a 0, y seg\u00fan inform\u00f3 el diario Corriere Dello Sport, estar\u00e1 entre tres y cuatro semanas sin jugar. Gargano es fijo en las n\u00f3minas de Tab\u00e1rez y ya suma un cuarto lugar en el Mundial de Sud\u00e1frica 2010 y la Copa Am\u00e9rica de Argentina de este a\u00f1o. Pero as\u00ed como hay ausencias, tambi\u00e9n existen los charr\u00faas que esperan su oportunidad para estar dentro de los citados por el &#8220;Maestro&#8221;. Uno de ellos es el delantero de Jaguares de Chiapas de M\u00e9xico, Jorge Rodr\u00edguez, quien comparte camar\u00edn con el chileno Ismael Fuentes en el cuadro azteca. El &#8220;Japo&#8221; es una de las figuras del l\u00edder del torneo mexicano. Rodr\u00edguez es una de las opciones que baraja el DT oriental para reemplazar a Forl\u00e1n y ya form\u00f3 parte del plantel previo a la disputa del torneo continental de Argentina. &#8220;Siempre sigo a Uruguay. Lo segu\u00ed en la Copa Am\u00e9rica y ahora que empezaron las Eliminatorias tambi\u00e9n. Ac\u00e1 en el equipo est\u00e1 Wilson Graneolatti y el profesor Betolaza y estamos siempre pendientes de lo que pasa en la selecci\u00f3n. Me encantar\u00eda que me volvieran a citar. El sue\u00f1o est\u00e1 intacto. Siempre espero el llamado&#8221;, se\u00f1al\u00f3 al diario <em>El Pa\u00eds<\/em> de Uruguay el jugador\u2026<\/p>\n<div id=\"attachment_15988\" style=\"width: 310px\" class=\"wp-caption alignleft\"><a href=\"https:\/\/diarioelpopular.com\/wp-content\/uploads\/2011\/10\/FOTO-6-NOTAS3.jpg\"><img loading=\"lazy\" decoding=\"async\" aria-describedby=\"caption-attachment-15988\" class=\"size-medium wp-image-15988\" title=\"El equipo infantil Honduras\" src=\"https:\/\/diarioelpopular.com\/wp-content\/uploads\/2011\/10\/FOTO-6-NOTAS3-300x275.jpg\" alt=\"\" width=\"300\" height=\"275\" \/><\/a><p id=\"caption-attachment-15988\" class=\"wp-caption-text\">El equipo infantil Honduras con su entrenador Arnoldo Carranza, fue la revelaci\u00f3n del reciente torneo veraniego de Copa Diario El Popular<\/p><\/div>\n<p>Alexis S\u00e1nchez est\u00e1 cerca de volver a las canchas. La prensa de Barcelona ya palpita su regreso a las canchas e incluso habla que podr\u00eda reaparecer antes jugando por la selecci\u00f3n chilena que por el Barcelona. El chileno volver\u00e1 a trabajar con sus compa\u00f1eros hoy mi\u00e9rcoles, un d\u00eda despu\u00e9s del duelo ante el Granada, y poco a poco ir\u00e1 aumentando sus cargas en cada sesi\u00f3n de recuperaci\u00f3n. As\u00ed, se espera que sea dado de alta en 10 d\u00edas m\u00e1s. Sin embargo, por razones del calendario, el delantero volver\u00eda a jugar con la selecci\u00f3n antes con que con los catalanes. Esto siembra las dudas sobre la convocatoria del chileno para los duelos ante Uruguay y Paraguay del 11 y 15 de noviembre. El t\u00e9cnico Claudio Borghi hab\u00eda se\u00f1alado que no convocar\u00eda al ariete s\u00f3lo s\u00ed jugaba antes en su equipo. Por su parte, Josep Guardiola no puso reparos en un posible llamado de S\u00e1nchez, pero s\u00f3lo pidi\u00f3 que lo &#8220;devuelvan bien&#8221;. El delantero no pisa un campo de juego desde el 10 de septiembre, cuando se lesion\u00f3 en el duelo ante la Real Sociedad en Anoeta, donde sufri\u00f3 una rotura en el b\u00edceps femoral de la pierna derecha\u2026<\/p>\n<div id=\"attachment_15990\" style=\"width: 310px\" class=\"wp-caption alignright\"><a href=\"https:\/\/diarioelpopular.com\/wp-content\/uploads\/2011\/10\/FOTO-7-NOTAS3.jpg\"><img loading=\"lazy\" decoding=\"async\" aria-describedby=\"caption-attachment-15990\" class=\"size-medium wp-image-15990\" title=\"Jorge Andrade y el entrenador Carlos \u201cpana\u201d Ortiz\" src=\"https:\/\/diarioelpopular.com\/wp-content\/uploads\/2011\/10\/FOTO-7-NOTAS3-300x283.jpg\" alt=\"\" width=\"300\" height=\"283\" \/><\/a><p id=\"caption-attachment-15990\" class=\"wp-caption-text\">Jorge Andrade y el entrenador Carlos \u201cpana\u201d Ortiz, del Esmeralda Sporting, siguen ganando varios t\u00edtulos de campe\u00f3n en forma consecutiva<\/p><\/div>\n<p>Neymar pasar\u00e1 a formar parte de la plantilla del Real Madrid la pr\u00f3xima temporada, seg\u00fan anunci\u00f3 &#8220;El Confidencial&#8221;. Al parecer la operaci\u00f3n se habr\u00eda cerrado durante los \u00faltimos d\u00edas de septiembre por un total de 56 millones de euros, habiendo un acuerdo absoluto entre las tres partes: Real Madrid, Santos y el propio jugador. El diario nacional afirm\u00f3 que Neymar ya ha pasado reconocimiento m\u00e9dico con el Madrid, y que su compromiso ser\u00e1 por las pr\u00f3ximas seis temporadas, aunque la llegada del brasile\u00f1o no se producir\u00eda hasta el verano de 2012, tras los Juegos Ol\u00edmpicos de Londres. El delantero podr\u00eda percibir seis millones de euros y el cincuenta por ciento de los derechos de imagen, tal y como pasa con el resto de jugadores de la primera plantilla blanca. Adem\u00e1s, se destac\u00f3 que 5,6 millones de euros del traspaso ir\u00edan a parar al jugador y su padre. La operaci\u00f3n, que no ha sido confirmada oficialmente, habr\u00eda sido muy complicada, sobre todo a ra\u00edz de la intervenci\u00f3n del presidente del FC Barcelona, Sandro Rosell, interes\u00e1ndose por el jugador. De hecho, el rotativo apunta que su aparici\u00f3n en la pugna fue el motivo principal por el que el Real Madrid acabar\u00eda pagando finalmente esa cifra de 56 millones, cuando en verano nunca se habl\u00f3 de sobrepasar los 45 &#8220;kilos&#8221;. El m\u00e1ximo mandatario azulgrana se reuni\u00f3 en diferentes ocasiones con personas relacionadas tanto con el jugador como con el Santos, pero la negativa de Guardiola impidi\u00f3 que Rosell pudiera hacer una ofensiva con todas las de la ley\u2026<\/p>\n<div id=\"attachment_15992\" style=\"width: 310px\" class=\"wp-caption alignleft\"><a href=\"https:\/\/diarioelpopular.com\/wp-content\/uploads\/2011\/10\/FOTO-8-NOTAS3.jpg\"><img loading=\"lazy\" decoding=\"async\" aria-describedby=\"caption-attachment-15992\" class=\"size-medium wp-image-15992\" title=\"Felipe Uculmana y Alberto \u201cpuma\u201d Mat\u00edas\" src=\"https:\/\/diarioelpopular.com\/wp-content\/uploads\/2011\/10\/FOTO-8-NOTAS3-e1319648124658-300x157.jpg\" alt=\"\" width=\"300\" height=\"157\" \/><\/a><p id=\"caption-attachment-15992\" class=\"wp-caption-text\">Felipe Uculmana y Alberto \u201cpuma\u201d Mat\u00edas, ex zagueros de los equipos profesionales peruanos: Sporting Cristal y Atl\u00e9tico Chalaco, se lucieron en la selecci\u00f3n peruana masters en la temporada de verano, y ahora varios equipos los desean registrar para los nuevos torneos invernales<\/p><\/div>\n<p>Yanko Quiroz, despu\u00e9s de ganar dos t\u00edtulos invicto con el Esmeralda Sporting, espera conseguir otro t\u00edtulo en nuevo torneo invernal con el equipo de Jorge Andrade y su entrenador Carlos \u201cpana\u201d Ortiz con su asesor \u201cWantu\u201d Rugel\u2026<\/p>\n<p>Carlos Brizuela, no tiene coordinador de r\u00e9feris en el torneo de la Liga Burocr\u00e1tica, m\u00e1s su gran colaborador sigue siendo Jimmy Suarez, mientras Alfredo Oyague, coordinador de la Liga Salvadore\u00f1a, pita frecuentemente en esta liga, adem\u00e1s de los debutantes como el joven Eduardo Suarez, que no tiene ning\u00fan parentesco con Jimmy, salvo que son tocayos de apellido\u2026<\/p>\n<p>Hasta la pr\u00f3xima\u2026<\/p>\n","protected":false},"excerpt":{"rendered":"<p>Jos\u00e9 Pisco, formar\u00e1 un nuevo equipo que llevar\u00e1 el nombre de \u201cRoosvelth Angulo\u201d, tremendo jugador de nuestro f\u00fatbol fallecido en meses pasados. De acuerdo a&hellip;<\/p>\n","protected":false},"author":1,"featured_media":15998,"comment_status":"closed","ping_status":"open","sticky":false,"template":"","format":"standard","meta":{"footnotes":""},"categories":[28],"tags":[657],"class_list":["post-15973","post","type-post","status-publish","format-standard","has-post-thumbnail","hentry","category-deportes","tag-futbol-hispano"],"_links":{"self":[{"href":"https:\/\/diarioelpopular.com\/index.php\/wp-json\/wp\/v2\/posts\/15973","targetHints":{"allow":["GET"]}}],"collection":[{"href":"https:\/\/diarioelpopular.com\/index.php\/wp-json\/wp\/v2\/posts"}],"about":[{"href":"https:\/\/diarioelpopular.com\/index.php\/wp-json\/wp\/v2\/types\/post"}],"author":[{"embeddable":true,"href":"https:\/\/diarioelpopular.com\/index.php\/wp-json\/wp\/v2\/users\/1"}],"replies":[{"embeddable":true,"href":"https:\/\/diarioelpopular.com\/index.php\/wp-json\/wp\/v2\/comments?post=15973"}],"version-history":[{"count":0,"href":"https:\/\/diarioelpopular.com\/index.php\/wp-json\/wp\/v2\/posts\/15973\/revisions"}],"wp:featuredmedia":[{"embeddable":true,"href":"https:\/\/diarioelpopular.com\/index.php\/wp-json\/"}],"wp:attachment":[{"href":"https:\/\/diarioelpopular.com\/index.php\/wp-json\/wp\/v2\/media?parent=15973"}],"wp:term":[{"taxonomy":"category","embeddable":true,"href":"https:\/\/diarioelpopular.com\/index.php\/wp-json\/wp\/v2\/categories?post=15973"},{"taxonomy":"post_tag","embeddable":true,"href":"https:\/\/diarioelpopular.com\/index.php\/wp-json\/wp\/v2\/tags?post=15973"}],"curies":[{"name":"wp","href":"https:\/\/api.w.org\/{rel}","templated":true}]}}