{"id":16019,"date":"2011-10-26T22:46:27","date_gmt":"2011-10-27T02:46:27","guid":{"rendered":"http:\/\/diarioelpopular.com\/?p=16019"},"modified":"2011-10-26T22:46:27","modified_gmt":"2011-10-27T02:46:27","slug":"500-despidos-en-el-departamento-para-veteranos","status":"publish","type":"post","link":"https:\/\/diarioelpopular.com\/index.php\/2011\/10\/26\/500-despidos-en-el-departamento-para-veteranos\/","title":{"rendered":"500 despidos en el Departamento para Veteranos"},"content":{"rendered":"<div id=\"attachment_16020\" style=\"width: 710px\" class=\"wp-caption aligncenter\"><a href=\"https:\/\/diarioelpopular.com\/wp-content\/uploads\/2011\/10\/Veteranos-de-guerra-canadienses.jpg\"><img loading=\"lazy\" decoding=\"async\" aria-describedby=\"caption-attachment-16020\" class=\"size-full wp-image-16020\" title=\"Veteranos de guerra canadienses\" src=\"https:\/\/diarioelpopular.com\/wp-content\/uploads\/2011\/10\/Veteranos-de-guerra-canadienses.jpg\" alt=\"\" width=\"700\" height=\"420\" \/><\/a><p id=\"caption-attachment-16020\" class=\"wp-caption-text\">Marcha de veteranos en el D\u00eda del Recuerdo, en Victoria, Columbia Brit\u00e1nica. Foto: WireLizard \/ Flickr<\/p><\/div>\n<p><em><strong>El Popular. Ottawa.-<\/strong><\/em> El Departamento Canadiense para Veteranos de Guerra va a eliminar 500 puestos de trabajo en los pr\u00f3ximos a\u00f1os, seg\u00fan confirm\u00f3 este mi\u00e9rcoles un comit\u00e9 de la C\u00e1mara de los Comunes, despu\u00e9s de que funcionarios de alto rango afirmaran que se debe recortar 226 millones de d\u00f3lares del presupuesto previsto.<\/p>\n<p>Keith Hiller, el viceministro adjunto del Departamento Canadiense para Veteranos de Guerra, dijo a todos los partidos pol\u00edticos que forman parte del comit\u00e9 de veteranos de guerra que la reducci\u00f3n de empleos se llevar\u00e1 a cabo &#8220;de la forma menos dolorosa posible&#8221;.<\/p>\n<p>La semana pasada se dieron a conocer informes de Charlottetown, donde se encuentra la mayor parte de la plantilla del departamento, y donde por lo menos se va a despedir a 800 de los 2.200 empleados.<\/p>\n<p>\u201cEn los pr\u00f3ximos cinco a\u00f1os habr\u00e1 una transformaci\u00f3n\u201d, en la que se pretende que el departamento sea \u201cm\u00e1s peque\u00f1o\u201d, dijo Hillier, quien proporcion\u00f3 la primera confirmaci\u00f3n oficial de los despidos.<\/p>\n<p>Aproximadamente el 30% del Departamento Canadiense para Veteranos de Guerra est\u00e1 en condiciones de jubilarse en los pr\u00f3ximos a\u00f1os y, \u201cpor lo consiguiente creemos que podemos gestionar este cambio a trav\u00e9s del desgaste y una buena planificaci\u00f3n de los recursos humanos y de la dotaci\u00f3n de personal\u201d, afirm\u00f3 Hillier.<\/p>\n<p>El ministro del departamento, Steven Blaney, habl\u00f3 en t\u00e9rminos generales afirmando que el gobierno estaba tratando de reducir el \u201cpapeleo\u201d para los ex soldados y miembros de la RCMP que solicitasen beneficios.<\/p>\n<p>Hillier dijo que el departamento se est\u00e1 moviendo m\u00e1s hacia el uso de registros electr\u00f3nicos, algo que va a mejorar la eficiencia. Asimismo, tambi\u00e9n se justific\u00f3 la reducci\u00f3n del presupuesto general alegando que el n\u00famero de veteranos de la Segunda Guerra Mundial y la Guerra de Corea est\u00e1 disminuyendo. No obstante, los cr\u00edticos sostienen que el n\u00famero de nuevos veteranos compensa a los que fallecen.<\/p>\n<p>Cada mes mueren, aproximadamente, 1.500 veteranos de guerra. \u201cEl departamento se encuentra en una encrucijada hist\u00f3rica\u201d, confes\u00f3 Hillier, ya que las necesidades y la demografaa \u201cde aquellos a quienes servimos est\u00e1 cambiando de forma espectacular\u201d.<\/p>\n<p>El departamento ha recibido la orden de reducir a\u00fan m\u00e1s su presupuesto, entre un 5 y un 10%, como parte de la revisi\u00f3n del programa del gobierno de Harper. Un ejercicio que seg\u00fan Hillier ya ha terminado y que va a ser revisado por la Junta del Tesoro.<\/p>\n<p>La Royal Canadian Legion se opone a los recortes de revisi\u00f3n del programa y argument\u00f3 que el departamento deber\u00eda estar exento como sucede en el plan de recortes de los gobiernos de Estados Unidos y Gran Breta\u00f1a. El defensor del pueblo para los veteranos, Guy Parent, declar\u00f3 la semana pasada a la misma comisi\u00f3n que un n\u00famero m\u00e1s peque\u00f1o de veteranos no debe ser la excusa para recortar el presupuesto general.<\/p>\n<p>Hillier insisti\u00f3 en que los beneficios y servicios individuales que se ofrecen a los veteranos no van a sufrir ning\u00fan recorte, y que los documentos presupuestarios que describen la reducci\u00f3n general en el presupuesto del departamento, de 2,4 millones, todav\u00eda no son una decisi\u00f3n definitiva.<\/p>\n","protected":false},"excerpt":{"rendered":"<p>El Departamento Canadiense para Veteranos de Guerra va a eliminar 500 puestos de trabajo en los pr\u00f3ximos a\u00f1os, seg\u00fan confirm\u00f3 este mi\u00e9rcoles un comit\u00e9 de la C\u00e1mara de los Comunes, despu\u00e9s de que funcionarios de alto rango afirmaran que se debe recortar 226 millones de d\u00f3lares del presupuesto previsto.<\/p>\n","protected":false},"author":1,"featured_media":16020,"comment_status":"closed","ping_status":"open","sticky":false,"template":"","format":"standard","meta":{"footnotes":""},"categories":[21],"tags":[959,1970],"class_list":["post-16019","post","type-post","status-publish","format-standard","has-post-thumbnail","hentry","category-canada","tag-despidos","tag-veteranos"],"_links":{"self":[{"href":"https:\/\/diarioelpopular.com\/index.php\/wp-json\/wp\/v2\/posts\/16019","targetHints":{"allow":["GET"]}}],"collection":[{"href":"https:\/\/diarioelpopular.com\/index.php\/wp-json\/wp\/v2\/posts"}],"about":[{"href":"https:\/\/diarioelpopular.com\/index.php\/wp-json\/wp\/v2\/types\/post"}],"author":[{"embeddable":true,"href":"https:\/\/diarioelpopular.com\/index.php\/wp-json\/wp\/v2\/users\/1"}],"replies":[{"embeddable":true,"href":"https:\/\/diarioelpopular.com\/index.php\/wp-json\/wp\/v2\/comments?post=16019"}],"version-history":[{"count":0,"href":"https:\/\/diarioelpopular.com\/index.php\/wp-json\/wp\/v2\/posts\/16019\/revisions"}],"wp:featuredmedia":[{"embeddable":true,"href":"https:\/\/diarioelpopular.com\/index.php\/wp-json\/"}],"wp:attachment":[{"href":"https:\/\/diarioelpopular.com\/index.php\/wp-json\/wp\/v2\/media?parent=16019"}],"wp:term":[{"taxonomy":"category","embeddable":true,"href":"https:\/\/diarioelpopular.com\/index.php\/wp-json\/wp\/v2\/categories?post=16019"},{"taxonomy":"post_tag","embeddable":true,"href":"https:\/\/diarioelpopular.com\/index.php\/wp-json\/wp\/v2\/tags?post=16019"}],"curies":[{"name":"wp","href":"https:\/\/api.w.org\/{rel}","templated":true}]}}