{"id":160330,"date":"2012-01-31T23:56:40","date_gmt":"2012-02-01T04:56:40","guid":{"rendered":"http:\/\/diarioelpopular.com\/?p=160330"},"modified":"2012-01-31T23:56:40","modified_gmt":"2012-02-01T04:56:40","slug":"valencia-y-barca-necesitan-de-su-imagen-copera-para-avanzar-hacia-la-final","status":"publish","type":"post","link":"https:\/\/diarioelpopular.com\/index.php\/2012\/01\/31\/valencia-y-barca-necesitan-de-su-imagen-copera-para-avanzar-hacia-la-final\/","title":{"rendered":"Valencia y Bar\u00e7a buscan su imagen copera en las semifinales"},"content":{"rendered":"<div id=\"attachment_160331\" style=\"width: 715px\" class=\"wp-caption aligncenter\"><a href=\"https:\/\/diarioelpopular.com\/wp-content\/uploads\/2012\/01\/ok.web_.valencia.jpg\"><img loading=\"lazy\" decoding=\"async\" aria-describedby=\"caption-attachment-160331\" class=\"size-full wp-image-160331\" title=\"ok.web.valencia\" src=\"https:\/\/diarioelpopular.com\/wp-content\/uploads\/2012\/01\/ok.web_.valencia.jpg\" alt=\"\" width=\"705\" height=\"498\" \/><\/a><p id=\"caption-attachment-160331\" class=\"wp-caption-text\">VALENCIA.- El entrenador del Valencia, Unai Emery, durante la rueda de prensa que ofreci\u00f3 previa al partido de ida de las semifinales de la Copa del Rey que jugar\u00e1n ante el Barcelona, hoy en Mestalla.<\/p><\/div>\n<p><strong><em>Efe. Valencia\u00a0(Espa\u00f1a).-<\/em><\/strong>\u00a0Valencia\u00a0y Barcelona se miden este mi\u00e9rcoles, en la ida de las semifinales de la Copa del Rey con la necesidad de mostrar en Mestalla la imagen que han ofrecido en este torneo y no en la Liga y cobrar ventaja en el primer asalto de la eliminatoria que decidir\u00e1 uno de los finalistas.<\/p>\n<div id=\"texto\">\n<p>El\u00a0Valencia\u00a0ha llegado a la semifinal tras superar al Sevilla y al Levante, mientras que el Barcelona ha eliminado a Osasuna y al l\u00edder y vigente campe\u00f3n copero Real Madrid. Pero afrontan la eliminatoria con la necesidad de mostrar la efectividad en este torneo y no las dudas que \u00faltimamente afloran en unos y otros en Liga.La expectaci\u00f3n en torno al partido es m\u00e1xima en\u00a0Valencia, por lo que Mestalla registrar\u00e1 una gran entrada. Precisamente las dudas del Barcelona han despertado la ilusi\u00f3n en el valencianismo, a pesar del potencial del rival.<\/p>\n<p>Para este encuentro, el t\u00e9cnico del\u00a0Valencia, Unai Emery, recupera a David Albelda, que no jug\u00f3 el domingo en Santander por sanci\u00f3n, y espera contar tambi\u00e9n con Adil Rami. Pablo Hern\u00e1ndez ha vuelto a los entrenamiento tras haber tenido problemas f\u00edsicos en los \u00faltimos d\u00edas.<\/p>\n<p>Se mantiene la duda del portugu\u00e9s Miguel Brito, tambi\u00e9n con problemas musculares, al igual que ocurre con el argentino \u00c9ver Banega, que se retir\u00f3 el domingo en Santander con un golpe en el muslo.<\/p>\n<p>Adem\u00e1s, el turco Mehmet Topal regres\u00f3 el lunes de la capital c\u00e1ntabra tras haber pasado la noche hospitalizado por un golpe en la cabeza, pero tiene pocas opciones de estar en el partido. En cambio, el delantero vasco Aritz Aduriz, que tambi\u00e9n recibi\u00f3 un golpe en la cabeza, estar\u00e1 en condiciones de afrontar el duelo.<\/p>\n<p>El Barcelona deber\u00e1 hacer acopio de esfuerzo, ya que se ha quedado con las balas justas en la rec\u00e1mara para armar un equipo competitivo.<\/p>\n<p>No pierde la fe de mantenerse vivo en todas las competiciones, pero despu\u00e9s del esfuerzo contra el Real Madrid a dos partidos en los cuartos, le llega este doble enfrentamiento contra el\u00a0Valencia\u00a0con una plantilla muy ajustada debido a las bajas por lesi\u00f3n.<\/p>\n<p>No aflojar\u00e1 el equipo catal\u00e1n en el empe\u00f1o de ser competitivo en cada partido y en todas las competiciones, pero empieza a vislumbrar que estar al m\u00e1ximo en todos los escenarios le est\u00e1 empezando a pasar factura. Jugadores tan importantes en otras temporadas como Iniesta y Pedro siguen sin estar disponibles, mientras que la ausencia de Villa empieza a notarse en demas\u00eda.<\/p>\n<p>Para el encuentro de ma\u00f1ana, Pinto volver\u00e1 a estar entre los palos, mientras que en defensa el estado de Piqu\u00e9 marcar\u00e1 la elecci\u00f3n de centrales que haga Josep Guardiola, despu\u00e9s de que el catal\u00e1n debiese abandonar el partido del s\u00e1bado contra el Villarreal.<\/p>\n<p>M\u00e1s complicado ser\u00e1 para Guardiola confeccionar el ataque, debido al estado en que se encuentre Alexis, infiltrado el fin de semana, y duda en el once.<\/p>\n<p><strong>Alineaciones probables y ficha t\u00e9cnica:<\/strong><\/p>\n<ul>\n<li><strong>Valencia:<\/strong> Diego Alves; Barrag\u00e1n o Miguel, Rami, V\u00edctor Ruiz, Jordi Alba, Albelda, Tino Costa, Feghouli, Jonas, Mathieu, Soldado.<\/li>\n<li><strong>Barcelona:<\/strong> Pinto; Alves, Puyol, Mascherano, Abidal; Xavi, Busquets, F\u00e0bregas, Thiago, Adriano; Messi.<\/li>\n<li><strong>\u00c1rbitro:<\/strong> Gonz\u00e1lez Gonz\u00e1lez (colegio gallego)<\/li>\n<li><strong>Estadio:<\/strong> Mestalla.<\/li>\n<li><strong>Hora:<\/strong> 21.00 hora local (20.00 gmt).<\/li>\n<\/ul>\n<\/div>\n","protected":false},"excerpt":{"rendered":"<p>Valencia y Barcelona se miden este mi\u00e9rcoles, en la ida de las semifinales de la Copa del Rey con la necesidad de mostrar en Mestalla la imagen que han ofrecido en este torneo y no en la Liga y cobrar ventaja en el primer asalto de la eliminatoria que decidir\u00e1 uno de los finalistas.<\/p>\n","protected":false},"author":1,"featured_media":161124,"comment_status":"closed","ping_status":"open","sticky":false,"template":"","format":"standard","meta":{"footnotes":""},"categories":[28],"tags":[759,179,1252],"class_list":["post-160330","post","type-post","status-publish","format-standard","has-post-thumbnail","hentry","category-deportes","tag-copa-del-rey","tag-futbol-2","tag-valencia"],"_links":{"self":[{"href":"https:\/\/diarioelpopular.com\/index.php\/wp-json\/wp\/v2\/posts\/160330","targetHints":{"allow":["GET"]}}],"collection":[{"href":"https:\/\/diarioelpopular.com\/index.php\/wp-json\/wp\/v2\/posts"}],"about":[{"href":"https:\/\/diarioelpopular.com\/index.php\/wp-json\/wp\/v2\/types\/post"}],"author":[{"embeddable":true,"href":"https:\/\/diarioelpopular.com\/index.php\/wp-json\/wp\/v2\/users\/1"}],"replies":[{"embeddable":true,"href":"https:\/\/diarioelpopular.com\/index.php\/wp-json\/wp\/v2\/comments?post=160330"}],"version-history":[{"count":0,"href":"https:\/\/diarioelpopular.com\/index.php\/wp-json\/wp\/v2\/posts\/160330\/revisions"}],"wp:featuredmedia":[{"embeddable":true,"href":"https:\/\/diarioelpopular.com\/index.php\/wp-json\/"}],"wp:attachment":[{"href":"https:\/\/diarioelpopular.com\/index.php\/wp-json\/wp\/v2\/media?parent=160330"}],"wp:term":[{"taxonomy":"category","embeddable":true,"href":"https:\/\/diarioelpopular.com\/index.php\/wp-json\/wp\/v2\/categories?post=160330"},{"taxonomy":"post_tag","embeddable":true,"href":"https:\/\/diarioelpopular.com\/index.php\/wp-json\/wp\/v2\/tags?post=160330"}],"curies":[{"name":"wp","href":"https:\/\/api.w.org\/{rel}","templated":true}]}}