{"id":16145,"date":"2011-10-27T21:45:46","date_gmt":"2011-10-28T01:45:46","guid":{"rendered":"http:\/\/diarioelpopular.com\/?p=16145"},"modified":"2011-10-27T21:45:46","modified_gmt":"2011-10-28T01:45:46","slug":"campana-para-ayudar-a-las-victimas-de-turquia","status":"publish","type":"post","link":"https:\/\/diarioelpopular.com\/index.php\/2011\/10\/27\/campana-para-ayudar-a-las-victimas-de-turquia\/","title":{"rendered":"Campa\u00f1a para ayudar a las v\u00edctimas de Turqu\u00eda"},"content":{"rendered":"<div id=\"attachment_16146\" style=\"width: 710px\" class=\"wp-caption aligncenter\"><a href=\"https:\/\/diarioelpopular.com\/wp-content\/uploads\/2011\/10\/Campa%C3%B1a-de-Cruz-Roja-de-Canad%C3%A1.jpeg\"><img loading=\"lazy\" decoding=\"async\" aria-describedby=\"caption-attachment-16146\" class=\"size-full wp-image-16146\" title=\"Campa\u00f1a de Cruz Roja de Canad\u00e1\" src=\"https:\/\/diarioelpopular.com\/wp-content\/uploads\/2011\/10\/Campa%C3%B1a-de-Cruz-Roja-de-Canad%C3%A1.jpeg\" alt=\"\" width=\"700\" height=\"420\" \/><\/a><p id=\"caption-attachment-16146\" class=\"wp-caption-text\">Cruz Roja de Canad\u00e1 trabajar\u00e1 en apoyo de la Media Luna Roja turca<\/p><\/div>\n<p><em><strong>El Popular. Toronto.-<\/strong><\/em> <a href=\"http:\/\/www.redcross.ca\/article.asp?id=5&amp;tid=003\" target=\"_blank\">Cruz Roja de Canad\u00e1<\/a> ha puesto en marcha una campa\u00f1a para recaudar fondos, con el fin de ayudar a las decenas de miles de personas que se quedaron sin hogar por culpa del terremoto de magnitud 7,2 que sufri\u00f3 esta semana Turqu\u00eda.<\/p>\n<p>Seg\u00fan las \u00faltimas evaluaciones, m\u00e1s de 2.300 personas resultaron heridas y m\u00e1s de 2.000 viviendas quedaron da\u00f1adas, dejando a decenas de miles de personas en necesidad urgente de asistencia humanitaria.<\/p>\n<p>\u201cEstamos muy preocupados por la supervivencia de la gente, sobre todo por las temperaturas fr\u00edas durante la noche\u201d, dijo Conrad Sauv\u00e9, secretario general y consejero delegado de la Cruz Roja Canadiense. \u201cEl abastecimiento r\u00e1pido de mantas y tiendas de campa\u00f1a es especialmente cr\u00edtico en una situaci\u00f3n de desastre como esta\u201d, se\u00f1al\u00f3 Sauv\u00e9.<\/p>\n<p>La Cruz Roja Canadiense lanz\u00f3 una campa\u00f1a de recaudaci\u00f3n de fondos en apoyo de su hom\u00f3logo en Turqu\u00eda, la Media Luna Roja turca, y se mantiene en alerta para movilizar r\u00e1pidamente los elementos de ayuda de emergencia y expertos en desastres si la situaci\u00f3n lo requiere. \u201cAplaudimos el trabajo de la Media Luna Roja de Turqu\u00eda en sus continuos esfuerzos en proporcionar asistencia para salvar vidas, apoyo y esperanza a los afectados por este desastre\u201d, declar\u00f3 Sauv\u00e9.<\/p>\n<p>Las necesidades en asistencia humanitaria en Turqu\u00eda son importantes, por lo que Cruz Roja de Canad\u00e1 pide a los ciudadanos del pa\u00eds que se animen a donar para ayudar a los afectados a la cat\u00e1strofe natural. En Turqu\u00eda se han movilizado equipos de respuesta en desastre y suministros, los cuales han repartido m\u00e1s de 2.000 tiendas de campa\u00f1a, 7.500 mantas, 100 estufas, pan y agua.<\/p>\n<p>Tambi\u00e9n se han creado comedores sociales para ayudar a repartir alimentos a aquellos que han perdido sus hogares o que no est\u00e1n dispuestos a volver a ellos por el posible riesgo de derrumbe, o por futuras r\u00e9plicas. Asimismo, los equipos de voluntarios locales han puesto en marcha dos campamentos de tiendas de campa\u00f1a para apoyar a 260 familias desplazadas.<\/p>\n<p>La cifra de v\u00edctimas del se\u00edsmo del domingo pasado en la provincia de Van ascienden a 534 muertos y 2.300 heridos, seg\u00fan el \u00faltimo balance oficial publicado este jueves, d\u00eda en el que empez\u00f3 a nevar en la zona afectada, complicando las laborales de rescate. Por otro lado, se ha conseguido rescatar con vida a 186 personas.<\/p>\n<p><strong>Donaciones:<\/strong><\/p>\n<ul>\n<li><a href=\"http:\/\/www.redcross.ca\" target=\"_blank\">www.redcross.ca<\/a><\/li>\n<li>Tel\u00e9fono 1-800-418-1111<\/li>\n<li>Oficinas locales de Canadian Red Cross<\/li>\n<\/ul>\n","protected":false},"excerpt":{"rendered":"<p>Cruz Roja de Canad\u00e1 ha puesto en marcha una campa\u00f1a para recaudar fondos para las decenas de miles de personas que se quedaron sin hogar por culpa del terremoto de magnitud 7,2 que sufri\u00f3 esta semana Turqu\u00eda.<br \/>\n<a href=\"http:\/\/diarioelpopular.com\/2011\/10\/ya-hay-534-muertos-por-el-seismo-de-turquia\/\"><span style=\"color: #000D54\">\u00bb Ya hay 534 muertos por el se\u00edsmo de Turqu\u00eda<\/span><\/a><br \/>\n<a href=\"http:\/\/diarioelpopular.com\/2011\/10\/ya-hay-534-muertos-por-el-seismo-de-turquia\/#rescatado\"><span style=\"color: #000D54\"><strong>\u00bb Rescatado tras pasar 91 horas bajo los escombros<\/strong><\/span><\/a><\/p>\n","protected":false},"author":1,"featured_media":16146,"comment_status":"closed","ping_status":"open","sticky":false,"template":"","format":"standard","meta":{"footnotes":""},"categories":[21],"tags":[8374,2014,1427,680,6257],"class_list":["post-16145","post","type-post","status-publish","format-standard","has-post-thumbnail","hentry","category-canada","tag-canadian-red-cross","tag-cruz-roja","tag-seismo","tag-terremoto","tag-turquia"],"_links":{"self":[{"href":"https:\/\/diarioelpopular.com\/index.php\/wp-json\/wp\/v2\/posts\/16145","targetHints":{"allow":["GET"]}}],"collection":[{"href":"https:\/\/diarioelpopular.com\/index.php\/wp-json\/wp\/v2\/posts"}],"about":[{"href":"https:\/\/diarioelpopular.com\/index.php\/wp-json\/wp\/v2\/types\/post"}],"author":[{"embeddable":true,"href":"https:\/\/diarioelpopular.com\/index.php\/wp-json\/wp\/v2\/users\/1"}],"replies":[{"embeddable":true,"href":"https:\/\/diarioelpopular.com\/index.php\/wp-json\/wp\/v2\/comments?post=16145"}],"version-history":[{"count":0,"href":"https:\/\/diarioelpopular.com\/index.php\/wp-json\/wp\/v2\/posts\/16145\/revisions"}],"wp:featuredmedia":[{"embeddable":true,"href":"https:\/\/diarioelpopular.com\/index.php\/wp-json\/"}],"wp:attachment":[{"href":"https:\/\/diarioelpopular.com\/index.php\/wp-json\/wp\/v2\/media?parent=16145"}],"wp:term":[{"taxonomy":"category","embeddable":true,"href":"https:\/\/diarioelpopular.com\/index.php\/wp-json\/wp\/v2\/categories?post=16145"},{"taxonomy":"post_tag","embeddable":true,"href":"https:\/\/diarioelpopular.com\/index.php\/wp-json\/wp\/v2\/tags?post=16145"}],"curies":[{"name":"wp","href":"https:\/\/api.w.org\/{rel}","templated":true}]}}