{"id":16175,"date":"2011-10-27T22:31:37","date_gmt":"2011-10-28T02:31:37","guid":{"rendered":"http:\/\/diarioelpopular.com\/?p=16175"},"modified":"2011-10-27T22:31:37","modified_gmt":"2011-10-28T02:31:37","slug":"david-milgaard-acusado-de-asalto-en-una-disputa-domestica","status":"publish","type":"post","link":"https:\/\/diarioelpopular.com\/index.php\/2011\/10\/27\/david-milgaard-acusado-de-asalto-en-una-disputa-domestica\/","title":{"rendered":"David Milgaard, acusado de asalto en una disputa dom\u00e9stica"},"content":{"rendered":"<div id=\"attachment_16176\" style=\"width: 310px\" class=\"wp-caption alignright\"><a href=\"https:\/\/diarioelpopular.com\/wp-content\/uploads\/2011\/10\/David-Milgaard.jpg\"><img loading=\"lazy\" decoding=\"async\" aria-describedby=\"caption-attachment-16176\" class=\"size-full wp-image-16176\" title=\"David Milgaard\" src=\"https:\/\/diarioelpopular.com\/wp-content\/uploads\/2011\/10\/David-Milgaard.jpg\" alt=\"\" width=\"300\" height=\"180\" \/><\/a><p id=\"caption-attachment-16176\" class=\"wp-caption-text\">David Milgaard<\/p><\/div>\n<p><em><strong>El Popular. Redacci\u00f3n.-<\/strong><\/em> <a href=\"http:\/\/en.wikipedia.org\/wiki\/David_Milgaard\" target=\"_blank\">David Milgaard<\/a>, que pas\u00f3 23 a\u00f1os en prisi\u00f3n por un asesinato que no cometi\u00f3, se enfrenta a cargos relacionados con un presunto asalto dom\u00e9stico en Calgary.<\/p>\n<p>La polic\u00eda de esta ciudad inform\u00f3 de que el 911 recibi\u00f3 el mi\u00e9rcoles por la ma\u00f1ana una llamada en la que se daba aviso de una pelea dom\u00e9stica en casa del acusado. Milgaard, que est\u00e1 casado y es padre de dos hijos, fue puesto bajo custodia policial y acusado despu\u00e9s de asalto, asalto con arma y amenazas. M\u00e1s tarde fue puesto en libertad bajo su responsabilidad, y deber\u00e1 comparecer ante un tribunal el pr\u00f3ximo 3 de noviembre. La Polic\u00eda indic\u00f3 que nadie necesit\u00f3 atenci\u00f3n m\u00e9dica como consecuencia del incidente.<\/p>\n<p>El abogado de Milgaard, Hersh Wolch, dijo a CTV Calgary que el incidente es un asunto privado y calific\u00f3 de \u201cdesafortunado\u201d el hecho de que hubiese merecido la atenci\u00f3n del p\u00fablico. \u201cTanto el se\u00f1or Milgaard como su esposa consideran que se trata de un asunto privado, y est\u00e1n muy molestos por que se haya convertido en una cuesti\u00f3n p\u00fablica\u201d, a\u00f1adi\u00f3.<\/p>\n","protected":false},"excerpt":{"rendered":"<p>David Milgaard, que pas\u00f3 23 a\u00f1os en prisi\u00f3n por un asesinato que no cometi\u00f3, se enfrenta a cargos relacionados con un presunto asalto dom\u00e9stico en Calgary. <\/p>\n","protected":false},"author":1,"featured_media":16176,"comment_status":"closed","ping_status":"open","sticky":false,"template":"","format":"standard","meta":{"footnotes":""},"categories":[21],"tags":[833,8376],"class_list":["post-16175","post","type-post","status-publish","format-standard","has-post-thumbnail","hentry","category-canada","tag-calgary","tag-david-milgaard"],"_links":{"self":[{"href":"https:\/\/diarioelpopular.com\/index.php\/wp-json\/wp\/v2\/posts\/16175","targetHints":{"allow":["GET"]}}],"collection":[{"href":"https:\/\/diarioelpopular.com\/index.php\/wp-json\/wp\/v2\/posts"}],"about":[{"href":"https:\/\/diarioelpopular.com\/index.php\/wp-json\/wp\/v2\/types\/post"}],"author":[{"embeddable":true,"href":"https:\/\/diarioelpopular.com\/index.php\/wp-json\/wp\/v2\/users\/1"}],"replies":[{"embeddable":true,"href":"https:\/\/diarioelpopular.com\/index.php\/wp-json\/wp\/v2\/comments?post=16175"}],"version-history":[{"count":0,"href":"https:\/\/diarioelpopular.com\/index.php\/wp-json\/wp\/v2\/posts\/16175\/revisions"}],"wp:featuredmedia":[{"embeddable":true,"href":"https:\/\/diarioelpopular.com\/index.php\/wp-json\/"}],"wp:attachment":[{"href":"https:\/\/diarioelpopular.com\/index.php\/wp-json\/wp\/v2\/media?parent=16175"}],"wp:term":[{"taxonomy":"category","embeddable":true,"href":"https:\/\/diarioelpopular.com\/index.php\/wp-json\/wp\/v2\/categories?post=16175"},{"taxonomy":"post_tag","embeddable":true,"href":"https:\/\/diarioelpopular.com\/index.php\/wp-json\/wp\/v2\/tags?post=16175"}],"curies":[{"name":"wp","href":"https:\/\/api.w.org\/{rel}","templated":true}]}}