{"id":16184,"date":"2011-10-27T23:03:30","date_gmt":"2011-10-28T03:03:30","guid":{"rendered":"http:\/\/diarioelpopular.com\/?p=16184"},"modified":"2011-10-27T23:03:30","modified_gmt":"2011-10-28T03:03:30","slug":"bell-logra-los-derechos-del-mundial-de-futbol-2018","status":"publish","type":"post","link":"https:\/\/diarioelpopular.com\/index.php\/2011\/10\/27\/bell-logra-los-derechos-del-mundial-de-futbol-2018\/","title":{"rendered":"Bell logra los derechos del Mundial de f\u00fatbol 2018"},"content":{"rendered":"<div id=\"attachment_16185\" style=\"width: 310px\" class=\"wp-caption alignright\"><a href=\"https:\/\/diarioelpopular.com\/wp-content\/uploads\/2011\/10\/Russia-2018.jpg\"><img loading=\"lazy\" decoding=\"async\" aria-describedby=\"caption-attachment-16185\" class=\"size-medium wp-image-16185\" title=\"Russia 2018\" src=\"https:\/\/diarioelpopular.com\/wp-content\/uploads\/2011\/10\/Russia-2018-300x180.jpg\" alt=\"\" width=\"300\" height=\"180\" \/><\/a><p id=\"caption-attachment-16185\" class=\"wp-caption-text\">Rusia albergar\u00e1 por primera vez el Mundial de F\u00fatbol<\/p><\/div>\n<p><em><strong>E<\/strong><strong>l Popular. Toronto.-<\/strong><\/em> Bell Media adquiri\u00f3 los derechos para poder retransmitir el Mundial de f\u00fatbol de 2018, que se celebrar\u00e1 en Rusia, adem\u00e1s de otros acontecimientos deportivos de la FIFA que tendr\u00e1n lugar entre 2015 y 2022, como la Copa Mundial de la Mujer de 2015, Copa Confederaciones, Copa Mundial de f\u00fatbol sala, Copa Mundial de voleibol de playa, y las Copas Mundiales Sub20 y Sub17, tanto la de hombres como la de mujeres.<\/p>\n<p>\u201cLa FIFA puede esperar que la cobertura de los medios de comunicaci\u00f3n de Bell no solo va a ser \u00fatil para los \u00e1vidos fan\u00e1ticos del f\u00fatbol de Canad\u00e1, sino tambi\u00e9n para mostrar los eventos que la definen a los que no son fan\u00e1ticos tradicionales de este deporte\u201d, afirm\u00f3 Phil King, presidente de CTV (cadena perteneciente a Bell Media) y de la programaci\u00f3n deportiva del grupo, en un comunicado emitido este jueves.<\/p>\n<p>Para conseguir los derechos de emisi\u00f3n de los eventos deportivos, que se celebrar\u00e1n entre 2018 y 2022, se pagaron 1,85 millones de d\u00f3lares estadounidenses a la FIFA.<\/p>\n<p>En la batalla para poder retransmitir el Mundial de f\u00fatbol en el pa\u00eds estaban TSN, RDS y CTV. CBC consigui\u00f3 los derechos de la FIFA para retransmitir la Copa del Mundo 2014 en Brasil, pero, seg\u00fan confirm\u00f3 un portavoz de la cadena p\u00fablica, no se pudieron extender esos derechos y perdi\u00f3 la batalla contra Bell Media.<\/p>\n<p>Adem\u00e1s del acuerdo canadiense, la FIFA ha firmado otras ofertas de emisi\u00f3n como la alcanzada en Estados Unidos, pa\u00eds donde las cadenas Fox, Telemundo y F\u00fatbol de Primera Radio se llevaron el derecho para retransmitir los encuentros deportivos a cambio de 1.2 millones de d\u00f3lares. Estos acuerdos fueron confirmados el viernes pasado.<\/p>\n<p>El organismo, que no puso una cifra a la oferta de televisi\u00f3n en Canad\u00e1, afirm\u00f3 este jueves que tambi\u00e9n vendi\u00f3 los derechos de los encuentros deportivos a SBS, de Australia, y a IMC, en el Caribe.<\/p>\n<p>\u201cLa FIFA est\u00e1 encantada con el progreso de las ventas con respecto a los derechos de los medios de comunicaci\u00f3n en unas fechas donde, viviendo en medio de tiempos econ\u00f3micos austeros, confirma la fuerza y el atractivo de nuestras competiciones\u201d, dijo el secretario general de la FIFA, Jerome Valcke.<\/p>\n<p>Los acuerdos tambi\u00e9n confirman el atractivo y el valor duradero del Mundial de f\u00fatbol, el evento estrella de la FIFA, tras un a\u00f1o marcado por los esc\u00e1ndalos financieros, electorales y lleno de titulares negativos hacia el organismo. Asimismo, la FIFA fue cuestionada sobre la adjudicaci\u00f3n de los torneos de 2018 y 2022 a Rusia y a Qatar, el mes de diciembre pasado.<\/p>\n<p>La FIFA se defendi\u00f3 declarando que tambi\u00e9n se eligi\u00f3 a la empresa Infront Sports and Media, con base en Suiza, como la encargada de manejar las ventas en 26 territorios asi\u00e1ticos, incluyendo China, India e Indonesia.<\/p>\n<p>\u201cInfront ofrece el mejor paquete para este proyecto tan importante y muy complejo, tanto en los aspectos financieros como en los de marketing\u201d, afirm\u00f3 Niclas Ericson, director de la FIFA televisi\u00f3n, en un comunicado difundido por Infront.<\/p>\n<p>En marzo, la FIFA anunci\u00f3 que la primera ola de ventas para el paquete de eventos deportivos de 2018 a 2020 fue de 1,7 millones de d\u00f3lares en Oriente Medio y partes de Asia y Am\u00e9rica Latina. En esos acuerdos se obtuvo un 90% m\u00e1s que su valor de 2010-1014.<\/p>\n","protected":false},"excerpt":{"rendered":"<p>Bell Media adquiri\u00f3 los derechos para poder retransmitir el Mundial de f\u00fatbol de 2018, que se celebrar\u00e1 en Rusia, adem\u00e1s de otros acontecimientos deportivos de la FIFA que tendr\u00e1n lugar entre 2015 y 2022.<\/p>\n","protected":false},"author":1,"featured_media":16185,"comment_status":"closed","ping_status":"open","sticky":false,"template":"","format":"standard","meta":{"footnotes":""},"categories":[28],"tags":[4802,179,8377],"class_list":["post-16184","post","type-post","status-publish","format-standard","has-post-thumbnail","hentry","category-deportes","tag-bell","tag-futbol-2","tag-mundial-2018"],"_links":{"self":[{"href":"https:\/\/diarioelpopular.com\/index.php\/wp-json\/wp\/v2\/posts\/16184","targetHints":{"allow":["GET"]}}],"collection":[{"href":"https:\/\/diarioelpopular.com\/index.php\/wp-json\/wp\/v2\/posts"}],"about":[{"href":"https:\/\/diarioelpopular.com\/index.php\/wp-json\/wp\/v2\/types\/post"}],"author":[{"embeddable":true,"href":"https:\/\/diarioelpopular.com\/index.php\/wp-json\/wp\/v2\/users\/1"}],"replies":[{"embeddable":true,"href":"https:\/\/diarioelpopular.com\/index.php\/wp-json\/wp\/v2\/comments?post=16184"}],"version-history":[{"count":0,"href":"https:\/\/diarioelpopular.com\/index.php\/wp-json\/wp\/v2\/posts\/16184\/revisions"}],"wp:featuredmedia":[{"embeddable":true,"href":"https:\/\/diarioelpopular.com\/index.php\/wp-json\/"}],"wp:attachment":[{"href":"https:\/\/diarioelpopular.com\/index.php\/wp-json\/wp\/v2\/media?parent=16184"}],"wp:term":[{"taxonomy":"category","embeddable":true,"href":"https:\/\/diarioelpopular.com\/index.php\/wp-json\/wp\/v2\/categories?post=16184"},{"taxonomy":"post_tag","embeddable":true,"href":"https:\/\/diarioelpopular.com\/index.php\/wp-json\/wp\/v2\/tags?post=16184"}],"curies":[{"name":"wp","href":"https:\/\/api.w.org\/{rel}","templated":true}]}}