{"id":1622,"date":"2011-06-13T02:37:52","date_gmt":"2011-06-13T06:37:52","guid":{"rendered":"http:\/\/retrolab.ca\/elpopular\/?p=1622"},"modified":"2011-06-13T02:37:52","modified_gmt":"2011-06-13T06:37:52","slug":"copa-de-oro-goleadas-de-mexico-y-el-salvador","status":"publish","type":"post","link":"https:\/\/diarioelpopular.com\/index.php\/2011\/06\/13\/copa-de-oro-goleadas-de-mexico-y-el-salvador\/","title":{"rendered":"Copa de Oro: Goleadas de M\u00e9xico y El Salvador"},"content":{"rendered":"<div id=\"attachment_1623\" style=\"width: 570px\" class=\"wp-caption aligncenter\"><a href=\"http:\/\/retrolab.ca\/elpopular\/wp-content\/uploads\/2011\/06\/copa.jpg\"><img loading=\"lazy\" decoding=\"async\" aria-describedby=\"caption-attachment-1623\" class=\"size-full wp-image-1623 \" title=\"Copa de Oro. M\u00e9xico-Costa Rica\" src=\"http:\/\/retrolab.ca\/elpopular\/wp-content\/uploads\/2011\/06\/copa.jpg\" alt=\"\" width=\"560\" height=\"336\" \/><\/a><p id=\"caption-attachment-1623\" class=\"wp-caption-text\">Gerardo Torrado (i) de M\u00e9xico disputa el bal\u00f3n con Bryan Ruiz (i) y Heiner Mora (d) de Costa Rica. Foto: Kamil Krzaczynski \/ EFE K<\/p><\/div>\n<p>Chicago, 12 jun (EFE).- La selecci\u00f3n de M\u00e9xico volvi\u00f3 a exhibir su nuevo poder goleador al vapulear por 4-1 a la de Costa Rica, de su exseleccionador Ricardo La Volpe, en la tercera y \u00faltima jornada del Grupo A de la\u00a0Copa\u00a0Oro, que lidera con nueve puntos.<\/p>\n<p>M\u00e9xico, a pesar de estar diezmado con la baja de los cinco jugadores que dieron positivo de clembuterol y otro m\u00e1s por enfermedad, exhibi\u00f3 lo mejor de su f\u00fatbol en el primer tiempo, cuando marc\u00f3 cuatro: un doblete del centrocampista Andr\u00e9s Guardado, un tanto de Rafael M\u00e1rquez y otro de Pablo Barrera.<\/p>\n<p>M\u00e1rquez puso en ventaja a los de Jos\u00e9 Manuel &#8216;Chepo&#8217; de la Torre a los 17 minutos.<\/p>\n<p>Guardado puso el 2-0 a los 19 minutos y a los 26 consegu\u00eda el 3-0 ante el delirio de los 63.000 espectadores que llegaron al Soldier Field, de Chicago.<\/p>\n<p>M\u00e9xico puso la guinda a los 38 minutos a trav\u00e9s de Pablo Barrera.<\/p>\n<p>Para la selecci\u00f3n del argentino Ricardo La Volpe el partido pr\u00e1cticamente acab\u00f3 ah\u00ed.<\/p>\n<p>La entrada del delantero Marco Ure\u00f1a aport\u00f3 un gol y algo de peligro en los pagos de M\u00e9xico.<\/p>\n<p>De la Torre movi\u00f3 el banquillo con la entrada de \u00c1ngel Reyna, Jorge Torres Nilo y Aldo de Nigris.<\/p>\n<p>M\u00e9xico conquist\u00f3 el t\u00edtulo de la pasada edici\u00f3n, es el pa\u00eds que m\u00e1s ha ganado este torneo (cinco ediciones) y el m\u00e1s firme candidato al t\u00edtulo de la versi\u00f3n del 2011.<\/p>\n<p>A pesar de la paliza, Costa Rica logr\u00f3 el pase a los cuartos de final como segundo de grupo.<\/p>\n<p>La selecci\u00f3n tica, que gole\u00f3 por 5-0 a la de Cuba y en la segunda jornada empat\u00f3 1-1 con El Salvador, marc\u00f3 siete goles y encaj\u00f3 cinco.<\/p>\n<p>El Salvador, que perdi\u00f3 por 5-0 ante M\u00e9xico, gan\u00f3 este domingo por 6-1 a Cuba, qued\u00f3 con siete tantos a favor y el mismo n\u00famero en contra, lo que le da todav\u00eda la esperanza de poder clasificarse a los cuartos de final como uno de los dos mejores terceros de la fase de grupos.<\/p>\n<p><span style=\"color: #800000\"><strong>Fichas t\u00e9cnicas:<\/strong><\/span><\/p>\n<p><strong>M\u00e9xico -Costa Rica<\/strong><\/p>\n<ul>\n<li><strong>4. M\u00e9xico: <\/strong>Alfredo Talavera; Efra\u00edn Ju\u00e1rez, Rafael M\u00e1rquez (m.70, Jorge Torres Nilo), H\u00e9ctor Moreno, Carlos Salcido; Israel Castro, Gerardo Torrado, Andr\u00e9s Guardado, Pablo Barrera (m.61, \u00c1ngel Reyna); Giovani Dos Santos y Javier &#8216;Chicharito&#8217; Hern\u00e1ndez (m.83, Aldo de Nigris). Seleccionador: Jos\u00e9 Manuel &#8216;Chepo&#8217; de la Torre.<br \/>\n<strong><\/strong><\/li>\n<li><strong>1. Costa Rica: <\/strong>Keylor Navas; Junior D\u00edaz (m.85, Diego Madrigal), Heiner Mora (m.46, Oscar Duarte), Dennis Marshall, Jhonny Acosta; Jos\u00e9 Salvatierra, Celso Borges, Allen Guevara, Cristian Bola\u00f1os (m.46, Marco Ure\u00f1a); \u00c1lvaro Sabor\u00edo y Bryan Ruiz. Seleccionador: Ricardo La Volpe.<br \/>\n<strong><\/strong><\/li>\n<li><strong>Goles: <\/strong>1-0, m.17: Rafael M\u00e1rquez. 2-0, m.19: Andr\u00e9s Guardado. 3-0, m.26: Andr\u00e9s Guardado. 4-0, m.38: Pablo Barrera. 4-1, m.69: Marco Ure\u00f1a.<br \/>\n<strong><\/strong><\/li>\n<li><strong>\u00c1rbitro: <\/strong>Roberto Moreno (Panam\u00e1) amonest\u00f3 a Cristian Bola\u00f1os, Efra\u00edn Su\u00e1rez y Andr\u00e9s Guardado.<strong><\/strong><\/li>\n<li><strong>Incidencias: <\/strong>Partido de la tercera y \u00faltima jornada del Grupo A de la und\u00e9cima edici\u00f3n de la\u00a0Copa\u00a0Oro\u00a0disputado en el Soldier Field, de Chicago, ante 63.000 espectadores.<\/li>\n<\/ul>\n<p><strong>El Salvador-Cuba<\/strong><\/p>\n<ul>\n<li><strong>6. El Salvador: <\/strong>Miguel \u00c1ngel Montes; Luis Anaya, V\u00edctor Samuel Turcios, Mois\u00e9s Xavier Garc\u00eda, Reynaldo Hern\u00e1ndez (m.72, Eliseo Quintanilla); Dennis Alas, Osael Romero, Jaime Alas, Andr\u00e9s Flores (m.63, Arturo \u00c1lvarez); Rodolfo Antonio Zelaya y Rudis Corrales (m.67, Lester Blanco). Seleccionador: Rub\u00e9n Israel (Uruguay).<br \/>\n<strong><\/strong><\/li>\n<li><strong>1. Cuba: <\/strong>Julio Pichardo; Aliannis Urgell\u00e9s, Yenier M\u00e1rquez, Reys\u00e1nder Fern\u00e1ndez, Hanier Dranguet; Jaime Colom\u00e9 (m.52, Francisco Carrasana), Carlos Francisco, Alberto G\u00f3mez, Yoel Colom\u00e9 (m.75, Dagoberto Quesada); Marcel Hern\u00e1ndez y Roberto Linares (m.62, Yaudel Lahera). Seleccionador: Ra\u00fal Gonz\u00e1lez.<br \/>\n<strong><\/strong><\/li>\n<li><strong>Goles:<\/strong> 1-0, m.13: Rodolfo Antonio Zelaya. 2-0, m.29: Osael Romero. 3-0, m.69: Lester Blanco. 4-0, m.71: Rodolfo Antonio Zelaya. 4-1, m.83: Yenier M\u00e1rquez. 5-1, m.84: Arturo \u00c1lvarez. 6-1, m.90+4: Eliseo Quintanilla.<br \/>\n<strong><\/strong><\/li>\n<li><strong>\u00c1rbitro:<\/strong> Neal Brizan (Trinidad y Tobago) amonest\u00f3 a Reys\u00e1nder Fern\u00e1ndez, Aliannis Urgell\u00e9s y Mois\u00e9s Xavier Garc\u00eda.<br \/>\n<strong><\/strong><\/li>\n<li><strong>Incidencias: <\/strong>Partido de la tercera y \u00faltima jornada del Grupo A de la und\u00e9cima edici\u00f3n de la\u00a0Copa\u00a0Oro\u00a0disputado en el Soldier Field, de Chicago, ante unos 15.000 espectadores.<\/li>\n<\/ul>\n","protected":false},"excerpt":{"rendered":"<p>La selecci\u00f3n de M\u00e9xico volvi\u00f3 a exhibir su nuevo poder goleador al vapulear por 4-1 a la de Costa Rica, de su exseleccionador Ricardo La Volpe, en la tercera y \u00faltima jornada del Grupo A de la Copa Oro, que lidera con nueve puntos.<\/p>\n","protected":false},"author":1,"featured_media":1623,"comment_status":"closed","ping_status":"open","sticky":false,"template":"","format":"standard","meta":{"footnotes":""},"categories":[28],"tags":[6172,846,167],"class_list":["post-1622","post","type-post","status-publish","format-standard","has-post-thumbnail","hentry","category-deportes","tag-copa-de-oro","tag-el-salvador","tag-mexico"],"_links":{"self":[{"href":"https:\/\/diarioelpopular.com\/index.php\/wp-json\/wp\/v2\/posts\/1622","targetHints":{"allow":["GET"]}}],"collection":[{"href":"https:\/\/diarioelpopular.com\/index.php\/wp-json\/wp\/v2\/posts"}],"about":[{"href":"https:\/\/diarioelpopular.com\/index.php\/wp-json\/wp\/v2\/types\/post"}],"author":[{"embeddable":true,"href":"https:\/\/diarioelpopular.com\/index.php\/wp-json\/wp\/v2\/users\/1"}],"replies":[{"embeddable":true,"href":"https:\/\/diarioelpopular.com\/index.php\/wp-json\/wp\/v2\/comments?post=1622"}],"version-history":[{"count":0,"href":"https:\/\/diarioelpopular.com\/index.php\/wp-json\/wp\/v2\/posts\/1622\/revisions"}],"wp:featuredmedia":[{"embeddable":true,"href":"https:\/\/diarioelpopular.com\/index.php\/wp-json\/"}],"wp:attachment":[{"href":"https:\/\/diarioelpopular.com\/index.php\/wp-json\/wp\/v2\/media?parent=1622"}],"wp:term":[{"taxonomy":"category","embeddable":true,"href":"https:\/\/diarioelpopular.com\/index.php\/wp-json\/wp\/v2\/categories?post=1622"},{"taxonomy":"post_tag","embeddable":true,"href":"https:\/\/diarioelpopular.com\/index.php\/wp-json\/wp\/v2\/tags?post=1622"}],"curies":[{"name":"wp","href":"https:\/\/api.w.org\/{rel}","templated":true}]}}