{"id":164589,"date":"2012-02-01T22:55:20","date_gmt":"2012-02-02T03:55:20","guid":{"rendered":"http:\/\/diarioelpopular.com\/?p=164589"},"modified":"2012-02-01T22:55:20","modified_gmt":"2012-02-02T03:55:20","slug":"un-atentado-de-las-farc-causa-siete-muertos-en-colombia","status":"publish","type":"post","link":"https:\/\/diarioelpopular.com\/index.php\/2012\/02\/01\/un-atentado-de-las-farc-causa-siete-muertos-en-colombia\/","title":{"rendered":"Un atentado de las FARC causa siete muertos en Colombia"},"content":{"rendered":"<div id=\"attachment_164590\" style=\"width: 710px\" class=\"wp-caption aligncenter\"><a href=\"https:\/\/diarioelpopular.com\/wp-content\/uploads\/2012\/02\/ATENTADO-CON-MOTO-BOMBA-EN-SUROESTE-DE-COLOMBIA.jpg\"><img loading=\"lazy\" decoding=\"async\" aria-describedby=\"caption-attachment-164590\" class=\"size-full wp-image-164590\" title=\"ATENTADO CON MOTO-BOMBA EN SUROESTE DE COLOMBIA\" src=\"https:\/\/diarioelpopular.com\/wp-content\/uploads\/2012\/02\/ATENTADO-CON-MOTO-BOMBA-EN-SUROESTE-DE-COLOMBIA.jpg\" alt=\"\" width=\"700\" height=\"420\" \/><\/a><p id=\"caption-attachment-164590\" class=\"wp-caption-text\">Escombros dejados por la explosi\u00f3n de una moto-bomba frente a una estaci\u00f3n de Polic\u00eda de Tumaco (Colombia). Foto: Extra Pasto \/ Efe<\/p><\/div>\n<p><em><strong>Efe. Bogot\u00e1.-<\/strong><\/em> Las\u00a0FARC\u00a0dejaron en suspendo este mi\u00e9rcoles la liberaci\u00f3n de seis rehenes aduciendo que el \u00e1rea escogida para su entrega fue militarizada, al tiempo que detonaron una motocicleta bomba contra una estaci\u00f3n de Polic\u00eda en el suroeste de Colombia, con el resultado de siete muertos y 73 heridos.<\/p>\n<p>El Gobierno colombiano neg\u00f3 tajantemente la versi\u00f3n de las Fuerzas Armadas Revolucionarias de Colombia (FARC) y pidi\u00f3 a la guerrilla que se deje de &#8220;trucos&#8221; y que libere a los rehenes &#8220;ya&#8221;.<\/p>\n<p>&#8220;Ni siquiera sabemos d\u00f3nde est\u00e1n los secuestrados. No han entregado coordenadas&#8221;, dijo el presidente Juan Manuel Santos en su cuenta de Twitter tras conminar a los rebeldes a que no usen &#8220;m\u00e1s trucos y enga\u00f1os&#8221;.<\/p>\n<p>&#8220;Lib\u00e9renlos ya!!&#8221;, agreg\u00f3 el gobernante, quien se hizo eco de la decisi\u00f3n de los insurgentes despu\u00e9s de que el ministro de Defensa, Juan Carlos Pinz\u00f3n, rechazara la versi\u00f3n de que el \u00e1rea prevista para la entrega hab\u00eda sido militarizada.<\/p>\n<p>Las Fuerzas Armadas Revolucionarias de Colombia (FARC) anunciaron en un comunicado divulgado en internet que &#8220;el \u00e1rea que hab\u00edamos escogido para la liberaci\u00f3n de los prisioneros de guerra (&#8230;) ha sido militarizada injustificadamente por el Gobierno de Colombia, lo cual nos impone aplazar su concreci\u00f3n&#8221;,<\/p>\n<p>Seg\u00fan el documento firmando por los jefes insurgentes unos &#8220;militares patriotas&#8221; los alertaron de que el Gobierno quer\u00eda rescatar &#8220;a toda costa&#8221; a los rehenes.<\/p>\n<p>Los guerrilleros &#8220;una vez m\u00e1s demuestran las mentiras que dicen y c\u00f3mo en el fondo se burlan de manera permanente del pueblo colombiano&#8221;, enfatiz\u00f3 Pinz\u00f3n, al reiterar que el Gobierno desconoce en que zona ser\u00edan las liberaciones anunciadas por las\u00a0FARC.<\/p>\n<p>Record\u00f3 que el Ejecutivo siempre ha facilitado la entrega unilateral de rehenes con la suspensi\u00f3n de operaciones militares, mediante protocolos consensuados con el Comit\u00e9 Internacional de la Cruz Roja (CICR), y la aceptaci\u00f3n de medios log\u00edsticos (helic\u00f3pteros y tripulaciones) extranjeros, primero de Venezuela y luego de Brasil.<\/p>\n<p>La delegaci\u00f3n en Colombia del CICR ha coordinado las operaciones humanitarias en las que las\u00a0FARC\u00a0han entregado unilateralmente a una veintena de rehenes, incluidos pol\u00edticos, siempre a misiones encabezadas por la excongresista Piedad C\u00f3rdoba.<\/p>\n<p>La exlegisladora asegur\u00f3 este mi\u00e9rcoles que el anuncio de las\u00a0FARC\u00a0no supone el fracaso de las gestiones para el regreso de los rehenes y se\u00f1al\u00f3 adem\u00e1s que emprender\u00e1 una campa\u00f1a para repatriar a los jefes guerrilleros alias &#8220;Sonia&#8221; y &#8220;Sim\u00f3n Trinidad&#8221;, extraditados por Colombia a Estados Unidos por narcotr\u00e1fico y secuestro.<\/p>\n<p>La semana pasada, a trav\u00e9s de un v\u00eddeo, el portavoz internacional de las\u00a0FARC, Luciano Mart\u00edn Arango, alias &#8220;Iv\u00e1n M\u00e1rquez&#8221;, reiter\u00f3: &#8220;no cejaremos en nuestro empe\u00f1o de lograr la repatriaci\u00f3n de los comandantes guerrilleros &#8216;Sim\u00f3n Trinidad&#8217;, &#8216;Iv\u00e1n Vargas&#8217; y &#8216;Sonia'&#8221;.<\/p>\n<p>El Gobierno del entonces presidente colombiano, \u00c1lvaro Uribe, extradit\u00f3, en 2004, a &#8220;Sonia&#8221;, alias de Anayibe Rojas, pedida por Estados Unidos bajo cargos de narcotr\u00e1fico.<\/p>\n<p>En 2005, y tambi\u00e9n por narcotr\u00e1fico, fue enviado a Estados Unidos, Ricardo Ovidio Palmera, alias &#8220;Sim\u00f3n Trinidad&#8221;, miembro del estado mayor de las\u00a0FARC, condenado a finales de 2008 en ese pa\u00eds a 60 a\u00f1os de c\u00e1rcel por su responsabilidad en el secuestro, en febrero de 2003, de los estadounidenses Thomas Howes, Keith Stansell y Marc Gonsalves.<\/p>\n<p>Por su lado, el portavoz de la Comisi\u00f3n de Paz de la C\u00e1mara de Representantes de Colombia, Iv\u00e1n Cepeda, expres\u00f3 su preocupaci\u00f3n por el anuncio de las\u00a0FARC, de dejar en suspensi\u00f3n las liberaciones anunciadas, y por la decisi\u00f3n del Gobierno de rechazar el apoyo de Brasil para la log\u00edstica de la entrega de secuestrados.<\/p>\n<p>Al tiempo que se conoc\u00eda la suspensi\u00f3n de la liberaci\u00f3n de los seis secuestrados por las\u00a0FARC, esta guerrilla deton\u00f3 una motocicleta bomba que dej\u00f3 al menos 7 muertos y 73 heridos, as\u00ed como destrozos en al menos 15 viviendas de Tumaco, ciudad colombiana del Pac\u00edfico.<\/p>\n<p>El Gobierno colombiano, a trav\u00e9s del ministro del Interior, Germ\u00e1n Vargas Lleras, atribuy\u00f3 al frente 29 de las\u00a0FARC\u00a0el atentado y lo calific\u00f3 como un acto sevicia.<\/p>\n<p>El atentado se registr\u00f3 sobre las 14.00 hora local (19.00 GMT), dej\u00f3 un saldo que seg\u00fan el \u00faltimo registro del secretario de Gobierno de Nari\u00f1o, Pedro Vicente Obando, son siete muertos y 73 heridos, entre ellos 24 polic\u00edas.<\/p>\n<p>De los 73 heridos, al menos 33 casos revisten gravedad.<\/p>\n<p>La ciudad fue militariza y a ella viajaron el ministro de la Defensa y la c\u00fapula militar.<\/p>\n<p>La Polic\u00eda Nacional de Colombia ofreci\u00f3 una recompensa de 100 millones de pesos (unos 55.000 d\u00f3lares) para quien aporte alg\u00fan dato de los autores del atentado.<\/p>\n","protected":false},"excerpt":{"rendered":"<p>Las FARC dejaron en suspendo este mi\u00e9rcoles la liberaci\u00f3n de seis rehenes aduciendo que el \u00e1rea escogida para su entrega fue militarizada, al tiempo que detonaron una motocicleta bomba contra una estaci\u00f3n de Polic\u00eda en el suroeste de Colombia, con el resultado de siete muertos y 73 heridos.<\/p>\n","protected":false},"author":1,"featured_media":164590,"comment_status":"closed","ping_status":"open","sticky":false,"template":"","format":"standard","meta":{"footnotes":""},"categories":[23],"tags":[439,1299,486,580,1300],"class_list":["post-164589","post","type-post","status-publish","format-standard","has-post-thumbnail","hentry","category-latinoamerica","tag-atentado","tag-bomba","tag-colombia","tag-farc","tag-tumaco"],"_links":{"self":[{"href":"https:\/\/diarioelpopular.com\/index.php\/wp-json\/wp\/v2\/posts\/164589","targetHints":{"allow":["GET"]}}],"collection":[{"href":"https:\/\/diarioelpopular.com\/index.php\/wp-json\/wp\/v2\/posts"}],"about":[{"href":"https:\/\/diarioelpopular.com\/index.php\/wp-json\/wp\/v2\/types\/post"}],"author":[{"embeddable":true,"href":"https:\/\/diarioelpopular.com\/index.php\/wp-json\/wp\/v2\/users\/1"}],"replies":[{"embeddable":true,"href":"https:\/\/diarioelpopular.com\/index.php\/wp-json\/wp\/v2\/comments?post=164589"}],"version-history":[{"count":0,"href":"https:\/\/diarioelpopular.com\/index.php\/wp-json\/wp\/v2\/posts\/164589\/revisions"}],"wp:featuredmedia":[{"embeddable":true,"href":"https:\/\/diarioelpopular.com\/index.php\/wp-json\/"}],"wp:attachment":[{"href":"https:\/\/diarioelpopular.com\/index.php\/wp-json\/wp\/v2\/media?parent=164589"}],"wp:term":[{"taxonomy":"category","embeddable":true,"href":"https:\/\/diarioelpopular.com\/index.php\/wp-json\/wp\/v2\/categories?post=164589"},{"taxonomy":"post_tag","embeddable":true,"href":"https:\/\/diarioelpopular.com\/index.php\/wp-json\/wp\/v2\/tags?post=164589"}],"curies":[{"name":"wp","href":"https:\/\/api.w.org\/{rel}","templated":true}]}}