{"id":16492,"date":"2011-10-30T21:30:41","date_gmt":"2011-10-31T01:30:41","guid":{"rendered":"http:\/\/diarioelpopular.com\/?p=16492"},"modified":"2011-10-30T21:30:41","modified_gmt":"2011-10-31T01:30:41","slug":"los-vampiros-de-crepusculo-vuelan-hasta-roma","status":"publish","type":"post","link":"https:\/\/diarioelpopular.com\/index.php\/2011\/10\/30\/los-vampiros-de-crepusculo-vuelan-hasta-roma\/","title":{"rendered":"Los vampiros de &#8220;Crep\u00fasculo&#8221; vuelan hasta Roma"},"content":{"rendered":"<div id=\"attachment_16494\" style=\"width: 710px\" class=\"wp-caption aligncenter\"><a href=\"https:\/\/diarioelpopular.com\/wp-content\/uploads\/2011\/10\/Nikki-Reed-y-Jackson-Rathbone.jpg\"><img loading=\"lazy\" decoding=\"async\" aria-describedby=\"caption-attachment-16494\" class=\"size-full wp-image-16494\" title=\"Nikki Reed y Jackson Rathbone\" src=\"https:\/\/diarioelpopular.com\/wp-content\/uploads\/2011\/10\/Nikki-Reed-y-Jackson-Rathbone.jpg\" alt=\"\" width=\"700\" height=\"420\" \/><\/a><p id=\"caption-attachment-16494\" class=\"wp-caption-text\">Los actores estadounidenses Nikki Reed y Jackson Rathbone posan para los fot\u00f3grafos durante la presentaci\u00f3n de la pel\u00edcula &#039;Saga Crep\u00fasculo: Amanecer, parte I&#039;, dentro del Festival de Cine de Roma. Foto: Claudio Peri \/ Efe<\/p><\/div>\n<p><em><strong>Sara Rojas. Roma.-<\/strong><\/em> Los actores Nikki Reed y Jackson Rathbone, que interpretan a los vampiros Rosalie y Jasper Hale-Cullen en la versi\u00f3n cinematogr\u00e1fica de &#8220;Crep\u00fasculo&#8221;, desfilaron este domingo por la alfombra roja del VI Festival Internacional de Cine de Roma para presentar &#8220;Amanecer (Parte I)&#8221;, cuarto filme de la saga fant\u00e1stica.<\/p>\n<p>Los dos int\u00e9rpretes, aclamados por una multitud de j\u00f3venes que se desplazaron este domingo al Auditorio romano en busca de un aut\u00f3grafo, confesaron en rueda de prensa que el \u00e9xito alcanzado con sus pel\u00edculas ha cambiado las relaciones entre los actores protagonistas.<\/p>\n<p>&#8220;Las cosas han cambiado mucho desde que iniciamos el primer episodio. Entonces \u00e9ramos un grupo de chavales, la mayor\u00eda actores desconocidos, que est\u00e1bamos muy unidos y que creamos una familia cuando viajamos a Portland. Despu\u00e9s, con el \u00e9xito de las pel\u00edculas, todo ha cambiado&#8221;, explic\u00f3 Reed.<\/p>\n<p>La actriz, que debut\u00f3 a los catorce a\u00f1os como protagonista de la cinta independiente &#8220;13&#8221;, afirm\u00f3 tambi\u00e9n que despu\u00e9s de la primera pel\u00edcula llegaron los guardaespaldas a los rodajes y reconoci\u00f3 que &#8220;el amor de los seguidores por Robert Pattinson (Edward) y Kristen Stewart (Bella) hizo todo m\u00e1s dif\u00edcil&#8221;.<\/p>\n<p>&#8220;Ya no tenemos tanta facilidad para quedar, y est\u00e1 claro que las cosas, desde el inicio, han cambiado mucho. Pero no estoy diciendo que lo hayan hecho a peor, solo que son diferentes. Y creo que es normal&#8221;, a\u00f1adi\u00f3 la joven de 22 a\u00f1os, que lleg\u00f3 a la capital italiana con un vestido negro muy ce\u00f1ido.<\/p>\n<p>Rathbone, por su parte, se\u00f1al\u00f3 que &#8220;obviamente&#8221; el protagonismo recae en Pattinson y Kristen porque los libros y las pel\u00edculas se centran en la historia de amor entre Edward y Bella, a los que defini\u00f3 como &#8220;una especie de Romeo y Julieta del momento&#8221;.<\/p>\n<p>&#8220;Nosotros hemos trabajado con ellos y sabemos que son seres humanos y personas fant\u00e1sticas&#8221;, agreg\u00f3 durante su comparecencia en Roma, en la que rest\u00f3 importancia a las &#8220;innumerables especulaciones&#8221; de las revistas en torno a ellos.<\/p>\n<p>En cuanto a las novedades de &#8220;Amanecer (Parte I)&#8221;, el actor, productor, guionista, m\u00fasico y cantante desvel\u00f3 que los espectadores encontrar\u00e1n &#8220;una atm\u00f3sfera m\u00e1s oscura&#8221; y coment\u00f3 que esta cuarta entrega se adentra en &#8220;argumentos m\u00e1s maduros&#8221; que las anteriores.<\/p>\n<p>&#8220;En la primera parte de &#8216;Amanecer&#8217; vemos un amor m\u00e1s maduro entre Edward (Robert Pattinson) y Bella (Kristen Stewart). Deciden casarse y van a tener un hijo, as\u00ed que son, sin duda, argumentos m\u00e1s maduros que los que narraban las otras pel\u00edculas&#8221;, explic\u00f3 Rathbone en Roma.<\/p>\n<p>Reed precis\u00f3, adem\u00e1s, que en esta nueva pel\u00edcula se ver\u00e1 &#8220;por primera vez a una familia Cullen totalmente unida&#8221;, que considera a la joven mortal Bella una m\u00e1s del clan.<\/p>\n<p>La cinta, dirigida por el ganador de un \u00d3scar de Hollywood Bill Condon, arranca con la esperada boda entre Edward y Bella y contin\u00faa con la rom\u00e1ntica luna de miel de los protagonistas, en la que se produce el deseado encuentro sexual que tanto anhelaban los seguidores.<\/p>\n<p>Despu\u00e9s, la humana tendr\u00e1 que enfrentarse a un particular embarazo que pondr\u00e1 en peligro su vida y suscitar\u00e1 problemas entre los diferentes clanes de vampiros y lic\u00e1ntropos, que ven el nacimiento de esta criatura como una amenaza para todos.<\/p>\n<p>El \u00e9xito de esta saga cinematogr\u00e1fica, basada en los libros de la escritora Stephenie Meyer, se explica, seg\u00fan Reed, porque es &#8220;una f\u00e1bula de amor de \u00e9poca que promueve valores universales&#8221; y que habla de una historia de amor que &#8220;no es real&#8221;.<\/p>\n","protected":false},"excerpt":{"rendered":"<p>Los actores Nikki Reed y Jackson Rathbone, que interpretan a los vampiros Rosalie y Jasper Hale-Cullen en la versi\u00f3n cinematogr\u00e1fica de &#8220;Crep\u00fasculo&#8221;, desfilaron este domingo por la alfombra roja del VI Festival Internacional de Cine de Roma para presentar &#8220;Amanecer (Parte I)&#8221;, cuarto filme de la saga fant\u00e1stica.<\/p>\n","protected":false},"author":1,"featured_media":16494,"comment_status":"closed","ping_status":"open","sticky":false,"template":"","format":"standard","meta":{"footnotes":""},"categories":[80],"tags":[8394,8395,824,8396,8397,1997,8398],"class_list":["post-16492","post","type-post","status-publish","format-standard","has-post-thumbnail","hentry","category-cine-2","tag-amanecer","tag-crepusculo","tag-italia","tag-jackson-rathbone","tag-nikki-reed","tag-roma","tag-twilight"],"_links":{"self":[{"href":"https:\/\/diarioelpopular.com\/index.php\/wp-json\/wp\/v2\/posts\/16492","targetHints":{"allow":["GET"]}}],"collection":[{"href":"https:\/\/diarioelpopular.com\/index.php\/wp-json\/wp\/v2\/posts"}],"about":[{"href":"https:\/\/diarioelpopular.com\/index.php\/wp-json\/wp\/v2\/types\/post"}],"author":[{"embeddable":true,"href":"https:\/\/diarioelpopular.com\/index.php\/wp-json\/wp\/v2\/users\/1"}],"replies":[{"embeddable":true,"href":"https:\/\/diarioelpopular.com\/index.php\/wp-json\/wp\/v2\/comments?post=16492"}],"version-history":[{"count":0,"href":"https:\/\/diarioelpopular.com\/index.php\/wp-json\/wp\/v2\/posts\/16492\/revisions"}],"wp:featuredmedia":[{"embeddable":true,"href":"https:\/\/diarioelpopular.com\/index.php\/wp-json\/"}],"wp:attachment":[{"href":"https:\/\/diarioelpopular.com\/index.php\/wp-json\/wp\/v2\/media?parent=16492"}],"wp:term":[{"taxonomy":"category","embeddable":true,"href":"https:\/\/diarioelpopular.com\/index.php\/wp-json\/wp\/v2\/categories?post=16492"},{"taxonomy":"post_tag","embeddable":true,"href":"https:\/\/diarioelpopular.com\/index.php\/wp-json\/wp\/v2\/tags?post=16492"}],"curies":[{"name":"wp","href":"https:\/\/api.w.org\/{rel}","templated":true}]}}