{"id":16498,"date":"2011-10-30T21:52:07","date_gmt":"2011-10-31T01:52:07","guid":{"rendered":"http:\/\/diarioelpopular.com\/?p=16498"},"modified":"2011-10-30T21:52:07","modified_gmt":"2011-10-31T01:52:07","slug":"la-ciudad-mas-antigua-de-america-ya-tenia-construcciones-antisismicas","status":"publish","type":"post","link":"https:\/\/diarioelpopular.com\/index.php\/2011\/10\/30\/la-ciudad-mas-antigua-de-america-ya-tenia-construcciones-antisismicas\/","title":{"rendered":"La ciudad m\u00e1s antigua de Am\u00e9rica ya ten\u00eda construcciones antis\u00edsmicas"},"content":{"rendered":"<div id=\"attachment_16499\" style=\"width: 710px\" class=\"wp-caption aligncenter\"><a href=\"https:\/\/diarioelpopular.com\/wp-content\/uploads\/2011\/10\/Caral.jpg\"><img loading=\"lazy\" decoding=\"async\" aria-describedby=\"caption-attachment-16499\" class=\"size-full wp-image-16499\" title=\"Caral\" src=\"https:\/\/diarioelpopular.com\/wp-content\/uploads\/2011\/10\/Caral.jpg\" alt=\"\" width=\"700\" height=\"420\" \/><\/a><p id=\"caption-attachment-16499\" class=\"wp-caption-text\">Las pir\u00e1mides de Caral, en medio del desierto, 200 kil\u00f3metros al norte de Lima. Foto: Paolo Aguilar \/ Efe<\/p><\/div>\n<p><em><strong>Diana Bernaola. Lima.-<\/strong><\/em> En medio del desierto al norte de Lima, las investigaciones sobre la ciudad de Caral, la m\u00e1s antigua de Am\u00e9rica, siguen desvelando enigmas y ahora han permitido determinar que hace 5.000 a\u00f1os ya existieron construcciones\u00a0antis\u00edsmicas\u00a0y hubo un conocimiento avanzado de la gen\u00e9tica agraria.<\/p>\n<p>Caral, ubicada a doscientos kil\u00f3metros de Lima y declarada en 2009 por la Unesco como Patrimonio Mundial, fue una compleja sociedad que se desarroll\u00f3 entre los a\u00f1os 3.000 y 1.800 antes de Cristo, en el per\u00edodo denominado Precer\u00e1mico, coet\u00e1nea a la \u00e9poca de las pir\u00e1mides de Egipto.<\/p>\n<p>Este fin de semana se celebraron 17 a\u00f1os del inicio de las investigaciones en esta civilizaci\u00f3n primigenia, destac\u00f3 a Efe la arque\u00f3loga peruana Ruth Shady, descubridora y encargada del proyecto.<\/p>\n<p>En la llamada &#8220;ciudad sagrada&#8221;, el trabajo diario de arque\u00f3logos, arquitectos e ingenieros pretende demostrar que los antiguos peruanos &#8220;no han sido solo artesanos, sino que han sido tambi\u00e9n profesionales interesados en el conocimiento cient\u00edfico&#8221;.<\/p>\n<p>&#8220;Y lo desarrollaron con \u00e9xito en la ingenier\u00eda, astronom\u00eda y gen\u00e9tica agraria&#8221;, se\u00f1al\u00f3 Shady mientras recorr\u00eda Caral.<\/p>\n<p>La ciudad presenta 32 pir\u00e1mides truncas de diferentes dimensiones que, seg\u00fan los \u00faltimos estudios, cuentan con una tecnolog\u00eda en construcci\u00f3n que puede resistir hasta un sismo de 7,5 grados.<\/p>\n<p>&#8220;Las bases de cada pir\u00e1mide son tan s\u00f3lidas que se mantienen hasta nuestros d\u00edas&#8221;, precis\u00f3 a Efe el arque\u00f3logo peruano Igor Vela.<\/p>\n<p>Lo mismo sucede con los sorprendentes avances en gen\u00e9tica agraria: &#8220;En Caral, hay cuatro colores naturales de algod\u00f3n: rojo, beige, crema, marr\u00f3n. \u00bfc\u00f3mo los obtuvieron? Han tenido que investigar para llegar a ello&#8221;, afirm\u00f3 Shady.<\/p>\n<p>Las investigaciones en el sitio arqueol\u00f3gico, iniciadas en 1994 con escasa financiaci\u00f3n y la colaboraci\u00f3n de cinco j\u00f3venes arque\u00f3logos, cuentan hoy con unas 400 personas y un presupuesto anual de cinco millones y medio de d\u00f3lares.<\/p>\n<p>Seg\u00fan Shady, &#8220;el patrimonio arqueol\u00f3gico es una de las principales fortalezas que tiene Per\u00fa&#8221;, por ello, el proyecto busca involucrar a las poblaciones aleda\u00f1as en su crecimiento, ya que la ciudad recibe a unos 45.000 visitante al a\u00f1o.<\/p>\n<p>&#8220;No solo apostamos por un aspecto del desarrollo, sino que queremos que \u00e9ste sea integral. (La idea) es generar en el \u00e1rea norcentral de Lima un polo de desarrollo&#8221;, asever\u00f3 la arque\u00f3loga, quien quiere evitar que se repitan las experiencias que no tuvieron en cuenta a la poblaci\u00f3n actual en otras zonas tur\u00edsticas del pa\u00eds.<\/p>\n<p>Las investigaciones pretenden que &#8220;se conozcan los avances en el conocimiento desde que se form\u00f3 la civilizaci\u00f3n Caral y c\u00f3mo \u00e9sta influy\u00f3 en otras culturas hasta el periodo inca, incluso&#8221;, dijo Shady.<\/p>\n<p>La arque\u00f3loga asegur\u00f3 que &#8220;debe ser pol\u00edtica de Estado dejar de promover solo a Macchu Picchu&#8221; y explic\u00f3 que el aporte de la arqueolog\u00eda para ello &#8220;es conocer c\u00f3mo se manej\u00f3 el territorio&#8221;.<\/p>\n<p>&#8220;La informaci\u00f3n que se recupera debe promover la reflexi\u00f3n sobre lo que fuimos y lo que debemos cambiar y mantener en el presente&#8221;, remarc\u00f3.<\/p>\n<p>La civilizaci\u00f3n Caral tuvo un desarrollo precoz en comparaci\u00f3n a otras que hab\u00eda en el continente y su declive, seg\u00fan las investigaciones, se debi\u00f3 a los severos cambios clim\u00e1ticos que se presentaron al t\u00e9rmino de su per\u00edodo de esplendor.<\/p>\n<p>Se considera que 130 a\u00f1os de escasez de agua, junto a los movimientos tel\u00faricos y la presencia de arena en los campos de cultivo, producidos por los cambios clim\u00e1ticos, generaron una crisis social que enfrent\u00f3 a la poblaci\u00f3n contra los dirigentes pol\u00edtico-religiosos.<\/p>\n<p>Las autoridades del Ministerio de Cultura de Per\u00fa celebraron durante este fin de semana el 17 aniversario del inicio de las investigaciones, con una tradicional ceremonia de pago a la tierra, una costumbre ancestral que tiene como objetivo agradecer a la &#8220;madre tierra&#8221; por lo que provee.<\/p>\n<p>Un recorrido por las pir\u00e1mides, iluminadas para proporcionar un halo misterioso a los monumentos, precedi\u00f3 a esa ceremonia y diversos espect\u00e1culos teatrales, as\u00ed como un festival gastron\u00f3mico, culminaron la celebraci\u00f3n.<\/p>\n","protected":false},"excerpt":{"rendered":"<p>En medio del desierto al norte de Lima, las investigaciones sobre la ciudad de Caral, la m\u00e1s antigua de Am\u00e9rica, siguen desvelando enigmas y ahora han permitido determinar que hace 5.000 a\u00f1os ya existieron construcciones antis\u00edsmicas y gen\u00e9tica agraria.<\/p>\n","protected":false},"author":1,"featured_media":16499,"comment_status":"closed","ping_status":"open","sticky":false,"template":"","format":"standard","meta":{"footnotes":""},"categories":[24],"tags":[8399,272,8400,8401],"class_list":["post-16498","post","type-post","status-publish","format-standard","has-post-thumbnail","hentry","category-mundo","tag-caral","tag-peru","tag-sismos","tag-terremotos"],"_links":{"self":[{"href":"https:\/\/diarioelpopular.com\/index.php\/wp-json\/wp\/v2\/posts\/16498","targetHints":{"allow":["GET"]}}],"collection":[{"href":"https:\/\/diarioelpopular.com\/index.php\/wp-json\/wp\/v2\/posts"}],"about":[{"href":"https:\/\/diarioelpopular.com\/index.php\/wp-json\/wp\/v2\/types\/post"}],"author":[{"embeddable":true,"href":"https:\/\/diarioelpopular.com\/index.php\/wp-json\/wp\/v2\/users\/1"}],"replies":[{"embeddable":true,"href":"https:\/\/diarioelpopular.com\/index.php\/wp-json\/wp\/v2\/comments?post=16498"}],"version-history":[{"count":0,"href":"https:\/\/diarioelpopular.com\/index.php\/wp-json\/wp\/v2\/posts\/16498\/revisions"}],"wp:featuredmedia":[{"embeddable":true,"href":"https:\/\/diarioelpopular.com\/index.php\/wp-json\/"}],"wp:attachment":[{"href":"https:\/\/diarioelpopular.com\/index.php\/wp-json\/wp\/v2\/media?parent=16498"}],"wp:term":[{"taxonomy":"category","embeddable":true,"href":"https:\/\/diarioelpopular.com\/index.php\/wp-json\/wp\/v2\/categories?post=16498"},{"taxonomy":"post_tag","embeddable":true,"href":"https:\/\/diarioelpopular.com\/index.php\/wp-json\/wp\/v2\/tags?post=16498"}],"curies":[{"name":"wp","href":"https:\/\/api.w.org\/{rel}","templated":true}]}}