{"id":16703,"date":"2011-11-01T20:28:57","date_gmt":"2011-11-02T00:28:57","guid":{"rendered":"http:\/\/diarioelpopular.com\/?p=16703"},"modified":"2011-11-01T20:28:57","modified_gmt":"2011-11-02T00:28:57","slug":"canada-se-replantea-su-participacion-en-la-unesco-tras-la-admision-de-palestina","status":"publish","type":"post","link":"https:\/\/diarioelpopular.com\/index.php\/2011\/11\/01\/canada-se-replantea-su-participacion-en-la-unesco-tras-la-admision-de-palestina\/","title":{"rendered":"Canad\u00e1 congela su aportaci\u00f3n a la UNESCO"},"content":{"rendered":"<div id=\"attachment_16704\" style=\"width: 310px\" class=\"wp-caption alignright\"><a href=\"https:\/\/diarioelpopular.com\/wp-content\/uploads\/2011\/11\/John-Baird-ministro-de-Relaciones-Exteriores.jpg\"><img loading=\"lazy\" decoding=\"async\" aria-describedby=\"caption-attachment-16704\" class=\"size-medium wp-image-16704\" title=\"John Baird, ministro de Relaciones Exteriores\" src=\"https:\/\/diarioelpopular.com\/wp-content\/uploads\/2011\/11\/John-Baird-ministro-de-Relaciones-Exteriores-300x180.jpg\" alt=\"\" width=\"300\" height=\"180\" \/><\/a><p id=\"caption-attachment-16704\" class=\"wp-caption-text\">John Baird, ministro de Relaciones Exteriores, en una imagen de archivo. Foto: U.S. State Department<\/p><\/div>\n<p><em><strong>E<\/strong><strong>l Popular. Ottawa.-<\/strong><\/em> El Gobierno federal ha decidido congelar los fondos que Canad\u00e1 aporta a la <a href=\"http:\/\/www.unesco.org\/new\/es\/unesco\/\" target=\"_blank\">UNESCO<\/a>, un d\u00eda despu\u00e9s de que esta agencia de la ONU <a href=\"https:\/\/diarioelpopular.com\/2011\/10\/la-unesco-reconoce-a-palestina-como-estado\/\">admitiese a Palestina como Estado miembro de pleno derecho<\/a>, y seg\u00fan anunci\u00f3 este martes el ministro de Asuntos Exteriores, John Baird, durante una rueda de prensa en Ottawa.<\/p>\n<p>De momento, la participaci\u00f3n financiera de Canad\u00e1 seguir\u00e1 siendo de 10 millones de d\u00f3lares anuales, m\u00e1s 2 millones suplementarios destinados a la Comisi\u00f3n Canadiense en la UNESCO. La decisi\u00f3n de Ottawa supone que no se aportar\u00e1n nuevos fondos para cubrir posibles d\u00e9ficits, ni se considerar\u00e1 ninguna nueva propuesta de financiamiento para los programas de la agencia.<\/p>\n<p>La agencia de la ONU no podr\u00e1 contar con la contribuci\u00f3n canadiense para llenar el vac\u00edo dejado por EE UU, pa\u00eds que, tras la admisi\u00f3n de Palestina, ha <a href=\"https:\/\/diarioelpopular.com\/2011\/10\/ee-uu-retira-los-fondos-a-la-unesco-por-la-aceptacion-de-palestina-como-estado\/\">suspendido su contribuci\u00f3n de 60 millones anuales<\/a> a la organizaci\u00f3n, lo que representa la quinta parte del presupuesto de la Organizaci\u00f3n de Naciones Unidas para la Educaci\u00f3n, la Ciencia y la Cultura.<\/p>\n<p>El Gobierno federal conservador, gran aliado de Israel, hab\u00eda hecho campa\u00f1a entre los pa\u00edses miembros de la UNESCO para que votaran en contra del reconocimiento de la Autoridad Palestina como Estado. En una carta enviada la semana pasada a todos los pa\u00edses miembros de la agencia, el representante permanente de Canad\u00e1 en la organizaci\u00f3n, Andr\u00e9 Bachand, expresaba la &#8220;gran preocupaci\u00f3n&#8221; de Canad\u00e1 ante las iniciativas unilaterales de la Autoridad Palestina, y recordaba que la posici\u00f3n de Ottawaes que el \u00fanico medio para llegar a la creaci\u00f3n de un Estado palestino pasa por un acuerdo negociado con Israel.<\/p>\n<p>El lunes, tras <a href=\"https:\/\/diarioelpopular.com\/2011\/10\/la-unesco-reconoce-a-palestina-como-estado\/#video\">la votaci\u00f3n en la que se aprob\u00f3 el ingreso de Palestina<\/a>, Baird dijo que el Gobierno no estaba &#8220;contento\u201d con la decisi\u00f3n,\u00a0 y que se estaba planteando su participaci\u00f3n en la agencia: \u201cNo estamos contentos con la decisi\u00f3n de la UNESCO. Vamos a evaluar cu\u00e1l ser\u00e1 nuestra respuesta\u201d, declar\u00f3 el jefe de la diplomacia canadiense, preguntado por los periodistas.<\/p>\n<p>\u201cEstamos en proceso de evaluaci\u00f3n del futuro de nuestra participaci\u00f3n\u201d, a\u00f1adi\u00f3 Baird, quien subray\u00f3, no obstante, que esta agencia de la ONU realiza un \u201ctrabajo muy importante\u201d, sobre todo en la protecci\u00f3n del patrimonio mundial.<\/p>\n<p>La Organizaci\u00f3n de Naciones Unidas para la Educaci\u00f3n, la Ciencia y la Cultura decidi\u00f3 este lunes en Par\u00eds admitir a Palestina como miembro de pleno derecho por 107 votos contra 14 votos en contra, y con 52 abstenciones. Entre los votos en contra estuvieron los de Estados Unidos y Canad\u00e1.<\/p>\n<p>Washington anunci\u00f3 inmediatamente <a href=\"https:\/\/diarioelpopular.com\/2011\/10\/ee-uu-retira-los-fondos-a-la-unesco-por-la-aceptacion-de-palestina-como-estado\/\">la suspensi\u00f3n de un pago de 60 millones de d\u00f3lares<\/a> que ten\u00eda previsto realizar a la ONU en noviembre, una medida autom\u00e1tica, ya que Estados Unidos, gran aliado de Israel, hab\u00eda prohibido en los a\u00f1os noventa financiar a cualquier agencia de la ONU que admitiera a Palestina como miembro completo.<\/p>\n<p>La suspensi\u00f3n de la financiaci\u00f3n estadounidense representa un duro golpe para la UNESCO, puesto que Estados Unidos le proporciona un 22 por ciento de su presupuesto, con una contribuci\u00f3n de alrededor de 80 millones de d\u00f3lares por a\u00f1o. La directora general de la UNESCO, Irina Bokova, reconoci\u00f3 estar \u201cpreocupada por la estabilidad de su presupuesto\u201d.<\/p>\n<p>\u201cDeberemos trabajar para encontrar soluciones pr\u00e1cticas para preservar los recursos financieros de la UNESCO\u201d, dijo el secretario general de la ONU, Ban Ki-moon, que expres\u00f3 tambi\u00e9n su preocupaci\u00f3n.<\/p>\n<p>Mientras, Israel decidi\u00f3 acelerar la construcci\u00f3n de dos mil nuevas viviendas en el territorio ocupado de Jerusal\u00e9n Este y Cisjordania y suspender temporalmente la transferencia de fondos a los palestinos, en respuesta a la decisi\u00f3n de la UNESCO de aceptar a Palestina como miembro de pleno derecho.<\/p>\n","protected":false},"excerpt":{"rendered":"<p>El Gobierno no aportar\u00e1 nuevos fondos a la agencia de la ONU, en respuesta a la admisi\u00f3n de Palestina como Estado de pleno derecho.<br \/>\n<a href=\"http:\/\/diarioelpopular.com\/2011\/10\/la-unesco-reconoce-a-palestina-como-estado\/\"><span style=\"color: #000D54\">\u00bb La UNESCO admite a Palestina como Estado<\/span><\/a><br \/>\n<a href=\"http:\/\/diarioelpopular.com\/2011\/10\/ee-uu-retira-los-fondos-a-la-unesco-por-la-aceptacion-de-palestina-como-estado\/\"><span style=\"color: #000D54\">\u00bb EE UU retira los fondos a la UNESCO<\/span><\/a><\/p>\n","protected":false},"author":1,"featured_media":16704,"comment_status":"closed","ping_status":"open","sticky":false,"template":"","format":"standard","meta":{"footnotes":""},"categories":[21],"tags":[77,288,3874],"class_list":["post-16703","post","type-post","status-publish","format-standard","has-post-thumbnail","hentry","category-canada","tag-canada-2","tag-palestina","tag-unesco"],"_links":{"self":[{"href":"https:\/\/diarioelpopular.com\/index.php\/wp-json\/wp\/v2\/posts\/16703","targetHints":{"allow":["GET"]}}],"collection":[{"href":"https:\/\/diarioelpopular.com\/index.php\/wp-json\/wp\/v2\/posts"}],"about":[{"href":"https:\/\/diarioelpopular.com\/index.php\/wp-json\/wp\/v2\/types\/post"}],"author":[{"embeddable":true,"href":"https:\/\/diarioelpopular.com\/index.php\/wp-json\/wp\/v2\/users\/1"}],"replies":[{"embeddable":true,"href":"https:\/\/diarioelpopular.com\/index.php\/wp-json\/wp\/v2\/comments?post=16703"}],"version-history":[{"count":0,"href":"https:\/\/diarioelpopular.com\/index.php\/wp-json\/wp\/v2\/posts\/16703\/revisions"}],"wp:featuredmedia":[{"embeddable":true,"href":"https:\/\/diarioelpopular.com\/index.php\/wp-json\/"}],"wp:attachment":[{"href":"https:\/\/diarioelpopular.com\/index.php\/wp-json\/wp\/v2\/media?parent=16703"}],"wp:term":[{"taxonomy":"category","embeddable":true,"href":"https:\/\/diarioelpopular.com\/index.php\/wp-json\/wp\/v2\/categories?post=16703"},{"taxonomy":"post_tag","embeddable":true,"href":"https:\/\/diarioelpopular.com\/index.php\/wp-json\/wp\/v2\/tags?post=16703"}],"curies":[{"name":"wp","href":"https:\/\/api.w.org\/{rel}","templated":true}]}}