{"id":16807,"date":"2011-11-01T22:49:24","date_gmt":"2011-11-02T02:49:24","guid":{"rendered":"http:\/\/diarioelpopular.com\/?p=16807"},"modified":"2011-11-01T22:49:24","modified_gmt":"2011-11-02T02:49:24","slug":"lula-estoy-preparado-para-enfrentar-la-batalla","status":"publish","type":"post","link":"https:\/\/diarioelpopular.com\/index.php\/2011\/11\/01\/lula-estoy-preparado-para-enfrentar-la-batalla\/","title":{"rendered":"Lula: &#8220;Estoy preparado para enfrentar la batalla&#8221;"},"content":{"rendered":"<div id=\"attachment_16808\" style=\"width: 710px\" class=\"wp-caption aligncenter\"><a href=\"https:\/\/diarioelpopular.com\/wp-content\/uploads\/2011\/11\/El-expresidente-de-Brasil-Luiz-In%C3%A1cio-Lula-da-Silva-y-su-esposa-Marisa.jpg\"><img loading=\"lazy\" decoding=\"async\" aria-describedby=\"caption-attachment-16808\" class=\"size-full wp-image-16808\" title=\"El expresidente de Brasil Luiz In\u00e1cio Lula da Silva y su esposa Marisa\" src=\"https:\/\/diarioelpopular.com\/wp-content\/uploads\/2011\/11\/El-expresidente-de-Brasil-Luiz-In%C3%A1cio-Lula-da-Silva-y-su-esposa-Marisa.jpg\" alt=\"\" width=\"700\" height=\"420\" \/><\/a><p id=\"caption-attachment-16808\" class=\"wp-caption-text\">El expresidente de Brasil Luiz In\u00e1cio Lula da Silva y su esposa, Marisa, posan antes de salir del hospital Sirio Liban\u00e9s, donde el exgobernante recibi\u00f3 tratamiento contra el c\u00e1ncer de laringe que padece. Foto: Ricardo Stuckert \/ Instituto Lula \/ Efe<\/p><\/div>\n<p><em><strong>Efe. Sao Paulo (Brasil).-<\/strong><\/em> El expresidente de Brasil Luiz In\u00e1cio\u00a0Lula\u00a0da Silva recibi\u00f3 este martes el alta m\u00e9dica y abandon\u00f3 el hospital <a href=\"https:\/\/diarioelpopular.com\/2011\/10\/el-cancer-de-lula-tiene-gran-posibilidad-de-cura\/\">en el que ingres\u00f3 el lunes<\/a> para someterse a la primera sesi\u00f3n de quimioterapia dentro del tratamiento contra el c\u00e1ncer de laringe que padece.<\/p>\n<p>El Instituto Cidadania, organizaci\u00f3n no gubernamental fundada por\u00a0Lula, divulg\u00f3 un v\u00eddeo con un mensaje de agradecimiento del exgobernante grabado al lado de su esposa momentos antes de salir del Hospital Sirio Liban\u00e9s.<\/p>\n<p>&#8220;Una vez m\u00e1s quiero agradecerle al pueblo brasile\u00f1o por el cari\u00f1o y por la solidaridad. Lo que me pas\u00f3 es de esas cosas que le pasa a todo el mundo, pero que uno piensa que nunca van a sucederle. Estoy preparado para enfrentar una batalla y estoy seguro que vamos a conseguirlo f\u00e1cil&#8221;, afirm\u00f3\u00a0Lula\u00a0con voz af\u00f3nica.<\/p>\n<p>Lula, quien acaba de cumplir 66 a\u00f1os, agreg\u00f3 que con el seguimiento de las &#8220;recomendaciones m\u00e9dicas&#8221; y la &#8220;solidaridad del pueblo brasile\u00f1o&#8221; ser\u00e1 m\u00e1s f\u00e1cil vencer en su &#8220;lucha&#8221; contra el c\u00e1ncer.<\/p>\n<p>&#8220;Sin perseverancia, sin resistencia, sin garra, uno no consigue nada&#8221;, asever\u00f3\u00a0Lula, quien pidi\u00f3 disculpas por su voz af\u00f3nica y manifest\u00f3 su deseo de reencontrarse con sus seguidores pol\u00edticos &#8220;en una nueva asamblea, en un nuevo discurso, en un nuevo acto p\u00fablico&#8221;.<\/p>\n<p>El exmandatario, quien no hizo declaraciones a la prensa, dej\u00f3 el centro sanitario, ubicado en Sao Paulo, hacia las 15.45 hora local (17.45 GMT) por una puerta trasera con destino a su residencia, en el municipio pr\u00f3ximo de Sao Bernardo do Campo.<\/p>\n<p>Lula\u00a0estaba en compa\u00f1\u00eda de su esposa, Marisa Leticia, constat\u00f3 Efe.<\/p>\n<p>El doctor Artur Katz, miembro del equipo m\u00e9dico que trata al ex jefe de Estado, declar\u00f3 que\u00a0Lula\u00a0se encontrar\u00e1 cansado en los pr\u00f3ximos d\u00edas y que puede hacer &#8220;vida normal dentro del tratamiento&#8221;, por lo que tendr\u00e1 que limitar su agenda de trabajo.<\/p>\n<p>Los especialistas sometieron a\u00a0Lula\u00a0a una tomograf\u00eda por emisi\u00f3n de positrones (PET, por sus siglas en ingl\u00e9s) con la que se descart\u00f3 que el tumor se haya extendido a otras partes del cuerpo, seg\u00fan dijo a periodistas el cardi\u00f3logo Roberto Kalil, uno de los que atiende al expresidente.<\/p>\n<p>Kalil asegur\u00f3 que\u00a0Lula\u00a0ya ha recuperado su voz normal y descart\u00f3 que la quimioterapia haya causado cualquier tipo de efecto colateral.<\/p>\n<p>En un comunicado, la cl\u00ednica especializada en oncolog\u00eda indic\u00f3 que &#8220;el paciente concluy\u00f3 la primera sesi\u00f3n de quimioterapia sin interacciones y se realiz\u00f3 ex\u00e1menes PET y complementarios&#8221;, adem\u00e1s de pasar por una peque\u00f1a cirug\u00eda para la colocaci\u00f3n de un cat\u00e9ter, que estuvo a cargo del m\u00e9dico paraguayo Julio C\u00e9sar Mari\u00f1o.<\/p>\n<p>Est\u00e1 previsto que el exgobernante regrese al hospital dentro de unas tres semanas para continuar con el tratamiento y hasta entonces permanecer\u00e1 en su domicilio, donde recibir\u00e1 la medicaci\u00f3n a trav\u00e9s de un cat\u00e9ter.<\/p>\n<p>El lunes por la noche, la presidenta de Brasil y ahijada pol\u00edtica de\u00a0Lula, Dilma Rousseff, visit\u00f3 a su antecesor y afirm\u00f3 que el exmandatario se encontraba &#8220;muy bien y dispuesto&#8221;.<\/p>\n","protected":false},"excerpt":{"rendered":"<p>El expresidente de Brasil Luiz In\u00e1cio Lula da Silva recibi\u00f3 este martes el alta m\u00e9dica y abandon\u00f3 el hospital en el que ingres\u00f3 el lunes para someterse a la primera sesi\u00f3n de quimioterapia dentro del tratamiento contra el c\u00e1ncer de laringe que padece.<\/p>\n","protected":false},"author":1,"featured_media":16808,"comment_status":"closed","ping_status":"open","sticky":false,"template":"","format":"standard","meta":{"footnotes":""},"categories":[23],"tags":[478,302,1654],"class_list":["post-16807","post","type-post","status-publish","format-standard","has-post-thumbnail","hentry","category-latinoamerica","tag-brasil","tag-cancer","tag-lula"],"_links":{"self":[{"href":"https:\/\/diarioelpopular.com\/index.php\/wp-json\/wp\/v2\/posts\/16807","targetHints":{"allow":["GET"]}}],"collection":[{"href":"https:\/\/diarioelpopular.com\/index.php\/wp-json\/wp\/v2\/posts"}],"about":[{"href":"https:\/\/diarioelpopular.com\/index.php\/wp-json\/wp\/v2\/types\/post"}],"author":[{"embeddable":true,"href":"https:\/\/diarioelpopular.com\/index.php\/wp-json\/wp\/v2\/users\/1"}],"replies":[{"embeddable":true,"href":"https:\/\/diarioelpopular.com\/index.php\/wp-json\/wp\/v2\/comments?post=16807"}],"version-history":[{"count":0,"href":"https:\/\/diarioelpopular.com\/index.php\/wp-json\/wp\/v2\/posts\/16807\/revisions"}],"wp:featuredmedia":[{"embeddable":true,"href":"https:\/\/diarioelpopular.com\/index.php\/wp-json\/"}],"wp:attachment":[{"href":"https:\/\/diarioelpopular.com\/index.php\/wp-json\/wp\/v2\/media?parent=16807"}],"wp:term":[{"taxonomy":"category","embeddable":true,"href":"https:\/\/diarioelpopular.com\/index.php\/wp-json\/wp\/v2\/categories?post=16807"},{"taxonomy":"post_tag","embeddable":true,"href":"https:\/\/diarioelpopular.com\/index.php\/wp-json\/wp\/v2\/tags?post=16807"}],"curies":[{"name":"wp","href":"https:\/\/api.w.org\/{rel}","templated":true}]}}