{"id":16827,"date":"2011-11-02T10:13:59","date_gmt":"2011-11-02T14:13:59","guid":{"rendered":"http:\/\/diarioelpopular.com\/?p=16827"},"modified":"2011-11-02T10:13:59","modified_gmt":"2011-11-02T14:13:59","slug":"notas-del-futbol-hispano-18","status":"publish","type":"post","link":"https:\/\/diarioelpopular.com\/index.php\/2011\/11\/02\/notas-del-futbol-hispano-18\/","title":{"rendered":"Notas del f\u00fatbol hispano"},"content":{"rendered":"<div id=\"attachment_16829\" style=\"width: 785px\" class=\"wp-caption aligncenter\"><a href=\"https:\/\/diarioelpopular.com\/wp-content\/uploads\/2011\/11\/FOTO-1-NOTAS.jpg\"><img loading=\"lazy\" decoding=\"async\" aria-describedby=\"caption-attachment-16829\" class=\"size-full wp-image-16829\" title=\"La goleadora Christine St. Clair y la golera Karine Leblanc\" src=\"https:\/\/diarioelpopular.com\/wp-content\/uploads\/2011\/11\/FOTO-1-NOTAS.jpg\" alt=\"\" width=\"775\" height=\"425\" \/><\/a><p id=\"caption-attachment-16829\" class=\"wp-caption-text\">La goleadora Christine St. Clair y la golera Karine Leblanc, art\u00edfices del triunfo de Canad\u00e1 ante Brasil, y ganadoras de la medalla de oro en los recientes Juegos Panamericanos Guadalajara 2011, festejan con la bandera canadiense en pleno estadio Omilife ante miles de personas<\/p><\/div>\n<p>Canad\u00e1 recientemente gan\u00f3 la medalla de oro de los Juegos Panamericanos Guadalajara 2011, al vencer a Brasil en penales. Christine Sinclair igual\u00f3 el marcador a tres minutos del final y luego convirti\u00f3 uno de los cuatro intentos de penal en el partido a favor de Canad\u00e1 la noche del pasado jueves en un emocionante partido en Guadalajara. La guardameta Karina LeBlanc, fue otra de las figuras de la selecci\u00f3n canadiense, al atajar o desviar los lanzamientos de Grazielle Nascimento y Debor de Oliveira de Brasil, consiguiendo el triunfo de 4-3. M\u00e9xico, el pa\u00eds anfitri\u00f3n, venci\u00f3 1-0 a Colombia con un gol en el 10mo minuto del tiempo extra y obtuvo la medalla de bronce. Ha sido la tercera medalla que logra Canad\u00e1 despu\u00e9s de cuatro intentos en el torneo de f\u00fatbol femenino de los Juegos Panamericanos despu\u00e9s de llevarse la medalla de bronce en 2007 y la medalla de plata en 2003. En 1999 ocup\u00f3 el cuarto lugar, cuando el f\u00fatbol femenino hizo su debut en los Juegos Ol\u00edmpicos de la regi\u00f3n\u2026<\/p>\n<div id=\"attachment_16836\" style=\"width: 286px\" class=\"wp-caption alignright\"><a href=\"https:\/\/diarioelpopular.com\/wp-content\/uploads\/2011\/11\/FOTO-3-NOTAS.jpg\"><img loading=\"lazy\" decoding=\"async\" aria-describedby=\"caption-attachment-16836\" class=\"size-medium wp-image-16836\" title=\"Omar Granados, entrenador del equipo Azul y Blanco\" src=\"https:\/\/diarioelpopular.com\/wp-content\/uploads\/2011\/11\/FOTO-3-NOTAS-276x300.jpg\" alt=\"\" width=\"276\" height=\"300\" \/><\/a><p id=\"caption-attachment-16836\" class=\"wp-caption-text\">Omar Granados, entrenador del equipo Azul y Blanco, entre dos integrantes de este equipo en la Liga Burocr\u00e1tica<\/p><\/div>\n<p>Lamentablemente la cadena CBC due\u00f1a de los derechos de los recientes exitosos Panamericanos de Guadalajara 2011, no trasmiti\u00f3 este partido en \u201cvivo y directo\u201d. De esta forma no inspir\u00f3 a nuevas jovencitas canadienses a emular a estas jugadores que bajo un gran esfuerzo sacaron adelante un triunfo ante Brasil, una de las mejores selecciones del mundo. Los festejos de las chicas fueron emocionantes haciendo participar a la afici\u00f3n mexicana. John Herdman, nuevo entrenador de la selecci\u00f3n canadiense, viene renovando el plantel de jugadoras, algunas futbolistas como la se\u00f1orita Chistian St. Clair, abanderada de la delegaci\u00f3n canadiense en Guadalajara 2011, seguramente llegar\u00e1 al Mundial Femenino FIFA Canad\u00e1 2015 que se organizar\u00e1 en varias ciudades de nuestro pa\u00eds adoptivo menos en Toronto, porque tiene el compromiso de organizar Los Juegos Panamericanos 2015\u2026<\/p>\n<p>Otro canadiense triunfador en el f\u00fatbol soccer es Dwayne De Rosario, campe\u00f3n goleador del actual torneo de la MSL. Dwayne, jugando por tres equipos en una temporada: Toronto FC, Nueva York Bullreds y DC Washington, alcanz\u00f3 a meter 16 goles en el presente verano. Dwayne, titular indiscutible en la selecci\u00f3n canadiense, ahora se prepara para dos partidos pre eliminatorias ante la selecci\u00f3n caribe\u00f1a Kitts, el viernes 11 de visita y martes 18 de este mes en el BMO; de ganar o empatar uno de los dos juegos avanza a la pr\u00f3xima ronda de CONCACAF con rumbo a Brasil 2014\u2026<\/p>\n<p>Sa\u00fal Varela, comienza este viernes la primera fecha de los torneos indoor de la Liga Centro Sur La Original. Esmeralda Sporting, debuta contra Ambato es Internacional de don Galorita, que viene de campeonar en la Centro Sur en el pasado verano en la segunda divisi\u00f3n masters, a partir de las 7 y 30 de la noche en el primer partido oficial de la temporada 2011-12. Despu\u00e9s viene el juego entre Atl\u00e9tico Argentina ante Cerros Porte\u00f1os en masters, y cerrando la jornada de este viernes, Esmeralda Sporting, actual campe\u00f3n de la liga de Sa\u00fal en masters, se mide a M\u00e9xico FC a las 9 de la noche en el gimnasio West Humber Collegiate. En la jornada del s\u00e1bado se jugar\u00e1n partidos de adultos, veteranos, masters y super masters\u2026<\/p>\n<div id=\"attachment_16830\" style=\"width: 217px\" class=\"wp-caption alignleft\"><a href=\"https:\/\/diarioelpopular.com\/wp-content\/uploads\/2011\/11\/FOTO-2-NOTAS.jpg\"><img loading=\"lazy\" decoding=\"async\" aria-describedby=\"caption-attachment-16830\" class=\"size-medium wp-image-16830  \" title=\"El r\u00e9feri Ignacio Pisco\" src=\"https:\/\/diarioelpopular.com\/wp-content\/uploads\/2011\/11\/FOTO-2-NOTAS-296x300.jpg\" alt=\"\" width=\"207\" height=\"210\" \/><\/a><p id=\"caption-attachment-16830\" class=\"wp-caption-text\">El r\u00e9feri Ignacio Pisco, a la espera de los inicios del XXXI torneo invernal Copa Diario El Popular 2011-12<\/p><\/div>\n<p>De acuerdo a lo previsto el torneo infantil Copa Diario El Popular, comenzar\u00e1 en breve; mientras tanto Ignacio Pisco, coordinador de \u00e1rbitros, ya cuenta con su personal listo para este campeonato invernal con record de equipos infantiles para jugar en los gimnasios Driftwood Community los d\u00edas s\u00e1bado y Regina Pacis, los d\u00edas domingos\u2026<\/p>\n<p>Joselo Pisco, ha logrado formar un buen plantel de jugadores en el equipo \u201cRoosvelth Forever\u201d en el mejor homenaje p\u00f3stumo que se pod\u00eda hacer a la memoria de Roosvelth Angulo, fallecido en los primeros d\u00edas de marzo del presente a\u00f1os.<\/p>\n<p>Joselo, cuenta con la mayor\u00eda de juadores del equipo Eloy Alfaro, ganador de varios torneos veteranos en la Liga Centro Sur de Sa\u00fal Varela, en los \u00faltimos a\u00f1os. Inclusive Joselo Pisco, particip\u00f3 en este equipo del Eloy Alfaro en la Centro Sur de Sa\u00fal. El conjunto \u201cRoosvelth Forever\u201d compite en la divisi\u00f3n veteranos en la Liga Salvadore\u00f1a de Jos\u00e9 Turcios, que tiene numerosos equipos en la divisi\u00f3n adultos\u2026<\/p>\n<div id=\"attachment_16839\" style=\"width: 310px\" class=\"wp-caption alignright\"><a href=\"https:\/\/diarioelpopular.com\/wp-content\/uploads\/2011\/11\/FOTO-4-NOTAS.jpg\"><img loading=\"lazy\" decoding=\"async\" aria-describedby=\"caption-attachment-16839\" class=\"size-medium wp-image-16839\" title=\"El equipo Tepeyac FC de los hermanos Garc\u00eda\" src=\"https:\/\/diarioelpopular.com\/wp-content\/uploads\/2011\/11\/FOTO-4-NOTAS-300x180.jpg\" alt=\"\" width=\"300\" height=\"180\" \/><\/a><p id=\"caption-attachment-16839\" class=\"wp-caption-text\">El equipo Tepeyac FC de los hermanos Garc\u00eda, compite en el torneo adultos de la Liga Burocr\u00e1tica<\/p><\/div>\n<p>New York Red Bulls, el equipo de Thierry Henry y Los Angeles Galaxy, el de David Beckham, se enfrentaron en New Jersey dentro de la MLS, la liga de f\u00fatbol de Estados Unidos. Sin embargo, las que fueron dos de las mayores estrellas del f\u00fatbol europeo, ex de Barcelona y Real Madrid, se vieron eclipsadas por la aparici\u00f3n de Neymar. El joven astro del Santos lleg\u00f3 al estadio un d\u00eda despu\u00e9s de marcar cuatro goles al Atl\u00e9tico Paranaense para hacer el saque de honor. La presencia de Neymar revolucion\u00f3 el Red Bull Arena desde que el &#8216;speaker&#8217; del estadio le present\u00f3 como una &#8220;s\u00faper estrella&#8221;. El jugador del Santos pretendido por el Real Madrid, cuyo viaje al partido estuvo facilitado por un patrocinador, pos\u00f3 con los capitanes, Thierry Henry y Landon Donovan, antes del encuentro de semifinales de Conferencia que se sald\u00f3 con triunfo (0-1) de Los Angeles Galaxy. Neymar se mostr\u00f3 feliz por esta experiencia y tuvo palabras de elogio para Thierry Henry: &#8220;Para m\u00ed ha sido una enorme satisfacci\u00f3n tener la oportunidad de estar aqu\u00ed. Es un reflejo de que en otros pa\u00edses se reconoce el trabajo que estamos haciendo en Brasil. Es un placer ver a Henry, un jugador al he seguido desde hace mucho tiempo y que tuvo una trayectoria fant\u00e1stica, sobre todo en el Arsenal y el Barcelona. Y tambi\u00e9n con la selecci\u00f3n francesa, claro. Su estilo es diferente al m\u00edo pero es uno de los mejores delanteros del f\u00fatbol mundial&#8221;. Esta no ha sido la primera visita de Neymar a New Jersey. En agosto del a\u00f1o pasado marc\u00f3 el primer gol de la selecci\u00f3n brasile\u00f1a en Estados Unidos y en el triunfo de la &#8216;canarinha&#8217; ante el equipo norteamericano. El otro gol lo marc\u00f3 Pato\u2026<\/p>\n<div id=\"attachment_16845\" style=\"width: 310px\" class=\"wp-caption alignleft\"><a href=\"https:\/\/diarioelpopular.com\/wp-content\/uploads\/2011\/11\/FOTO-8-NOTAS.jpg\"><img loading=\"lazy\" decoding=\"async\" aria-describedby=\"caption-attachment-16845\" class=\"size-medium wp-image-16845\" title=\"Brent con su padre, Roberto Sadko\" src=\"https:\/\/diarioelpopular.com\/wp-content\/uploads\/2011\/11\/FOTO-8-NOTAS-300x237.jpg\" alt=\"\" width=\"300\" height=\"237\" \/><\/a><p id=\"caption-attachment-16845\" class=\"wp-caption-text\">Brent con su padre, Roberto Sadko, que vuelve con su Cruz Azul en los torneos latinos de la ciudad<\/p><\/div>\n<p>Alfredo di St\u00e9fano sigue alabando a Leo Messi, su compatriota que juega en el FC Barcelona. A pesar de ser el presidente honor\u00edfico del Real Madrid, &#8216;la Saeta Rubia&#8217; no tiene problemas para destacar al 10 del Bar\u00e7a y de Argentina en una entrevista a la revista de la Asociaci\u00f3n de F\u00fatbol Argentino (AFA). &#8220;Gracias a que es inteligente y a que sabe descifrar los partidos es que se coloca en el lugar id\u00f3neo y con movimientos oportunos. La verdad es que es extraordinario verlo jugar. Yo me deleito cada jornada en Espa\u00f1a con sus goles, claro, cuando no se los encaja al Real Madrid&#8221;. Di St\u00e9fano asegura que Leo deb\u00eda ser el capit\u00e1n de la albiceleste: &#8220;Es una distinci\u00f3n que Messi se merec\u00eda, sencillamente porque agrupa todas las caracter\u00edsticas necesarias. Luego, bueno, tiene un talento inconmensurable. Ha ayudado a que su equipo sea una m\u00e1quina de ganar t\u00edtulos. Adem\u00e1s estoy seguro de que la decisi\u00f3n ayudar\u00e1 a fomentar la uni\u00f3n del grupo, esta es la misi\u00f3n m\u00e1s importante que tiene a su cargo&#8221;. Adem\u00e1s, el presidente honor\u00edfico blanco mand\u00f3 un mensaje a los seguidores albicelestes: &#8220;Ser\u00eda justo que la afici\u00f3n argentina lo reconozca y lo premie con su apoyo. Es la gran figura de la Selecci\u00f3n, desde hace tiempo lo ha demostrado. Siempre lo observo en los partidos con Argentina luchar y hacer su mayor esfuerzo&#8221;\u2026<\/p>\n<p>El f\u00fatbol europeo vive un aut\u00e9ntico boom del &#8216;hat trick&#8217; en la primera fase de la temporada 2011-12. Leo Messi ya ha marcado tres con el Bar\u00e7a, pero la casi totalidad de delanteros de \u00e9lite, excepto Fernando Torres, Didier Drogba o Zlatan Ibrahimovic, le han imitado. Liga BBVA y Premier League concentran esta espectacular productividad goleadora. Adem\u00e1s de Messi, los madridistas Cristiano y Marcelo Higua\u00edn, \u00e9ste contando con el Argentina-Chile, tambi\u00e9n acumulan tres &#8216;hat tricks&#8217;. Roberto Soldado y Radamel Falcao lo han logrado en una ocasi\u00f3n con Valencia y Atl\u00e9tico Madrid. En Inglaterra, Wayne Rooney tambi\u00e9n ha demostrado su voracidad en el \u00e1rea marcando tres goles en dos encuentros, destacando el que firm\u00f3 en el hist\u00f3rico 8-2 ante el Arsenal. Robin van Persie los logr\u00f3 el s\u00e1bado en el no menos memorable 3-5 del Chelsea-Arsenal, mientras Sergio Ag\u00fcero (ManCity) bati\u00f3 tres veces al Wigan. Su compa\u00f1ero Edin Dzeko ha ido m\u00e1s all\u00e1 al marcar cuatro al Tottenham. En la Bundesliga, el &#8216;pichichi&#8217; Mario G\u00f3mez lleva un p\u00f3quer y un &#8216;hat trick&#8217; con el Bayern. Y Klaas-Jan Huntelaar, con dos y uno respectivamente en el Schalke, los supera a todos. Neymar (cuatro goles el s\u00e1bado) y Ronaldinho (tres en un incre\u00edble Santos, 4-Flamengo, 5) no pod\u00edan fallar\u2026<\/p>\n<div id=\"attachment_16842\" style=\"width: 310px\" class=\"wp-caption alignright\"><a href=\"https:\/\/diarioelpopular.com\/wp-content\/uploads\/2011\/11\/FOTO-7-NOTAS.jpg\"><img loading=\"lazy\" decoding=\"async\" aria-describedby=\"caption-attachment-16842\" class=\"size-medium wp-image-16842 \" title=\"Alexis S\u00e1nchez, con posibilidad de jugar por Chile\" src=\"https:\/\/diarioelpopular.com\/wp-content\/uploads\/2011\/11\/FOTO-7-NOTAS-300x288.jpg\" alt=\"\" width=\"300\" height=\"288\" \/><\/a><p id=\"caption-attachment-16842\" class=\"wp-caption-text\">Alexis S\u00e1nchez, con posibilidad de jugar por Chile ante Uruguay y Paraguay en las pr\u00f3ximas fechas de las eliminatorias sudamericanas<\/p><\/div>\n<p>El delantero chileno Alexis S\u00e1nchez fue parte de la delegaci\u00f3n del Barcelona hacia Praga, donde jugar\u00f3n el partido correspondiente a la Liga de Campeones ante el Viktoria Pilsen. S\u00e1nchez est\u00e1 cumpliendo el plazo final de su recuperaci\u00f3n y Josep Guardiola, su t\u00e9cnico, no quiere perder ninguna oportunidad para favorecer la integraci\u00f3n del nuevo jugador azulgrana con todo el grupo. El chileno se lesion\u00f3 el 10 de septiembre al sufrir una rotura en el b\u00edceps femoral y los m\u00e9dicos del Barcelona pronosticaron su reaparici\u00f3n para mediados de noviembre, aunque este plazo podr\u00eda acortarse si sigue evolucionando como hasta ahora. S\u00e1nchez fue considerado por Guardiola en el inicio de temporada, pero su progresi\u00f3n qued\u00f3 frustrada por la lesi\u00f3n muscular, una m\u00e1s de las muchas que viene padeciendo el plantel desde el comienzo de la campa\u00f1a. En Chile esper\u00e1n que S\u00e1nchez, estar\u00eda disponible para jugar en su selecci\u00f3n en los partidos contra Uruguay y Paraguay en el marco de las eliminatorias sudamericanas que se jugar\u00e1n el 11 y 15 de este mes\u2026<\/p>\n<p>El pa\u00eds anfitri\u00f3n Canad\u00e1 se enfrentar\u00e1 a Costa Rica, Cuba y Hait\u00ed, mientras que Estados Unidos jugar\u00e1 contra M\u00e9xico, Guatemala y la Rep\u00fablica Dominicana en la apertura de la etapa de grupos del Preol\u00edmpico Femenino de CONCACAF. El sorteo para el nuevo evento que tendr\u00e1 lugar del 19 al 29 de enero en Vancouver, determin\u00f3 una revancha entre el dos veces ganador del torneo, Estados Unidos, en contra de M\u00e9xico, que el a\u00f1o pasado arrebat\u00f3 a las estadounidenses en las semifinales del Premundial de CONCACAF. Dos equipos se clasificar\u00e1n para los Juegos Ol\u00edmpicos de 2012 que se celebrar\u00e1n en Londres del 27 de julio hasta el 12 de agosto del a\u00f1o pr\u00f3ximo. Estados Unidos venci\u00f3 a Canad\u00e1 por penales en la final de la clasificatoria ol\u00edmpica de 2008 y derrot\u00f3 a M\u00e9xico 3-2 en 2004\u2026<\/p>\n<div id=\"attachment_16831\" style=\"width: 310px\" class=\"wp-caption alignleft\"><a href=\"https:\/\/diarioelpopular.com\/wp-content\/uploads\/2011\/11\/FOTO-5-NOTAS.jpg\"><img loading=\"lazy\" decoding=\"async\" aria-describedby=\"caption-attachment-16831\" class=\"size-medium wp-image-16831 \" title=\"Diego Armando Maradona\" src=\"https:\/\/diarioelpopular.com\/wp-content\/uploads\/2011\/11\/FOTO-5-NOTAS-300x241.jpg\" alt=\"\" width=\"300\" height=\"241\" \/><\/a><p id=\"caption-attachment-16831\" class=\"wp-caption-text\">Diego Armando Maradona recientemente cumpli\u00f3 sus 51 a\u00f1os en una gr\u00e1fica de anta\u00f1o con este reportero, HVM, cuando lo entrevist\u00e9 hace unos 18 a\u00f1os: el tiempo pasa volando<\/p><\/div>\n<p>El astro argentino Diego Armando Maradona celebr\u00f3 el reciente domingo su cumplea\u00f1os n\u00famero 51 en Dub\u00e1i, donde entrena al equipo Al-Wasl. Tras el entrenamiento del anterior domingo, el \u2018Pelusa\u2019 comparti\u00f3 una reuni\u00f3n con los dirigentes, jugadores y su cuerpo t\u00e9cnico, en la que tambi\u00e9n particip\u00f3 su novia, Ver\u00f3nica Ojeda. Seg\u00fan inform\u00f3 la televisi\u00f3n de Abu Dhabi, Maradona se\u00f1al\u00f3 que hizo lo mejor que pudo como jugador y ahora est\u00e1 interesado en evolucionar como entrenador. Adem\u00e1s, detallaron medios argentinos, las hijas del ex futbolista, Dalma y Giannina, viajaron por sorpresa a Dub\u00e1i, junto con el peque\u00f1o Benjam\u00edn, hijo de la \u00faltima con el jugador de la selecci\u00f3n argentina \u201cSergio \u201cKun Ag\u00fcero. Precisamente, el \u2018Kun\u2019 salud\u00f3 a su suegro a trav\u00e9s de su cuenta de Twitter. El delantero del Manchester City escribi\u00f3 en la red de mensajes instant\u00e1neos: \u201cPara mi suegro, los mejores 51. Feliz cumple, Diego\u201d. En el Twitter argentino el hashtag #FelizCumpleDiego se convirti\u00f3 en uno de los m\u00e1s mencionados\u2026<\/p>\n<p>Un equipo latino canadiense de futsal, obtuvo un meritorio tercer lugar en un torneo celebrado en Nueva Jersey ante poderosos participantes de M\u00e9xico, Estados Unidos y Colombia, que a la postre fue campe\u00f3n de este reciente cert\u00e1men. Johnny Bustamante, Rodrigo Quiroga, el golero Josua Lemos, Josue Jaramillo, Eduardo J\u00e1uregui y Marcelito Oertel, estuvieron entre los mejores jugadores del equipo latino canadiense\u2026<\/p>\n<p>El dirigente y entrenador Roberto Sadko, luego de una ausencia prolongada de los torneos, ha vuelto a competir con su equipo Cruz Azul en un torneo de indoor soccer, con sus jugadores Marco Rodr\u00edguez, Mario Aillo, Kike Valencia, Francisco Rojas entre otros. Roberto, en los \u00faltimos a\u00f1os ha ganado varios t\u00edtulos en diversas ligas e inclusive fue manager de la Selecci\u00f3n Canadiense FIFA que particip\u00f3 en el pasado torneo internacional en Brasil\u2026<\/p>\n<div id=\"attachment_16832\" style=\"width: 224px\" class=\"wp-caption alignright\"><a href=\"https:\/\/diarioelpopular.com\/wp-content\/uploads\/2011\/11\/FOTO-6-NOTAS...jpg\"><img loading=\"lazy\" decoding=\"async\" aria-describedby=\"caption-attachment-16832\" class=\"size-medium wp-image-16832\" title=\"Miguel \u201cnegro\u201d Morales\" src=\"https:\/\/diarioelpopular.com\/wp-content\/uploads\/2011\/11\/FOTO-6-NOTAS..-214x300.jpg\" alt=\"\" width=\"214\" height=\"300\" \/><\/a><p id=\"caption-attachment-16832\" class=\"wp-caption-text\">Miguel \u201cnegro\u201d Morales (der), felicit\u00e1ndose con Pablo Due\u00f1as y Pancho Castro, luego de ganar el t\u00edtulo de los super masters con el Ciudad de Quito en la Centro Sur de Sa\u00fal Varela<\/p><\/div>\n<p>El r\u00e9feri Jimmy Suarez, es muy extra\u00f1ado en la Liga Burocr\u00e1tica, su ausencia se debe a un trabajo que viene cumpliendo lejos de la ciudad, y ante la poca posibilidad de cumplir debidamente con Carlos Brizuela, ha solicitado una licencia de varias semanas\u2026<\/p>\n<p>Alfredo Oyague, considerado el mejor r\u00e9feri hispano de la actual temporada, coordina la Liga Salvadore\u00f1a y dirige en otros torneos latinos, lo propio en el Soccer Centre y campeonatos. Es decir est\u00e1 lleno de peticiones. En cambio a otros colegas r\u00e9feris no los llaman ni para saludarlos\u2026<\/p>\n<p>Miguel \u201cnegro\u201d Morales, el mejor golero del pasado torneo super masters en la Liga Centro Sur de Sa\u00fal Varela, se retir\u00f3 del f\u00fatbol obligado por una lesi\u00f3n al hombro en el reciente verano jugando por el Ciudad de Quito en la Liga Hispana. El \u201cnegro\u201d Morales, dirigente de gran trabajo en el Ciudad de Quito, anuncia el primer torneo mundial de 40 (naipes) a jugarse el viernes 25 y s\u00e1bado 26 en el T\u00edpico Ecuatoriano y la gran final en la actividad del canelazo quite\u00f1o. Los interesados comunicarse con el \u201cNegro\u201d Morales, al tel\u00e9fono 416-744-6196\u2026<\/p>\n<p>Hasta la pr\u00f3xima\u2026<\/p>\n","protected":false},"excerpt":{"rendered":"<p>Canad\u00e1 recientemente gan\u00f3 la medalla de oro de los Juegos Panamericanos Guadalajara 2011, al vencer a Brasil en penales. Christine Sinclair igual\u00f3 el marcador a&hellip;<\/p>\n","protected":false},"author":1,"featured_media":16828,"comment_status":"closed","ping_status":"open","sticky":false,"template":"","format":"standard","meta":{"footnotes":""},"categories":[28],"tags":[657],"class_list":["post-16827","post","type-post","status-publish","format-standard","has-post-thumbnail","hentry","category-deportes","tag-futbol-hispano"],"_links":{"self":[{"href":"https:\/\/diarioelpopular.com\/index.php\/wp-json\/wp\/v2\/posts\/16827","targetHints":{"allow":["GET"]}}],"collection":[{"href":"https:\/\/diarioelpopular.com\/index.php\/wp-json\/wp\/v2\/posts"}],"about":[{"href":"https:\/\/diarioelpopular.com\/index.php\/wp-json\/wp\/v2\/types\/post"}],"author":[{"embeddable":true,"href":"https:\/\/diarioelpopular.com\/index.php\/wp-json\/wp\/v2\/users\/1"}],"replies":[{"embeddable":true,"href":"https:\/\/diarioelpopular.com\/index.php\/wp-json\/wp\/v2\/comments?post=16827"}],"version-history":[{"count":0,"href":"https:\/\/diarioelpopular.com\/index.php\/wp-json\/wp\/v2\/posts\/16827\/revisions"}],"wp:featuredmedia":[{"embeddable":true,"href":"https:\/\/diarioelpopular.com\/index.php\/wp-json\/"}],"wp:attachment":[{"href":"https:\/\/diarioelpopular.com\/index.php\/wp-json\/wp\/v2\/media?parent=16827"}],"wp:term":[{"taxonomy":"category","embeddable":true,"href":"https:\/\/diarioelpopular.com\/index.php\/wp-json\/wp\/v2\/categories?post=16827"},{"taxonomy":"post_tag","embeddable":true,"href":"https:\/\/diarioelpopular.com\/index.php\/wp-json\/wp\/v2\/tags?post=16827"}],"curies":[{"name":"wp","href":"https:\/\/api.w.org\/{rel}","templated":true}]}}