{"id":17281,"date":"2011-11-06T21:19:40","date_gmt":"2011-11-07T02:19:40","guid":{"rendered":"http:\/\/diarioelpopular.com\/?p=17281"},"modified":"2011-11-06T21:19:40","modified_gmt":"2011-11-07T02:19:40","slug":"la-virgen-de-la-caridad-llega-a-la-habana","status":"publish","type":"post","link":"https:\/\/diarioelpopular.com\/index.php\/2011\/11\/06\/la-virgen-de-la-caridad-llega-a-la-habana\/","title":{"rendered":"La Virgen de la Caridad llega a La Habana"},"content":{"rendered":"<div id=\"attachment_17282\" style=\"width: 710px\" class=\"wp-caption aligncenter\"><a href=\"https:\/\/diarioelpopular.com\/wp-content\/uploads\/2011\/11\/La-Virgen-de-la-Caridad-llega-a-La-Habana.jpg\"><img loading=\"lazy\" decoding=\"async\" aria-describedby=\"caption-attachment-17282\" class=\"size-full wp-image-17282\" title=\"La Virgen de la Caridad llega a La Habana\" src=\"https:\/\/diarioelpopular.com\/wp-content\/uploads\/2011\/11\/La-Virgen-de-la-Caridad-llega-a-La-Habana.jpg\" alt=\"\" width=\"700\" height=\"420\" \/><\/a><p id=\"caption-attachment-17282\" class=\"wp-caption-text\">Miles de personas reciben a la imagen de la Virgen de la Caridad del Cobre, conocida como la &quot;Patrona de Cuba&quot;, en el poblado de Baracoa, en La Habana. Foto: Alejandro Ernesto \/ Efe<\/p><\/div>\n<p><em><strong>Raquel Martori. La\u00a0Habana.-<\/strong><\/em> La imagen de la\u00a0Virgen\u00a0de la\u00a0Caridad\u00a0del Cobre lleg\u00f3 este domingo a La\u00a0Habana\u00a0en la \u00faltima etapa del in\u00e9dito recorrido que realiza por Cuba con \u00e9nfasis en su simbolismo en favor de &#8220;la paz, la unidad familiar y la esperanza&#8221; y en el marco de la nueva relaci\u00f3n entre la Iglesia cat\u00f3lica y el Gobierno de Ra\u00fal Castro.<\/p>\n<p>El cardenal Jaime Ortega presidi\u00f3 el recibimiento a la\u00a0Virgen, Patrona de Cuba, en la peque\u00f1a comunidad de &#8220;Menelao&#8221;, donde decenas de personas le dieron la bienvenida bajo una pertinaz llovizna propia de la temporada invernal tras su itinerario por la di\u00f3cesis de Pinar del R\u00edo, la provincia m\u00e1s occidental de la isla.<\/p>\n<p>Ese fue el pr\u00f3logo del acto de recibimiento oficial celebrado poco despu\u00e9s en una plazoleta de la playa de Baracoa, situada a unos 35 kil\u00f3metros al oeste de LaHabana, al que lleg\u00f3 en su urna de cristal sobre un veh\u00edculo blanco en cuyos laterales se le\u00eda &#8220;La\u00a0Caridad\u00a0nos une&#8221; y &#8220;Virgen\u00a0de la\u00a0Caridad\u00a0del Cobre bend\u00edcenos&#8221;.<\/p>\n<p>Cientos de personas de todas la edades, sexos y razas, algunas en silla de ruedas, acudieron a esta cita, muchas de ellas vestidas con prendas de color amarillo y ramos de girasoles, populares alegor\u00edas a esta\u00a0Virgen\u00a0identificada como Och\u00fan -deidad del amor y la salud- para los cultos sincr\u00e9ticos de la santer\u00eda cubana.<\/p>\n<p>V\u00edtores a la\u00a0Virgen, a la Iglesia cat\u00f3lica y a Cuba, aplausos y oraciones se escucharon durante la ceremonia.<\/p>\n<p>&#8220;Viene a traernos amor, bendiciones a todos, a pesar de la lluvia est\u00e1n aqu\u00ed, eso significa el amor que el pueblo tiene por su patrona&#8221;, manifest\u00f3 el cardenal Ortega, tambi\u00e9n arzobispo de La\u00a0Habana.<\/p>\n<p>La\u00a0Caridad\u00a0del Cobre es conocida tambi\u00e9n como la &#8220;Virgen\u00a0mambisa&#8221; por la veneraci\u00f3n que le prodigaron los cubanos participantes en las guerras de independencia de Espa\u00f1a a finales siglo XIX, que la consideraron un s\u00edmbolo de patriotismo y de identidad.<\/p>\n<p>&#8220;Estoy muy emocionada y llorando desde que la vi, soy devota de ella&#8221;, declar\u00f3 a Efe Mar\u00eda Herminia Gonz\u00e1lez, de 72 a\u00f1os, en la comunidad de Menelao.<\/p>\n<p>Aunque confes\u00f3 que no asiste a la iglesia, el joven de 17 Pablo Ca\u00f1ete se declar\u00f3 &#8220;fan\u00e1tico&#8221; de la\u00a0Caridad\u00a0del Cobre a la que le pide &#8220;siempre tener mucha salud&#8221; para \u00e9l y su familia.<\/p>\n<p>Roberto, de 35 a\u00f1os y practicante del culto yoruba (santer\u00eda), mostr\u00f3 a Efe las pulseras y collar que le identifican como hijo de Och\u00fan que, seg\u00fan dice, le protege y le da vida.<\/p>\n<p>Muchos asistentes celebraron el buen momento que atraviesan las relaciones entre la Iglesia cat\u00f3lica y el Estado cubano, despu\u00e9s de d\u00e9cadas de tensiones y altibajos durante la revoluci\u00f3n que lider\u00f3 Fidel Castro.<\/p>\n<p>Mar\u00eda Elena, farmac\u00e9utica retirada, ve &#8220;muy positiva&#8221; la nueva relaci\u00f3n entre iglesia y Gobierno porque &#8220;rompe tensiones y unifica a las familias. Eso es muy importante para el bien de todos&#8221;<\/p>\n<p>Y Mar\u00eda Antonia, una vecina de Baracoa de 61 a\u00f1os, record\u00f3 precisamente la tensi\u00f3n que se produjo en Cuba con la Iglesia cat\u00f3lica al triunfar la revoluci\u00f3n.<\/p>\n<p>&#8220;Recuerdo que cuando yo ten\u00eda nueve o diez a\u00f1os (los seguidores de la revoluci\u00f3n) gritaban a las personas que \u00edbamos a misa, llamaban ladrones a los curas&#8230; Pero gracias a Dios ya ha llegado el tiempo en que eso ha mejorado&#8221;, apunt\u00f3.<\/p>\n<p>Tras recorrer 28.000 kil\u00f3metros por pueblos y ciudades de oriente a occidente, la imagen de la\u00a0Caridad\u00a0visitar\u00e1 ahora parroquias, hospitales, cementerios, centros universitarios de los quince municipios capitalinos.<\/p>\n<p>El arzobispo de La\u00a0Habana\u00a0ha anunciado que la gran misa final de este peregrinaje nacional ser\u00e1 el 30 de diciembre en la Avenida del Puerto de La\u00a0Habana.<\/p>\n<p>La peregrinaci\u00f3n comenz\u00f3 el 8 de agosto del a\u00f1o pasado con motivo de los 400 a\u00f1os del hallazgo de la imagen y el 2012 ha sido declarado &#8220;a\u00f1o jubilar&#8221;.<\/p>\n<p>Seg\u00fan la leyenda, la imagen de esta\u00a0Virgen\u00a0apareci\u00f3 por primera vez en 1612 ante tres pescadores que iban en una barca por la bah\u00eda oriental de Nipe.<\/p>\n<p>La\u00a0Virgen\u00a0de La\u00a0Caridad\u00a0tiene su santuario nacional en El Cobre, peque\u00f1o pueblo cercano a Santiago, a unos 900 kil\u00f3metros al este de La\u00a0Habana, fue declarada patrona de Cuba el 10 de mayo de 1916 y coronada personalmente por el papa Juan Pablo II el 24 de enero de 1998, durante su visita a la isla.<\/p>\n","protected":false},"excerpt":{"rendered":"<p>La imagen de la Virgen de la Caridad del Cobre lleg\u00f3 este domingo a La Habana en la \u00faltima etapa del in\u00e9dito recorrido que realiza por Cuba con \u00e9nfasis en su simbolismo en favor de &#8220;la paz, la unidad familiar y la esperanza&#8221; y en el marco de la nueva relaci\u00f3n entre la Iglesia cat\u00f3lica y el Gobierno de Ra\u00fal Castro.<\/p>\n","protected":false},"author":1,"featured_media":17282,"comment_status":"closed","ping_status":"open","sticky":false,"template":"","format":"standard","meta":{"footnotes":""},"categories":[23],"tags":[60,6251,8515,7579],"class_list":["post-17281","post","type-post","status-publish","format-standard","has-post-thumbnail","hentry","category-latinoamerica","tag-cuba","tag-la-habana","tag-virgen-de-la-caridad","tag-virgen-de-la-caridad-del-cobre"],"_links":{"self":[{"href":"https:\/\/diarioelpopular.com\/index.php\/wp-json\/wp\/v2\/posts\/17281","targetHints":{"allow":["GET"]}}],"collection":[{"href":"https:\/\/diarioelpopular.com\/index.php\/wp-json\/wp\/v2\/posts"}],"about":[{"href":"https:\/\/diarioelpopular.com\/index.php\/wp-json\/wp\/v2\/types\/post"}],"author":[{"embeddable":true,"href":"https:\/\/diarioelpopular.com\/index.php\/wp-json\/wp\/v2\/users\/1"}],"replies":[{"embeddable":true,"href":"https:\/\/diarioelpopular.com\/index.php\/wp-json\/wp\/v2\/comments?post=17281"}],"version-history":[{"count":0,"href":"https:\/\/diarioelpopular.com\/index.php\/wp-json\/wp\/v2\/posts\/17281\/revisions"}],"wp:featuredmedia":[{"embeddable":true,"href":"https:\/\/diarioelpopular.com\/index.php\/wp-json\/"}],"wp:attachment":[{"href":"https:\/\/diarioelpopular.com\/index.php\/wp-json\/wp\/v2\/media?parent=17281"}],"wp:term":[{"taxonomy":"category","embeddable":true,"href":"https:\/\/diarioelpopular.com\/index.php\/wp-json\/wp\/v2\/categories?post=17281"},{"taxonomy":"post_tag","embeddable":true,"href":"https:\/\/diarioelpopular.com\/index.php\/wp-json\/wp\/v2\/tags?post=17281"}],"curies":[{"name":"wp","href":"https:\/\/api.w.org\/{rel}","templated":true}]}}