{"id":17305,"date":"2011-11-06T21:16:57","date_gmt":"2011-11-07T02:16:57","guid":{"rendered":"http:\/\/diarioelpopular.com\/?p=17305"},"modified":"2011-11-06T21:16:57","modified_gmt":"2011-11-07T02:16:57","slug":"el-mexicano-hector-rangel-lidera-la-vuelta-a-bolivia","status":"publish","type":"post","link":"https:\/\/diarioelpopular.com\/index.php\/2011\/11\/06\/el-mexicano-hector-rangel-lidera-la-vuelta-a-bolivia\/","title":{"rendered":"El mexicano H\u00e9ctor Rangel lidera la Vuelta a Bolivia"},"content":{"rendered":"<div id=\"attachment_17306\" style=\"width: 710px\" class=\"wp-caption aligncenter\"><a href=\"https:\/\/diarioelpopular.com\/wp-content\/uploads\/2011\/11\/El-mexicano-H%C3%A9ctor-Rangel-gana-la-tercera-etapa-y-lidera-la-Vuelta-a-Bolivia.jpg\"><img loading=\"lazy\" decoding=\"async\" aria-describedby=\"caption-attachment-17306\" class=\"size-full wp-image-17306\" title=\"El mexicano H\u00e9ctor Rangel gana la tercera etapa y lidera la Vuelta a Bolivia\" src=\"https:\/\/diarioelpopular.com\/wp-content\/uploads\/2011\/11\/El-mexicano-H%C3%A9ctor-Rangel-gana-la-tercera-etapa-y-lidera-la-Vuelta-a-Bolivia.jpg\" alt=\"\" width=\"700\" height=\"420\" \/><\/a><p id=\"caption-attachment-17306\" class=\"wp-caption-text\">H\u00e9ctor Hugo Rangel se impone en la tercera etapa de la Vuelta a Bolivia. Foto: Juan Carlos Torrej\u00f3n \/ Efe<\/p><\/div>\n<p><em><strong>Efe. La Paz.-<\/strong><\/em> El ciclista mexicano H\u00e9ctor Hugo Rangel, del equipo Depredadores de Chetumal, se impuso en la tercera etapa de la Vuelta a\u00a0Bolivia\u00a0con un recorrido de 215 kil\u00f3metros y un tiempo de cuatro horas, 48 minutos y 38 segundos.<\/p>\n<p>El boliviano Horacio Gallardo, del equipo local Glas Casa Real, cruz\u00f3 la meta a cuatro segundos y el colombiano Miguel Ni\u00f1o, del EBSA, a seis, para completar el podio de esta etapa entre el pueblo de Guti\u00e9rrez con la ciudad de Santa Cruz (este).<\/p>\n<p>Rangel se convirti\u00f3 en el l\u00edder de la competencia, que comenz\u00f3 formalmente este domingo, ya que la Uni\u00f3n Ciclista Internacional (UCI) decidi\u00f3 que el resultado de las dos primeras etapas, la del viernes y del s\u00e1bado, no cuenten para la clasificaci\u00f3n general porque no fueron aprobadas oficialmente.<\/p>\n<p>M\u00e1s de 70 pedalistas de Argentina,\u00a0Bolivia, Colombia, Ecuador, Espa\u00f1a y M\u00e9xico participan en la competencia que concluir\u00e1 el 13 de noviembre, tras recorrer 1.619 kil\u00f3metros en seis de las nueve regiones bolivianas.<\/p>\n<p>El trayecto recorrido hoy por los ciclistas fue el m\u00e1s largo de la prueba. En \u00e9l hubo algo de neblina y se corri\u00f3 bajo temperaturas de entre 27 a 30 grados cent\u00edgrados.<\/p>\n<p>La cuarta etapa se disputar\u00e1 ma\u00f1ana entre la ciudad de Santa Cruz y el pueblo de Buena Vista, con un recorrido de 189 kil\u00f3metros.<\/p>\n","protected":false},"excerpt":{"rendered":"<p>El ciclista mexicano H\u00e9ctor Hugo Rangel, del equipo Depredadores de Chetumal, se impuso en la tercera etapa de la Vuelta a Bolivia con un recorrido de 215 kil\u00f3metros y un tiempo de cuatro horas, 48 minutos y 38 segundos.<\/p>\n","protected":false},"author":1,"featured_media":17306,"comment_status":"closed","ping_status":"open","sticky":false,"template":"","format":"standard","meta":{"footnotes":""},"categories":[28],"tags":[1215,8516],"class_list":["post-17305","post","type-post","status-publish","format-standard","has-post-thumbnail","hentry","category-deportes","tag-ciclismo","tag-vuelta-a-bolivia"],"_links":{"self":[{"href":"https:\/\/diarioelpopular.com\/index.php\/wp-json\/wp\/v2\/posts\/17305","targetHints":{"allow":["GET"]}}],"collection":[{"href":"https:\/\/diarioelpopular.com\/index.php\/wp-json\/wp\/v2\/posts"}],"about":[{"href":"https:\/\/diarioelpopular.com\/index.php\/wp-json\/wp\/v2\/types\/post"}],"author":[{"embeddable":true,"href":"https:\/\/diarioelpopular.com\/index.php\/wp-json\/wp\/v2\/users\/1"}],"replies":[{"embeddable":true,"href":"https:\/\/diarioelpopular.com\/index.php\/wp-json\/wp\/v2\/comments?post=17305"}],"version-history":[{"count":0,"href":"https:\/\/diarioelpopular.com\/index.php\/wp-json\/wp\/v2\/posts\/17305\/revisions"}],"wp:featuredmedia":[{"embeddable":true,"href":"https:\/\/diarioelpopular.com\/index.php\/wp-json\/"}],"wp:attachment":[{"href":"https:\/\/diarioelpopular.com\/index.php\/wp-json\/wp\/v2\/media?parent=17305"}],"wp:term":[{"taxonomy":"category","embeddable":true,"href":"https:\/\/diarioelpopular.com\/index.php\/wp-json\/wp\/v2\/categories?post=17305"},{"taxonomy":"post_tag","embeddable":true,"href":"https:\/\/diarioelpopular.com\/index.php\/wp-json\/wp\/v2\/tags?post=17305"}],"curies":[{"name":"wp","href":"https:\/\/api.w.org\/{rel}","templated":true}]}}