{"id":17483,"date":"2011-11-08T23:22:20","date_gmt":"2011-11-09T04:22:20","guid":{"rendered":"http:\/\/diarioelpopular.com\/?p=17483"},"modified":"2011-11-08T23:22:20","modified_gmt":"2011-11-09T04:22:20","slug":"berlusconi-dimitira-cuando-se-aprueben-las-reformas","status":"publish","type":"post","link":"https:\/\/diarioelpopular.com\/index.php\/2011\/11\/08\/berlusconi-dimitira-cuando-se-aprueben-las-reformas\/","title":{"rendered":"Berlusconi dimitir\u00e1 cuando se aprueben las reformas"},"content":{"rendered":"<div id=\"attachment_17484\" style=\"width: 710px\" class=\"wp-caption aligncenter\"><a href=\"https:\/\/diarioelpopular.com\/wp-content\/uploads\/2011\/11\/Berlusconi-dimitir%C3%A1-cuando-se-aprueben-las-reformas.jpg\"><img loading=\"lazy\" decoding=\"async\" aria-describedby=\"caption-attachment-17484\" class=\"size-full wp-image-17484\" title=\"Berlusconi dimitir\u00e1 cuando se aprueben las reformas\" src=\"https:\/\/diarioelpopular.com\/wp-content\/uploads\/2011\/11\/Berlusconi-dimitir%C3%A1-cuando-se-aprueben-las-reformas.jpg\" alt=\"\" width=\"700\" height=\"420\" \/><\/a><p id=\"caption-attachment-17484\" class=\"wp-caption-text\">El primer ministro italiano Silvio Berlusconi sale de la reuni\u00f3n mantenida con el presidente de la Rep\u00fablica, Giorgio Napolitano. Foto: Claudio Peri \/ EFE<\/p><\/div>\n<p><em><strong>Efe. Roma.-<\/strong><\/em> El primer ministro italiano, Silvio\u00a0Berlusconi, se comprometi\u00f3 este martes a dimitir una vez que el Parlamento apruebe las reformas econ\u00f3micas presentadas a la Uni\u00f3n Europea, pocas horas despu\u00e9s de perder la mayor\u00eda absoluta en una votaci\u00f3n en la C\u00e1mara baja.<\/p>\n<p>Durante una reuni\u00f3n de una hora en Roma,\u00a0Berlusconi\u00a0acord\u00f3 con el presidente de la rep\u00fablica, Giorgio Napolitano, poner su cargo a disposici\u00f3n del jefe del Estado despu\u00e9s de que se aprueben los presupuestos de 2012, para los que su Gobierno ha elaborado una enmienda en la que se incluyen algunas de esas reformas.<\/p>\n<p>Tras el encuentro, el primer ministro prometi\u00f3 dimitir, lo que no excluye la posibilidad de que se le vuelva a encargar la formaci\u00f3n de un nuevo Gobierno, aunque asegur\u00f3 que ve como la \u00fanica salida posible la celebraci\u00f3n de elecciones anticipadas (la legislatura concluye en 2013).<\/p>\n<p>&#8220;Tenemos que preocuparnos de lo que sucede en los mercados financieros, que no creen que Italia sea capaz de aprobar las medidas que la UE nos ha pedido. Creo que esta es la primera cosa que nos tiene que preocupar. Tenemos que demostrar a los mercados que vamos en serio. La cosa m\u00e1s importante es el bien del pa\u00eds&#8221;, dijo\u00a0Berlusconi.<\/p>\n<p>&#8220;Es necesario construir el pa\u00eds, es necesario dar una respuesta a Europa y a los mercados (&#8230;) Detr\u00e1s de m\u00ed solo veo el voto&#8221;, agreg\u00f3 el primer ministro, quien pidi\u00f3 que la oposici\u00f3n ayude a su Gobierno a aprobar las reformas exigidas por la UE lo antes posible.<\/p>\n<p>El encuentro de los jefes del Gobierno y del Estado se produjo despu\u00e9s de que\u00a0Berlusconi\u00a0constatara hoy en la C\u00e1mara baja la p\u00e9rdida de la mayor\u00eda absoluta, tras la rebeli\u00f3n de algunos de los diputados de su partido, el Pueblo de la Libertad (PDL), quienes le hab\u00edan exigido su dimisi\u00f3n para que un nuevo Ejecutivo consiguiera sacar adelante esas medidas econ\u00f3micas.<\/p>\n<p>Esa misma demanda de dimisi\u00f3n la hizo, antes de iniciarse la votaci\u00f3n, su principal aliado, el l\u00edder de la Liga Norte, Umberto Bossi.<\/p>\n<p>El primer ministro consigui\u00f3 aprobar las cuentas del Estado de 2010 gracias a que 321 diputados de la oposici\u00f3n no participaron en la votaci\u00f3n, superando en n\u00famero a los que dieron la aprobaci\u00f3n a\u00a0Berlusconi\u00a0(308).<\/p>\n<p>Berlusconi\u00a0ha expresado una &#8220;gran preocupaci\u00f3n por la urgente necesidad de dar respuestas puntuales a las expectativas de los socios europeos con la aprobaci\u00f3n de los presupuestos de 2012, oportunamente enmendados siguiendo la contribuci\u00f3n m\u00e1s reciente con observaciones y propuestas de la Comisi\u00f3n Europea&#8221;, seg\u00fan reza una nota de la presidencia de la rep\u00fablica divulgada tras la reuni\u00f3n.<\/p>\n<p>&#8220;Una vez cumplido ese tr\u00e1mite, el presidente del Gobierno pondr\u00e1 su cargo a disposici\u00f3n del jefe del Estado, que proceder\u00e1 a las consultas habituales (para formar un nuevo Gobierno) dando m\u00e1xima atenci\u00f3n a las posiciones y propuestas de cada fuerza pol\u00edtica, tanto de la mayor\u00eda parlamentaria que sali\u00f3 de las elecciones de 2008 como de la oposici\u00f3n&#8221;, prosigue.<\/p>\n<p>Con este anuncio se pone fin a varias semanas de incertidumbre econ\u00f3mica y pol\u00edtica en Italia, despu\u00e9s de que el Ejecutivo diera muestras de tener dificultades para aprobar las reformas y no terminara de convencer con sus promesas a los mercados, donde la prima de riesgo italiana se ha disparado hasta cerca de los 500 puntos b\u00e1sicos.<\/p>\n<p>Un d\u00eda antes de que comenzara la cumbre del G20 de Cannes (Francia), el Consejo de Ministros italiano aprob\u00f3 &#8220;in extremis&#8221; el pasado 2 de noviembre una llamada &#8220;maxienmienda&#8221; a los presupuestos de 2012, en la que se incluyeron las primeras de las reformas exigidas por Bruselas, cuyo contenido exacto a\u00fan se desconoce.<\/p>\n<p>Est\u00e1 previsto que ma\u00f1ana mismo esa enmienda a los presupuestos sea presentada en la comisi\u00f3n de Cuentas del Senado para que pueda ser votada en el pleno ya la semana que viene y la C\u00e1mara baja d\u00e9 el visto bueno definitivo a finales de este mes, antes, incluso, del plazo habitual, que terminar\u00eda a mediados de diciembre.<\/p>\n<p>Fuentes de la principal formaci\u00f3n de la oposici\u00f3n, el Partido Dem\u00f3crata, indicaron que valoran el anuncio de la pr\u00f3xima dimisi\u00f3n de\u00a0Berlusconi, pero indicaron que es necesario que \u00e9sta se formalice lo antes posible.<\/p>\n<p>Por su parte, el l\u00edder de la Uni\u00f3n de Democristianos y de Centro, Pier Ferdinando Casini, indic\u00f3 que con esta decisi\u00f3n\u00a0Berlusconi\u00a0ha demostrado que &#8220;existe una v\u00eda de salida&#8221; a la actual situaci\u00f3n de Italia, aunque precis\u00f3 que la situaci\u00f3n econ\u00f3mica y financiera del pa\u00eds no aconseja que se lleve a cabo una &#8220;larga y extenuante&#8221; campa\u00f1a electoral.<\/p>\n<p>Una vez que el primer ministro ponga su cargo a disposici\u00f3n de Napolitano se abre el periodo de crisis de Gobierno, y el presidente de la rep\u00fablica comenzar\u00e1 las consultas para ver si se puede formar un nuevo Ejecutivo, con o sin\u00a0Berlusconi, o, en caso contrario, convocar elecciones anticipadas.<\/p>\n","protected":false},"excerpt":{"rendered":"<p>El primer ministro italiano, Silvio Berlusconi, se comprometi\u00f3 este martes a dimitir una vez que el Parlamento apruebe las reformas econ\u00f3micas presentadas a la Uni\u00f3n Europea, pocas horas despu\u00e9s de perder la mayor\u00eda absoluta en una votaci\u00f3n en la C\u00e1mara baja.<\/p>\n","protected":false},"author":1,"featured_media":17484,"comment_status":"closed","ping_status":"open","sticky":false,"template":"","format":"standard","meta":{"footnotes":""},"categories":[24],"tags":[1520,565,824,6721,341],"class_list":["post-17483","post","type-post","status-publish","format-standard","has-post-thumbnail","hentry","category-mundo","tag-berlusconi","tag-crisis","tag-italia","tag-reformas","tag-ue"],"_links":{"self":[{"href":"https:\/\/diarioelpopular.com\/index.php\/wp-json\/wp\/v2\/posts\/17483","targetHints":{"allow":["GET"]}}],"collection":[{"href":"https:\/\/diarioelpopular.com\/index.php\/wp-json\/wp\/v2\/posts"}],"about":[{"href":"https:\/\/diarioelpopular.com\/index.php\/wp-json\/wp\/v2\/types\/post"}],"author":[{"embeddable":true,"href":"https:\/\/diarioelpopular.com\/index.php\/wp-json\/wp\/v2\/users\/1"}],"replies":[{"embeddable":true,"href":"https:\/\/diarioelpopular.com\/index.php\/wp-json\/wp\/v2\/comments?post=17483"}],"version-history":[{"count":0,"href":"https:\/\/diarioelpopular.com\/index.php\/wp-json\/wp\/v2\/posts\/17483\/revisions"}],"wp:featuredmedia":[{"embeddable":true,"href":"https:\/\/diarioelpopular.com\/index.php\/wp-json\/"}],"wp:attachment":[{"href":"https:\/\/diarioelpopular.com\/index.php\/wp-json\/wp\/v2\/media?parent=17483"}],"wp:term":[{"taxonomy":"category","embeddable":true,"href":"https:\/\/diarioelpopular.com\/index.php\/wp-json\/wp\/v2\/categories?post=17483"},{"taxonomy":"post_tag","embeddable":true,"href":"https:\/\/diarioelpopular.com\/index.php\/wp-json\/wp\/v2\/tags?post=17483"}],"curies":[{"name":"wp","href":"https:\/\/api.w.org\/{rel}","templated":true}]}}