{"id":17550,"date":"2011-11-09T11:28:08","date_gmt":"2011-11-09T16:28:08","guid":{"rendered":"http:\/\/diarioelpopular.com\/?p=17550"},"modified":"2011-11-09T11:28:08","modified_gmt":"2011-11-09T16:28:08","slug":"notas-del-futbol-hispano-19","status":"publish","type":"post","link":"https:\/\/diarioelpopular.com\/index.php\/2011\/11\/09\/notas-del-futbol-hispano-19\/","title":{"rendered":"Notas del f\u00fatbol hispano"},"content":{"rendered":"<p><em>Por motivo de las merecidas vacaciones anuales de nuestro colega Hugo Vera M\u00e9ndez, estar\u00e9 con ustedes por algunas semanas entregando las informaciones de lo que acontece en el f\u00fatbol local, nacional e internacional. Esperamos que los organizadores de ligas nos provean informaciones de sus torneos para poder entregar noticias \u201cfrescas\u201d de lo que acontece en nuestra comunidad deportiva, por lo pronto me ha extra\u00f1ado la desaparici\u00f3n de nuestras p\u00e1ginas de algunos torneos locales que no se han puesto al d\u00eda con el \u00e1rea de contabilidad\u2026<\/em><\/p>\n<div id=\"attachment_17551\" style=\"width: 235px\" class=\"wp-caption alignleft\"><a href=\"https:\/\/diarioelpopular.com\/wp-content\/uploads\/2011\/11\/FOTO-2-Vito-Curalli.jpg\"><img loading=\"lazy\" decoding=\"async\" aria-describedby=\"caption-attachment-17551\" class=\"size-medium wp-image-17551 \" title=\"Vito Curalli\" src=\"https:\/\/diarioelpopular.com\/wp-content\/uploads\/2011\/11\/FOTO-2-Vito-Curalli-225x300.jpg\" alt=\"\" width=\"225\" height=\"300\" \/><\/a><p id=\"caption-attachment-17551\" class=\"wp-caption-text\">Vito Curalli es el \u00e1rbitro coordinador del torneo de la liga \u201cCentro Sur La Original\u201d<\/p><\/div>\n<p>Con gran participaci\u00f3n de equipos registrados se inici\u00f3 el torneo \u201cTaca Airlines\u201d de la liga \u201cCentro Sur La Original: que dirige don Sa\u00fal Varela. 34 equipos se reparten entre las categor\u00edas Adultos, Veteranos, M\u00e1ster y S\u00faper M\u00e1ster. Nos comunicaba don Sa\u00fal Varela que el coordinador de r\u00e9feris de esta liga es nuevamente el arbitro Vito Curalli, quien tiene contactos con muy buenos colegiados, profesionales que son muy importantes para el buen desarrollo de las programaciones. Hasta la pr\u00f3xima fecha se podr\u00e1n inscribir un equipo en Veteranos y otro en M\u00e1ster, que ser\u00e1n para tener los equipos en parejas y evitar que en todas las fechas quede un equipo \u201clibre\u201d. La disposici\u00f3n del uso del gimnasio del \u201cWest Humber Collegiate\u201d le permite a la liga \u201cCentro Sur La Original\u201d realizar su competencia con partidos el viernes por la noche y los s\u00e1bados todo el d\u00eda, es importante que los jugadores y los espectadores tengan cuidado en el uso de las instalaciones y sus dependencias.<\/p>\n<p><strong>Dos fechas pr\u00f3ximas de las eliminatorias sudamericanas<br \/>\n<\/strong><\/p>\n<p>El pr\u00f3ximo viernes 11 y martes 14 de noviembre se jugar\u00e1n dos fechas del torneo por las eliminatorias para clasificar al mundial que se jugar\u00e1 en Brasil. El viernes, en la primera jornada, se enfrentar\u00e1n las selecciones nacionales de Argentina con Bolivia, Uruguay con Chile, Colombia con Venezuela y Paraguay con Ecuador, libre estar\u00e1 el representativo de Per\u00fa. En la ronda del d\u00eda martes se enfrentar\u00e1n Colombia con Argentina, Ecuador con Per\u00fa, Chile con Paraguay y Venezuela con Bolivia, libre queda Uruguay. Recordamos que en cada fecha habr\u00e1 una selecci\u00f3n en descanso debido a que Brasil, en su calidad de anfitri\u00f3n no participa de estas eliminatorias, tambi\u00e9n hacemos notar que las escuadras mencionadas en primer lugar, en cada dupla, hacen de local.<\/p>\n<div id=\"attachment_17552\" style=\"width: 224px\" class=\"wp-caption alignright\"><a href=\"https:\/\/diarioelpopular.com\/wp-content\/uploads\/2011\/11\/FOTO-3-C-Brizue%C3%85%C2%A0rant-Olimpo.jpg\"><img loading=\"lazy\" decoding=\"async\" aria-describedby=\"caption-attachment-17552\" class=\"size-medium wp-image-17552\" title=\"Carlos Brizuela\" src=\"https:\/\/diarioelpopular.com\/wp-content\/uploads\/2011\/11\/FOTO-3-C-Brizue%C3%85%C2%A0rant-Olimpo-214x300.jpg\" alt=\"\" width=\"214\" height=\"300\" \/><\/a><p id=\"caption-attachment-17552\" class=\"wp-caption-text\">Don Carlos Brizuela entrega el trofeo de campe\u00f3n de la temporada pasada a Jerome Grant, capit\u00e1n del elenco \u201cOlimpo F.C.\u201d<\/p><\/div>\n<p>Don Carlos Brizuela, ya tiene las nominas de equipos participantes en la temporada de indoor soccer de la temporada 2011-2012, como es habitual se jugar\u00e1 en dos categor\u00edas Adultos y Maestros. En adultos los equipos registrados se dividieron en dos grupos:<\/p>\n<ul>\n<li><strong>Adultos.<\/strong> <strong>Grupo A:<\/strong> Johnnie Walker, Tepeyac F.C., Yerba Brava, La Raza, El Roble, Estrella Roja, Sonsonate, Chilamate y Jane St.<\/li>\n<li><strong>Adultos.\u00a0 Grupo B:<\/strong> Sport Abadence, Azul y Blanco, Brampton F.C., Finch West United, V. Construcci\u00f3n, Solo Boys, Olimpo F.C., Tejutepeque y Puro Toque.<\/li>\n<li><strong>Maestros:<\/strong> Tazumal, Comunicaciones, Am\u00e9rica Toronto, T&amp;T, Ron Botran, Chile Andes, Ilobasco Roble, Lat\u00edn United, Mitlan Jutiapa, The Mexi-Cans y Anejo F.C.<\/li>\n<\/ul>\n<p>En la jornada pasada se entreg\u00f3 el trofeo al campe\u00f3n del torneo pasado al equipo \u201cOlimpo F.C.\u201d recibi\u00f3 la copa el capit\u00e1n del equipo Jerome Grant.<\/p>\n<div id=\"attachment_17553\" style=\"width: 151px\" class=\"wp-caption alignleft\"><a href=\"https:\/\/diarioelpopular.com\/wp-content\/uploads\/2011\/11\/FOTO-4-A-Ecuador-M-Vasquez.jpg\"><img loading=\"lazy\" decoding=\"async\" aria-describedby=\"caption-attachment-17553\" class=\"size-medium wp-image-17553  \" title=\"Manuel V\u00e1squez\" src=\"https:\/\/diarioelpopular.com\/wp-content\/uploads\/2011\/11\/FOTO-4-A-Ecuador-M-Vasquez-251x300.jpg\" alt=\"\" width=\"141\" height=\"168\" \/><\/a><p id=\"caption-attachment-17553\" class=\"wp-caption-text\">Don Manuel V\u00e1squez, el gran \u201cjefazo\u201d del torneo de indoor del \u201cAtl\u00e9tico Ecuador\u201d<\/p><\/div>\n<p>Conversamos con don Manuel V\u00e1squez, el \u201cjefazo\u201d del torneo \u201cClub Atl\u00e9tico Ecuador\u201d que se juega en el gimnasio \u201cNelson Boylen High School\u201d (155 Falstaff Ave. entre Keele y Jane St) los d\u00edas viernes por la noche y los s\u00e1bados a contar del mediod\u00eda. Don Manuelito nos manifestaba que a\u00fan le queda un cupo en las categor\u00edas M\u00e1ster, Adultos, U-21 y 95-96. Esto es para complementar las nominas de inscritos a fin de evitar que queden equipos en n\u00famero impar. Con motivo del 30\u00ba. Aniversario los equipos de la divisi\u00f3n 95-96 tendr\u00e1n de regalo los uniformes con los que competir\u00e1n.<\/p>\n<div id=\"attachment_17554\" style=\"width: 310px\" class=\"wp-caption alignright\"><a href=\"https:\/\/diarioelpopular.com\/wp-content\/uploads\/2011\/11\/FOTO-5-Los-juga%C3%85%C2%A0-colombiana.jpg\"><img loading=\"lazy\" decoding=\"async\" aria-describedby=\"caption-attachment-17554\" class=\"size-medium wp-image-17554\" title=\"Selecci\u00f3n colombiana\" src=\"https:\/\/diarioelpopular.com\/wp-content\/uploads\/2011\/11\/FOTO-5-Los-juga%C3%85%C2%A0-colombiana-300x168.jpg\" alt=\"\" width=\"300\" height=\"168\" \/><\/a><p id=\"caption-attachment-17554\" class=\"wp-caption-text\">Los jugadores de la selecci\u00f3n colombiana, en su tradicional \u201crueda\u201d ante los entrenamientos y partidos<\/p><\/div>\n<p>Con nuevo entrenador Colombia quiere volver a un Mundial.- El ex futbolista Leonel \u00c1lvarez recibir\u00e1 un bautizo de fuego en su carrera como entrenador al quedar como primer responsable del regreso de Colombia a un Mundial de f\u00fatbol como no se ve desde el de Francia&#8217;98. \u00c1lvarez hered\u00f3, casi por descarte, el puesto al que debi\u00f3 renunciar Hern\u00e1n Dar\u00edo G\u00f3mez por el esc\u00e1ndalo nacional que desat\u00f3 su inexplicable agresi\u00f3n a una mujer el 5 de agosto pasado. El nuevo seleccionador era ayudante del &#8216;Bolillo&#8217; G\u00f3mez y, por lo mismo, un int\u00e9rprete de su filosof\u00eda futbol\u00edstica, lo que no supone un golpe de tim\u00f3n radical en la proa de la selecci\u00f3n que se prepara para las eliminatorias sudamericanas. La segunda era del &#8216;Bolillo&#8217; G\u00f3mez en la selecci\u00f3n de Colombia present\u00f3 un alentador desempe\u00f1o en la Copa Am\u00e9rica de Argentina en cuya primera fase fue l\u00edder con siete de nueve puntos posibles, por delante del equipo anfitri\u00f3n (0-0). En el camino quedaron Costa Rica (1-0) y Bolivia (2-0). Y aunque el equipo de G\u00f3mez fue eliminado en la segunda fase por Per\u00fa (2-0), en el ambiente colombiano qued\u00f3 la sensaci\u00f3n de que su selecci\u00f3n caminaba con buen paso rumbo a las eliminatorias. Al asumir \u00c1lvarez el proceso parece continuar. Bolivia ser\u00e1 el primer examinador en La Paz, en la segunda jornada prevista para el 11 de octubre, ya que en el calendario original el debut era en casa contra Brasil, pa\u00eds que por ser organizador del Mundial no disputar\u00e1 las eliminatorias sudamericanas. En la tercera jornada, Colombia recibir\u00e1 en el estadio Metropolitano, de Barranquilla, a la selecci\u00f3n de Venezuela el 11 de noviembre.<\/p>\n<div id=\"attachment_17560\" style=\"width: 156px\" class=\"wp-caption alignleft\"><a href=\"https:\/\/diarioelpopular.com\/wp-content\/uploads\/2011\/11\/FOTO-6-Estrel%C3%85%C2%A0el-M-Galvez.jpg\"><img loading=\"lazy\" decoding=\"async\" aria-describedby=\"caption-attachment-17560\" class=\"size-medium wp-image-17560 \" title=\"Marcos G\u00e1lvez\" src=\"https:\/\/diarioelpopular.com\/wp-content\/uploads\/2011\/11\/FOTO-6-Estrel%C3%85%C2%A0el-M-Galvez-182x300.jpg\" alt=\"\" width=\"146\" height=\"240\" \/><\/a><p id=\"caption-attachment-17560\" class=\"wp-caption-text\">Marcos G\u00e1lvez vuelve al gimnasio del \u201cWest Humber Collegiate\u201d jugando por el equipo de S\u00faper M\u00e1ster \u201cEstrellas del Ma\u00f1ana\u201d<\/p><\/div>\n<p>Muchos jugadores que han brillado en las canchas y gimnasios done juegan los torneos de la comunidad latina, han vuelto a las canchas en especial en la categor\u00eda S\u00faper M\u00e1ster. En el torneo de la \u201cCentro Sur La Original\u201d, vimos el registro de las \u201cEstrellas del Ma\u00f1ana\u201d donde figuran nombres como Carlos \u201cPana\u201d Ortiz, Marcos G\u00e1lvez, Boris L\u00f3pez, Blas Palma, Luis Arteaga. En el \u201cAtl\u00e9tico Argentina\u201d nombres como Carlos Casella, Daniel Sosa, Mario Aguirre, Miguel Gallo, Rodolfo D\u00edaz, Rolando Morales, Carlos Funes y Fernando Cisteros, en \u201cAmbato es Inter\u201d, Giovanni L\u00f3pez, Gonzalo Lascano, Marcelo Duran, Patricio Galora y otros. Como se puede apreciar en esta categor\u00eda todav\u00eda se puede ver a jugadores dando un buen espect\u00e1culo, con algunos kilos de m\u00e1s, pero aun tienen algo para mostrar. Nos informa don Sa\u00fal V\u00e1rela que toda la categor\u00eda de S\u00faper M\u00e1ster tendr\u00e1 fecha libre en la jornada que se jugar\u00e1 el s\u00e1bado 11 de noviembre.<\/p>\n<div id=\"attachment_17561\" style=\"width: 310px\" class=\"wp-caption alignright\"><a href=\"https:\/\/diarioelpopular.com\/wp-content\/uploads\/2011\/11\/FOTO-7-Fabrega%C3%85%C2%A0su-regalito.jpg\"><img loading=\"lazy\" decoding=\"async\" aria-describedby=\"caption-attachment-17561\" class=\"size-medium wp-image-17561\" title=\"Cesc Fabregas\" src=\"https:\/\/diarioelpopular.com\/wp-content\/uploads\/2011\/11\/FOTO-7-Fabrega%C3%85%C2%A0su-regalito-300x200.jpg\" alt=\"\" width=\"300\" height=\"200\" \/><\/a><p id=\"caption-attachment-17561\" class=\"wp-caption-text\">Cesc Fabregas, orgulloso, mostrando el regalo que les hizo una empresa automotriz a todos los jugadores del primer equipo del \u201cBarcelona F.C.\u201d de Espa\u00f1a<\/p><\/div>\n<p><strong>Todos reciben un veh\u00edculo en el Barcelona, menos uno<\/strong><\/p>\n<p>El \u201cF.C. Barcelona\u201d de Espa\u00f1a mantiene un contrato de patrocinio con una empresa de autom\u00f3viles, que entreg\u00f3 a cada uno de los jugadores del primer equipo un auto de su elecci\u00f3n. En un acto realizado en la Ciudad Deportiva Joan Gamper en Barcelona, la compa\u00f1\u00eda alemana entreg\u00f3 a cada futbolista el modelo que hab\u00edan elegido previamente. El m\u00e1s popular entre los cuales fue una camioneta Q7, escogida en 11 ocasiones, dentro de las cuales destacan Lionel Messi, Andr\u00e9s Iniesta, Cesc F\u00e1bregas y Dani Alves, entre otros. Otros jugadores, por ejemplo, fueron m\u00e1s originales. Pedro fue el \u00fanico que eligi\u00f3 un TT, mientras Abidal y Font\u00e1s se llevaron a casa un S3 y un A5, respectivamente. Isaac Cuenca es un futbolista del Barcelona que ha sido titular en los \u00faltimos tres partidos del conjunto de Pep Guardiola. El jugador, sin embargo, no est\u00e1 inscrito oficialmente como jugador del primer equipo, por lo que no recibi\u00f3 su autom\u00f3vil. Por otra parte, el delantero tampoco recibi\u00f3 un Ipad, que se entreg\u00f3 a los jugadores del Barcelona B por su gran rendimiento durante la temporada pasada. Esto \u00faltimo porque Cuenca jug\u00f3 cedido en el Sabadell durante la temporada pasada.<\/p>\n<div id=\"attachment_17564\" style=\"width: 199px\" class=\"wp-caption alignleft\"><a href=\"https:\/\/diarioelpopular.com\/wp-content\/uploads\/2011\/11\/FOTO-8-Jose-Turcios.jpg\"><img loading=\"lazy\" decoding=\"async\" aria-describedby=\"caption-attachment-17564\" class=\"size-medium wp-image-17564\" title=\"Jos\u00e9 Turcios\" src=\"https:\/\/diarioelpopular.com\/wp-content\/uploads\/2011\/11\/FOTO-8-Jose-Turcios-189x300.jpg\" alt=\"\" width=\"189\" height=\"300\" \/><\/a><p id=\"caption-attachment-17564\" class=\"wp-caption-text\">Don Jos\u00e9 Turcios, tranquilo con la cantidad de equipos que tiene en su torneo<\/p><\/div>\n<p>En dos categor\u00edas se juega en el \u201cLiga Salvadore\u00f1a\u201d de don Jos\u00e9 Turcios, torneo que se desarrolla en el gimnasio del colegio \u201cWestview High School\u201d ubicado justo atr\u00e1s del Hospital de Finch. La divisi\u00f3n de veteranos cuenta con la participaci\u00f3n de 16 elencos y en veteranos con siete escuadras esperando la in corporaci\u00f3n de un nuevo equipo con el cual estar\u00edan cubiertas las registraciones por esta temporada.<\/p>\n<p><strong>Un mal innecesario para el futbol argentino<\/strong><\/p>\n<p>Los violentos enfrentamientos entre las bandas (grupos) de \u201cbarras bravas\u201d han cubierto de tensi\u00f3n al futbol argentino y obligado a intervenciones judiciales para prevenir m\u00e1s actos de violencia en los estadios locales. Apenas esta semana la justicia emiti\u00f3 un fallo para impedir el ingreso a cualquier estadio argentino de Mauro Mart\u00edn y Rafael Di Zeo, dos exl\u00edderes de la porra del club Boca Juniors, tras el encontronazo que mantuvieron el domingo pasado en la casa xeneize. Ambos aficionados, que son temidos tanto por fan\u00e1ticos del equipo como por los jugadores, se toparon en las gradas de La Bombonera con sus respectivos grupos y luego del partido Boca-Atl\u00e9tico de Rafaela destrozaron parte de las instalaciones del recinto deportivo. Los dos l\u00edderes de las pandillas futboleras no podr\u00e1n acudir a ning\u00fan partido durante un a\u00f1o, por lo menos, y aunque Di Zeo, quien reci\u00e9n sali\u00f3 este a\u00f1o de prisi\u00f3n, impugn\u00f3 la medida, finalmente tendr\u00e1 que conformarse con dirigir a los barras desde lejos. Otro influyente grupo de fan\u00e1ticos, la \u201cbarra brava\u201d de River Plate, tambi\u00e9n recibi\u00f3 una sanci\u00f3n judicial esta misma semana, ya que un juez proces\u00f3 sin prisi\u00f3n preventiva a cuatro de sus l\u00edderes por \u201camenazas coactivas\u201d contra el \u00e1rbitro Sergio Pezzotta. El fallo responde a una causa iniciada el 26 de junio pasado, cuando River descendi\u00f3 de categor\u00eda por primera vez en su historia y los barristas se metieron a protestar en plena cancha, tratando de golpear incluso a los propios jugadores. \u201cSi River no gana, de ac\u00e1 no salen. Inventen algo, den un penal porque de ac\u00e1 no salen\u201d, fue la frase con la que uno de los golpeadores amenaz\u00f3 directamente al \u00e1rbitro y a sus asistentes y por lo cual ahora enfrentar\u00e1n un juicio. Las \u201cbarras bravas\u201d son consideradas una especie de \u201cFrankestein\u201d del futbol argentino, ya que en principio los clubes las organizaron como una especie de grupo parapolicial para infiltrarlos en las zonas populares a fin de vigilar a los hinchas y evitar robos. Con el tiempo, estos grupos fueron adquiriendo mayor poder porque las dirigencias les otorgaron la concesi\u00f3n para la venta de comida en los estadios o sus alrededores, el cuidado del estacionamiento, la venta de banderas, gorras y camisetas. Cuando las \u201cbarras\u201d comenzaron a presionar a los presidentes de los clubes, con amenazas de por medio, consiguieron tambi\u00e9n un margen de entradas para los partidos que vend\u00edan por su cuenta, consiguiendo as\u00ed jugosas ganancias.<\/p>\n<div id=\"attachment_17565\" style=\"width: 310px\" class=\"wp-caption alignright\"><a href=\"https:\/\/diarioelpopular.com\/wp-content\/uploads\/2011\/11\/FOTO-9-Reinaldo%C3%85%C2%A0-Dt-Ecuador.jpg\"><img loading=\"lazy\" decoding=\"async\" aria-describedby=\"caption-attachment-17565\" class=\"size-medium wp-image-17565\" title=\"Reinaldo Rueda\" src=\"https:\/\/diarioelpopular.com\/wp-content\/uploads\/2011\/11\/FOTO-9-Reinaldo%C3%85%C2%A0-Dt-Ecuador-300x234.jpg\" alt=\"\" width=\"300\" height=\"234\" \/><\/a><p id=\"caption-attachment-17565\" class=\"wp-caption-text\">Reinaldo Rueda, el director t\u00e9cnico de la selecci\u00f3n ecuatoriana, es resistido por la prensa y algunos hinchas<\/p><\/div>\n<p><strong>Al estilo colombiano, Ecuador va por su clasificaci\u00f3n a un tercer mundial<\/strong><\/p>\n<p>Ecuador, que se ha clasificado a dos mundiales consecutivos matriculado en la escuela de t\u00e9cnicos colombianos, ha renovado con Reinaldo Rueda con el \u00fanico objetivo de obtener el visado para el de Brasil 2014. Al Mundial de Corea del Sur y Jap\u00f3n 2002 lleg\u00f3 bajo la batuta de Hern\u00e1n &#8216;Bolillo&#8217; G\u00f3mez, y al de Alemania 2006 le confi\u00f3 la direcci\u00f3n a Luis Fernando Su\u00e1rez. Por ahora, Reinaldo Rueda lleg\u00f3 al banco de Ecuador (en septiembre del a\u00f1o pasado), pero las presentaciones del equipo, tanto en partidos amistosos como en la reciente Copa Am\u00e9rica, lo han dejado mal parado. Las presiones por su salida han sido resistidas por los directivos de la Federaci\u00f3n Ecuatoriana de F\u00fatbol, que preside Luis Chiriboga. La convocatoria de unos jugadores y la exclusi\u00f3n de otros tambi\u00e9n han ocasionado reacciones adversas, aunque la lista dada para el debut en las eliminatorias contra Venezuela las aplac\u00f3. No obstante, para el encuentro contra Venezuela se prev\u00e9 que incluya en la alineaci\u00f3n a uno o dos defensas de Liga de Quito. Ecuador tiene una plantilla con buen nivel t\u00e9cnico pero a\u00fan no termina de dar cohesi\u00f3n al proceso, ni identidad plena con lo que quiere el cuestionado entrenador colombiano.<\/p>\n<div id=\"attachment_17567\" style=\"width: 300px\" class=\"wp-caption alignleft\"><a href=\"https:\/\/diarioelpopular.com\/wp-content\/uploads\/2011\/11\/FOTO-10-Sergi%C3%A6%C2%A0%C2%BCan-Dt-Peru.jpg\"><img loading=\"lazy\" decoding=\"async\" aria-describedby=\"caption-attachment-17567\" class=\"size-full wp-image-17567\" title=\"Sergio Markarian\" src=\"https:\/\/diarioelpopular.com\/wp-content\/uploads\/2011\/11\/FOTO-10-Sergi%C3%A6%C2%A0%C2%BCan-Dt-Peru.jpg\" alt=\"\" width=\"290\" height=\"193\" \/><\/a><p id=\"caption-attachment-17567\" class=\"wp-caption-text\">Sergio Markarian, \u201cEl Mago\u201d, es el director t\u00e9cnico en quien conf\u00edan que la selecci\u00f3n de Per\u00fa estar\u00e1 en el mundial de Brasil el 2014<\/p><\/div>\n<p><strong>Per\u00fa y la ilusi\u00f3n de estar en el mundial de Brasil<\/strong><\/p>\n<p>La selecci\u00f3n de Per\u00fa espera luchar palmo a palmo en las eliminatorias del Mundial de Brasil 2014 incentivada por el nivel mostrado en la pasada Copa Am\u00e9rica, en la que ocup\u00f3 el tercer puesto. El equipo que dirige el uruguayo Sergio Markari\u00e1n confirm\u00f3 en el torneo continental que ha recuperado posiciones en Sudam\u00e9rica y sus integrantes sue\u00f1an con hacer historia y acabar con la racha de tres d\u00e9cadas sin que una selecci\u00f3n nacional acuda a una cita mundialista. Markari\u00e1n, que cuenta con el apoyo un\u00e1nime de dirigentes, jugadores, periodistas y aficionados, ha remarcado que su trabajo de poco m\u00e1s de un a\u00f1o con Per\u00fa solo ha sido parte de la preparaci\u00f3n para el duro camino clasificatorio. &#8220;Tenemos que pelear a muerte cada partido y si tenemos que empatar que no nos moleste por la situaci\u00f3n en la que estamos&#8221;, dijo para evitar cualquier desilusi\u00f3n ante alg\u00fan resultado adverso. El \u201cMago\u201d, como se le conoce en Per\u00fa, es consciente de que la tarea es larga y complicada, por eso ha trabajado much\u00edsimo para lograr que los jugadores del torneo local alcancen una producci\u00f3n similar a la de los que militan en el extranjero. Por eso se espera que la selecci\u00f3n mantenga en las eliminatorias la apuesta de fortalecer su l\u00ednea de fondo con gran aplicaci\u00f3n para la marca y un contragolpe contundente. Durante la era Markari\u00e1n Per\u00fa ha jugado 17 encuentros. Gan\u00f3 siete, empat\u00f3 siete y perdi\u00f3 tres. Marc\u00f3 quince goles y encaj\u00f3 nueve. Cifras que refuerzan el optimismo hacia el nuevo Mundial.<\/p>\n<div id=\"attachment_17568\" style=\"width: 199px\" class=\"wp-caption alignright\"><a href=\"https:\/\/diarioelpopular.com\/wp-content\/uploads\/2011\/11\/FOTO-11-Anton%C3%85%C2%A0-Suarez-Ref.jpg\"><img loading=\"lazy\" decoding=\"async\" aria-describedby=\"caption-attachment-17568\" class=\"size-medium wp-image-17568\" title=\"Antonio Uma\u00f1a y Eduardo Suarez\" src=\"https:\/\/diarioelpopular.com\/wp-content\/uploads\/2011\/11\/FOTO-11-Anton%C3%85%C2%A0-Suarez-Ref-189x300.jpg\" alt=\"\" width=\"189\" height=\"300\" \/><\/a><p id=\"caption-attachment-17568\" class=\"wp-caption-text\">Antonio Uma\u00f1a y Eduardo Suarez, dos buenos r\u00e9feris del torneo \u201cTaca Airlines\u201d de la liga \u201cCentro Sur La Original\u201d<\/p><\/div>\n<p>Cuando se inician los torneos de indoor soccer generalmente la mayor preocupaci\u00f3n de los organizadores est\u00e1 en tener a buenos r\u00e9feris en la conducci\u00f3n de los partidos, algunos permiten que solo dirijan tres lances por jornada y la mayor\u00eda cuentan con un coordinador que se preocupa por tener un buen equipo de \u00e1rbitros. Lo que hemos notado es la poca participaci\u00f3n de r\u00e9feris hispanos en algunas ligas, sabiendo que hay algunos bastantes reconocidos y de muy buenas condiciones para dirimir los disputados encuentros.<\/p>\n<p>Nos vemos la pr\u00f3xima semana.<\/p>\n","protected":false},"excerpt":{"rendered":"<p>Con gran participaci\u00f3n de equipos registrados se inici\u00f3 el torneo \u201cTaca Airlines\u201d de la liga \u201cCentro Sur La Original: que dirige don Sa\u00fal Varela. 34 equipos se reparten entre las categor\u00edas Adultos, Veteranos, M\u00e1ster y S\u00faper M\u00e1ster.<\/p>\n","protected":false},"author":1,"featured_media":17571,"comment_status":"closed","ping_status":"open","sticky":false,"template":"","format":"standard","meta":{"footnotes":""},"categories":[28],"tags":[657],"class_list":["post-17550","post","type-post","status-publish","format-standard","has-post-thumbnail","hentry","category-deportes","tag-futbol-hispano"],"_links":{"self":[{"href":"https:\/\/diarioelpopular.com\/index.php\/wp-json\/wp\/v2\/posts\/17550","targetHints":{"allow":["GET"]}}],"collection":[{"href":"https:\/\/diarioelpopular.com\/index.php\/wp-json\/wp\/v2\/posts"}],"about":[{"href":"https:\/\/diarioelpopular.com\/index.php\/wp-json\/wp\/v2\/types\/post"}],"author":[{"embeddable":true,"href":"https:\/\/diarioelpopular.com\/index.php\/wp-json\/wp\/v2\/users\/1"}],"replies":[{"embeddable":true,"href":"https:\/\/diarioelpopular.com\/index.php\/wp-json\/wp\/v2\/comments?post=17550"}],"version-history":[{"count":0,"href":"https:\/\/diarioelpopular.com\/index.php\/wp-json\/wp\/v2\/posts\/17550\/revisions"}],"wp:featuredmedia":[{"embeddable":true,"href":"https:\/\/diarioelpopular.com\/index.php\/wp-json\/"}],"wp:attachment":[{"href":"https:\/\/diarioelpopular.com\/index.php\/wp-json\/wp\/v2\/media?parent=17550"}],"wp:term":[{"taxonomy":"category","embeddable":true,"href":"https:\/\/diarioelpopular.com\/index.php\/wp-json\/wp\/v2\/categories?post=17550"},{"taxonomy":"post_tag","embeddable":true,"href":"https:\/\/diarioelpopular.com\/index.php\/wp-json\/wp\/v2\/tags?post=17550"}],"curies":[{"name":"wp","href":"https:\/\/api.w.org\/{rel}","templated":true}]}}