{"id":17623,"date":"2011-11-09T23:55:07","date_gmt":"2011-11-10T04:55:07","guid":{"rendered":"http:\/\/diarioelpopular.com\/?p=17623"},"modified":"2011-11-09T23:55:07","modified_gmt":"2011-11-10T04:55:07","slug":"nuevo-terremoto-en-la-provincia-turca-de-van","status":"publish","type":"post","link":"https:\/\/diarioelpopular.com\/index.php\/2011\/11\/09\/nuevo-terremoto-en-la-provincia-turca-de-van\/","title":{"rendered":"Nuevo terremoto en la provincia turca de Van"},"content":{"rendered":"<div id=\"attachment_17624\" style=\"width: 710px\" class=\"wp-caption aligncenter\"><a href=\"https:\/\/diarioelpopular.com\/wp-content\/uploads\/2011\/11\/Nuevo-terremoto-en-Van-Turqu%C3%ADa.jpg\"><img loading=\"lazy\" decoding=\"async\" aria-describedby=\"caption-attachment-17624\" class=\"size-full wp-image-17624\" title=\"Nuevo terremoto en Van, Turqu\u00eda\" src=\"https:\/\/diarioelpopular.com\/wp-content\/uploads\/2011\/11\/Nuevo-terremoto-en-Van-Turqu%C3%ADa.jpg\" alt=\"\" width=\"700\" height=\"420\" \/><\/a><p id=\"caption-attachment-17624\" class=\"wp-caption-text\">Rescate de los afectados por la caida de un hotel, despu\u00e9s del terremoto de 5,6 grados en la escala de Richter que sacudi\u00f3 este mi\u00e9rcoles la provincia de Van (Turqu\u00eda). Foto: Evrim Aydin \/ Anadolu \/ Efe<\/p><\/div>\n<p><em><strong>Efe. Ankara.-<\/strong><\/em> Un\u00a0terremoto\u00a0de 5,6 grados de magnitud sacudi\u00f3 este mi\u00e9rcoles la provincia turca de Van, <a href=\"https:\/\/diarioelpopular.com\/2011\/10\/ya-hay-534-muertos-por-el-seismo-de-turquia\/\">la misma que fue arrasada el pasado octubre<\/a> por otro se\u00edsmo de 7,2 grados, que caus\u00f3 la muerte de 604 personas, seg\u00fan informaron las televisiones turcas.<\/p>\n<p>El se\u00edsmo se produjo a las 19.23 GMT, con epicentro en la localidad de Edremit, a 17 kil\u00f3metros de Van, la capital provincial, y fue seguido por dos r\u00e9plicas de 4,5 grados, sin que se haya informado a\u00fan de v\u00edctimas mortales.<\/p>\n<p>Seg\u00fan la televisi\u00f3n p\u00fablica TRT, que informa en vivo desde Van, en el sureste del pa\u00eds, hay al menos 18 edificios derribados, entre ellos el hotel Bayram, bajo cuyos escombros se calcula que hay unos 70 hu\u00e9spedes.<\/p>\n<p>El viceprimer ministro, Besir Atalay, declar\u00f3 a la emisora NTV que, seg\u00fan los datos de que dispone, &#8220;no hay muchas personas&#8221; bajo los escombros del hotel, aunque esa misma emisora inform\u00f3 de que 35 personas podr\u00edan haber quedado bajo los restos del edificio.<\/p>\n<p>Otro hotel tambi\u00e9n se ha venido abajo, seg\u00fan la emisora CNN T\u00fcrk, as\u00ed como una academia privada, que, debido a que hoy es festivo en Turqu\u00eda, se encontraba vac\u00eda en el momento del temblor.<\/p>\n<p>Los medios turcos informan de que se escuchan gritos de auxilio provenientes de los edificios derruidos y que en uno de los hoteles da\u00f1ados se alojaban periodistas y personal de la Media Luna Roja que hab\u00edan acudido a la zona tras el se\u00edsmo de octubre.<\/p>\n<p>CNN T\u00fcrk indic\u00f3 que unas 20 personas han sido rescatadas de entre los escombros de los edificios derruidos.<\/p>\n<p>La reacci\u00f3n ha sido r\u00e1pida debido a que algunos equipos de rescate a\u00fan se encuentran en la zona desde el\u00a0terremoto\u00a0del pasado mes.<\/p>\n<p>Seg\u00fan CNN T\u00fcrk, 30 ambulancias se desplazaron a la zona donde se desplomaron los edificios y la Media Luna Roja Turca habilit\u00f3 un hospital m\u00f3vil de urgencias para atender a los heridos.<\/p>\n<p>Los habitantes de Van salieron a las calles presos del p\u00e1nico, mientras se o\u00edan las sirenas de las ambulancias en medio de una total oscuridad.<\/p>\n<p>Adem\u00e1s, se ha producido un escape de gas, por lo que las autoridades han pedido que se extremen las precauciones.<\/p>\n<p>En el resto de localidades importantes de la provincia no hay informaci\u00f3n de edificios que se hayan ca\u00eddo ni de da\u00f1os importantes, dijo el viceministro.<\/p>\n<p>Dogan Kalafat, director del Centro Simsmol\u00f3gico Kandilli de Estambul declar\u00f3 que se trata de un\u00a0terremoto\u00a0de fuerza media y que &#8220;no deber\u00eda haber causado da\u00f1os&#8221;.<\/p>\n<p>La Media Luna Roja tambi\u00e9n orden\u00f3 enviar 15.000 tiendas de campa\u00f1a a la zona para alojar a los nuevos damnificados.<\/p>\n<p>Seg\u00fan los expertos, las r\u00e9plicas y otros nuevos terremotos podr\u00edan prolongarse durante dos meses y podr\u00edan llegar a alcanzar los 6 grados de magnitud en la escala de Richter.<\/p>\n<p>En los \u00faltimos d\u00edas se hab\u00edan producido varias r\u00e9plicas superiores a 5 grados y, aunque un par de edificios da\u00f1ados en el\u00a0terremoto\u00a0anterior se vinieron abajo, no se produjeron heridos ni v\u00edctimas al estar estos ya evacuados.<\/p>\n","protected":false},"excerpt":{"rendered":"<p>Un terremoto de 5,6 grados de magnitud sacudi\u00f3 este mi\u00e9rcoles la provincia turca de Van, la misma que fue arrasada el pasado octubre por otro se\u00edsmo de 7,2 grados, que caus\u00f3 la muerte de 604 personas.<\/p>\n","protected":false},"author":1,"featured_media":17624,"comment_status":"closed","ping_status":"open","sticky":false,"template":"","format":"standard","meta":{"footnotes":""},"categories":[24],"tags":[1427,1428,680,6257,1492],"class_list":["post-17623","post","type-post","status-publish","format-standard","has-post-thumbnail","hentry","category-mundo","tag-seismo","tag-sismo","tag-terremoto","tag-turquia","tag-van"],"_links":{"self":[{"href":"https:\/\/diarioelpopular.com\/index.php\/wp-json\/wp\/v2\/posts\/17623","targetHints":{"allow":["GET"]}}],"collection":[{"href":"https:\/\/diarioelpopular.com\/index.php\/wp-json\/wp\/v2\/posts"}],"about":[{"href":"https:\/\/diarioelpopular.com\/index.php\/wp-json\/wp\/v2\/types\/post"}],"author":[{"embeddable":true,"href":"https:\/\/diarioelpopular.com\/index.php\/wp-json\/wp\/v2\/users\/1"}],"replies":[{"embeddable":true,"href":"https:\/\/diarioelpopular.com\/index.php\/wp-json\/wp\/v2\/comments?post=17623"}],"version-history":[{"count":0,"href":"https:\/\/diarioelpopular.com\/index.php\/wp-json\/wp\/v2\/posts\/17623\/revisions"}],"wp:featuredmedia":[{"embeddable":true,"href":"https:\/\/diarioelpopular.com\/index.php\/wp-json\/"}],"wp:attachment":[{"href":"https:\/\/diarioelpopular.com\/index.php\/wp-json\/wp\/v2\/media?parent=17623"}],"wp:term":[{"taxonomy":"category","embeddable":true,"href":"https:\/\/diarioelpopular.com\/index.php\/wp-json\/wp\/v2\/categories?post=17623"},{"taxonomy":"post_tag","embeddable":true,"href":"https:\/\/diarioelpopular.com\/index.php\/wp-json\/wp\/v2\/tags?post=17623"}],"curies":[{"name":"wp","href":"https:\/\/api.w.org\/{rel}","templated":true}]}}