{"id":17660,"date":"2011-11-09T21:17:28","date_gmt":"2011-11-10T02:17:28","guid":{"rendered":"http:\/\/diarioelpopular.com\/?p=17660"},"modified":"2011-11-09T21:17:28","modified_gmt":"2011-11-10T02:17:28","slug":"la-lucha-de-las-abuelas-de-plaza-de-mayo-llega-al-cine","status":"publish","type":"post","link":"https:\/\/diarioelpopular.com\/index.php\/2011\/11\/09\/la-lucha-de-las-abuelas-de-plaza-de-mayo-llega-al-cine\/","title":{"rendered":"La lucha de las Abuelas de Plaza de Mayo llega al cine"},"content":{"rendered":"<div id=\"attachment_17661\" style=\"width: 710px\" class=\"wp-caption aligncenter\"><a href=\"https:\/\/diarioelpopular.com\/wp-content\/uploads\/2011\/11\/Sus%C3%BA-Pecoraro-y-Nicol%C3%A1s-Gil-Lavedra.jpg\"><img loading=\"lazy\" decoding=\"async\" aria-describedby=\"caption-attachment-17661\" class=\"size-full wp-image-17661\" title=\"Sus\u00fa Pecoraro y Nicol\u00e1s Gil Lavedra\" src=\"https:\/\/diarioelpopular.com\/wp-content\/uploads\/2011\/11\/Sus%C3%BA-Pecoraro-y-Nicol%C3%A1s-Gil-Lavedra.jpg\" alt=\"\" width=\"700\" height=\"420\" \/><\/a><p id=\"caption-attachment-17661\" class=\"wp-caption-text\">La actriz argentina Sus\u00fa Pecoraro y el director argentino Nicol\u00e1s Gil Lavedra posan durante una entrevista para presentar la pel\u00edcula &quot;Verdades verdaderas. La vida de Estela&quot;, en Buenos Aires. Foto: C\u00e9zaro De Luca \/ Efe<\/p><\/div>\n<p>Efe. Buenos Aires.- La vida de Estela de Carlotto, la hist\u00f3rica dirigente de las\u00a0Abuelas\u00a0de\u00a0Plaza\u00a0de\u00a0Mayo, llegar\u00e1 la pr\u00f3xima semana a los cines argentinos para homenajear su lucha y la de todas las mujeres que buscan a sus familiares desaparecidos, cont\u00f3 este mi\u00e9rcoles a Efe el director del filme, Nicol\u00e1s Gil Lavedra.<\/p>\n<p>&#8220;Verdades verdaderas. La vida de Estela&#8221;, su \u00f3pera prima, cuenta la historia de Carlotto, &#8220;pero todas las\u00a0Abuelas\u00a0y Madres (de\u00a0Plaza\u00a0de\u00a0Mayo) en alg\u00fan sentido son Estelas&#8221;, por lo que este proyecto que naci\u00f3 hace seis a\u00f1os pretende reconocer la lucha de todas ellas por encontrar a sus hijos y nietos desaparecidos durante la \u00faltima dictadura militar, afirm\u00f3 el realizador en la entrevista.<\/p>\n<p>Nicol\u00e1s es hijo del diputado radical Ricardo Gil Lavedra, uno de los magistrados del hist\u00f3rico Juicio a las Juntas en el que se juzgaron los delitos del Gobierno de facto (1976-1983), que dej\u00f3 un saldo de 30.000 desaparecidos y alrededor de medio millar de beb\u00e9s robados, de los que m\u00e1s de un centenar han recuperado su identidad gracias a las\u00a0Abuelas, seg\u00fan datos del organismo.<\/p>\n<p>&#8220;Mi madre fue adem\u00e1s una de las primeras asistentes sociales que formaron parte en la restituci\u00f3n de los nietos. C\u00f3mo no iba a contar, desde lo que a m\u00ed me gusta, que es el cine, esta historia. Me parece que son esas cosas que se llevan en la sangre&#8221;, admiti\u00f3 el joven director.<\/p>\n<p>La pel\u00edcula, que fue estrenada hace quince d\u00edas en la Semana Internacional de Cine de Valladolid (Espa\u00f1a), &#8220;cuenta primero la b\u00fasqueda de una esposa (que sale a buscar a su marido desaparecido), despu\u00e9s de una madre buscando a su hija, y por \u00faltimo la b\u00fasqueda de un nieto&#8221;, Guido, quien permanece desaparecido, relat\u00f3 Gil Lavedra.<\/p>\n<p>El filme aborda la forma en que la dictadura cambi\u00f3 la vida de Carlotto, una maestra y madre de familia, una &#8220;mujer com\u00fan&#8221; que sufri\u00f3 el secuestro de su esposo, liberado con vida tras el pago de un rescate, y luego la desaparici\u00f3n de su hija Laura, quien dio a luz en cautiverio antes de ser asesinada.<\/p>\n<p>La b\u00fasqueda de ese nieto es la que le llev\u00f3 a integrarse en la asociaci\u00f3n humanitaria\u00a0Abuelas\u00a0de\u00a0Plaza\u00a0de\u00a0Mayo\u00a0hasta convertirse en un emblema de la lucha por los derechos humanos a nivel mundial, una pelea que le ha llevado a ser nominada en dos ocasiones al Premio Nobel de la Paz.<\/p>\n<p>No obstante, Gil Lavedra asegura que le cost\u00f3 convencerla para realizar el filme, porque &#8220;ella sent\u00eda que no era una mujer extraordinaria&#8221; para protagonizar una pel\u00edcula, pero tras ver el resultado final, se mostr\u00f3 &#8220;muy emocionada y agradecida por c\u00f3mo se ha contado la verdad de su historia y de su familia&#8221;.<\/p>\n<p>&#8220;Es un honor para m\u00ed tener la posibilidad de apoyar esta pel\u00edcula. Me siento profundamente emocionada de revivir mi historia expresada con sumo respeto por los detalles hist\u00f3ricos y familiares, reflejados en cada p\u00e1gina del gui\u00f3n&#8221;, se\u00f1al\u00f3 la propia Carlotto.<\/p>\n<p>La afamada actriz argentina Sus\u00fa Pecoraro, que da vida a Estela, explic\u00f3 a Efe que la titular de las\u00a0Abuelas\u00a0particip\u00f3 activamente en la configuraci\u00f3n del gui\u00f3n -elaborado por Jorge Maestro y Mar\u00eda Laura Gargarella- y en la creaci\u00f3n de su papel.<\/p>\n<p>&#8220;Pulimos el gui\u00f3n con muchas charlas con Estela. La fuimos llenando de ella, con mucho respeto. Fuimos tan fieles a ella&#8230; Yo a veces sent\u00eda como que la pel\u00edcula se la est\u00e1bamos haciendo a ella (&#8230;), pero el trabajo de actriz no se trata de imitar, sino de agarrar la esencia de su car\u00e1cter, de su forma de ser&#8221;, se\u00f1al\u00f3 Pecoraro.<\/p>\n<p>La joven actriz In\u00e9s Efr\u00f3n, quien da vida a Laura, la hija de Estela, que tambi\u00e9n vivi\u00f3 de cerca el proceso militar porque naci\u00f3 en M\u00e9xico durante el exilio de sus padres, admiti\u00f3 que esa participaci\u00f3n de Carlotto supuso para los actores una &#8220;cuota de compromiso&#8221;.<\/p>\n<p>Por eso, Gil Lavedra asegur\u00f3 que cuando arranc\u00f3 el rodaje, el pasado\u00a0mayo, lleg\u00f3 un momento en el que fue necesario &#8220;tomar distancia&#8221;, para que la mirada de la dirigente del organismo no se convirtiera &#8220;en un peso&#8221; para los actores.<\/p>\n<p>&#8220;Al principio estuvo genial que estuviera involucrada, pero despu\u00e9s tuvimos que hacer nuestra propia Estela&#8221;, concluy\u00f3 el director.<\/p>\n<p>&#8220;Verdades verdaderas. La vida de Estela&#8221; llegar\u00e1 a la gran pantalla el pr\u00f3ximo jueves 17, y este mes ser\u00e1 adem\u00e1s exhibida en los festivales de Mar del Plata (Argentina) y Vi\u00f1a del Mar (Chile).<\/p>\n","protected":false},"excerpt":{"rendered":"<p>La vida de Estela de Carlotto, la hist\u00f3rica dirigente de las Abuelas de Plaza de Mayo, llegar\u00e1 la pr\u00f3xima semana a los cines argentinos para homenajear su lucha y la de todas las mujeres que buscan a sus familiares desaparecidos.<\/p>\n","protected":false},"author":1,"featured_media":17661,"comment_status":"closed","ping_status":"open","sticky":false,"template":"","format":"standard","meta":{"footnotes":""},"categories":[80],"tags":[7096,43,8581,8582,8583],"class_list":["post-17660","post","type-post","status-publish","format-standard","has-post-thumbnail","hentry","category-cine-2","tag-abuelas-de-la-plaza-de-mayo","tag-argentina","tag-estela-de-carlotto","tag-nicolas-gil-lavedra","tag-verdades-verdaderas-la-vida-de-estela"],"_links":{"self":[{"href":"https:\/\/diarioelpopular.com\/index.php\/wp-json\/wp\/v2\/posts\/17660","targetHints":{"allow":["GET"]}}],"collection":[{"href":"https:\/\/diarioelpopular.com\/index.php\/wp-json\/wp\/v2\/posts"}],"about":[{"href":"https:\/\/diarioelpopular.com\/index.php\/wp-json\/wp\/v2\/types\/post"}],"author":[{"embeddable":true,"href":"https:\/\/diarioelpopular.com\/index.php\/wp-json\/wp\/v2\/users\/1"}],"replies":[{"embeddable":true,"href":"https:\/\/diarioelpopular.com\/index.php\/wp-json\/wp\/v2\/comments?post=17660"}],"version-history":[{"count":0,"href":"https:\/\/diarioelpopular.com\/index.php\/wp-json\/wp\/v2\/posts\/17660\/revisions"}],"wp:featuredmedia":[{"embeddable":true,"href":"https:\/\/diarioelpopular.com\/index.php\/wp-json\/"}],"wp:attachment":[{"href":"https:\/\/diarioelpopular.com\/index.php\/wp-json\/wp\/v2\/media?parent=17660"}],"wp:term":[{"taxonomy":"category","embeddable":true,"href":"https:\/\/diarioelpopular.com\/index.php\/wp-json\/wp\/v2\/categories?post=17660"},{"taxonomy":"post_tag","embeddable":true,"href":"https:\/\/diarioelpopular.com\/index.php\/wp-json\/wp\/v2\/tags?post=17660"}],"curies":[{"name":"wp","href":"https:\/\/api.w.org\/{rel}","templated":true}]}}