{"id":17706,"date":"2011-11-09T21:40:27","date_gmt":"2011-11-10T02:40:27","guid":{"rendered":"http:\/\/diarioelpopular.com\/?p=17706"},"modified":"2011-11-09T21:40:27","modified_gmt":"2011-11-10T02:40:27","slug":"neymar-renueva-con-el-santos-hasta-2014","status":"publish","type":"post","link":"https:\/\/diarioelpopular.com\/index.php\/2011\/11\/09\/neymar-renueva-con-el-santos-hasta-2014\/","title":{"rendered":"Neymar renueva con el Santos hasta 2014"},"content":{"rendered":"<div id=\"attachment_17707\" style=\"width: 710px\" class=\"wp-caption aligncenter\"><a href=\"https:\/\/diarioelpopular.com\/wp-content\/uploads\/2011\/11\/Neymar-renueva-por-el-Santos.jpg\"><img loading=\"lazy\" decoding=\"async\" aria-describedby=\"caption-attachment-17707\" class=\"size-full wp-image-17707\" title=\"Neymar renueva por el Santos\" src=\"https:\/\/diarioelpopular.com\/wp-content\/uploads\/2011\/11\/Neymar-renueva-por-el-Santos.jpg\" alt=\"\" width=\"700\" height=\"420\" \/><\/a><p id=\"caption-attachment-17707\" class=\"wp-caption-text\">El atacante brasile\u00f1o Neymar, durante una rueda de prensa a la que tambi\u00e9n asistieron su padre (izq), del mismo nombre, y el presidente del club, Luis \u00c1lvaro. Foto: Ricardo Saibun \/ Santos FC \/ Efe<\/p><\/div>\n<p><em><strong>Efe. Sao Paulo (Brasil).-<\/strong><\/em> El joven atacante brasile\u00f1o\u00a0Neymar\u00a0firm\u00f3 este mi\u00e9rcoles un nuevo contrato con su club, el Santos, y afirm\u00f3 que por una &#8220;decisi\u00f3n familiar&#8221; permanecer\u00e1 en el equipo hasta 2014, descartando as\u00ed su paso al f\u00fatbol espa\u00f1ol que estaba previsto para el pr\u00f3ximo a\u00f1o.<\/p>\n<p>&#8220;Quer\u00eda decir que estoy muy feliz, es otra decisi\u00f3n que tom\u00e9 en mi vida y una decisi\u00f3n familiar que involucr\u00f3 a mi pap\u00e1, a mi mam\u00e1, a mi hermana y a todos los que me ayudaron a decidir&#8221;, afirm\u00f3 el delantero en una rueda de prensa en la ciudad portuaria de Santos, a 60 kil\u00f3metros de Sao Paulo.<\/p>\n<p>Neymar\u00a0agreg\u00f3: &#8220;Solo quiero agradecer el cari\u00f1o que la afici\u00f3n tiene por m\u00ed y por el Santos entero. Estoy demasiado feliz por estar qued\u00e1ndome aqu\u00ed hasta 2014&#8221;.<\/p>\n<p>En su p\u00e1gina de internet, el Santos se\u00f1al\u00f3 que el club &#8220;reescribe la historia y consigue la permanencia de\u00a0Neymar\u00a0hasta el Mundial de 2014&#8221; y public\u00f3 una foto deNeymar\u00a0durante la firma del acuerdo.<\/p>\n<p>El nuevo contrato, seg\u00fan el club, fue firmado en la tarde del mi\u00e9rcoles entre el jugador y el presidente del equipo, Luis \u00c1lvaro Oliveira Ribeiro, pero no se detallaron las cifras del mismo.<\/p>\n<p>El delantero de 19 a\u00f1os fue a la rueda de prensa con una camiseta con la inscripci\u00f3n &#8220;It&#8217;s good to be the king&#8221; (es bueno ser rey) y el n\u00famero 2014 en la parte trasera, adem\u00e1s dijo que la fecha de hoy era &#8220;el segundo d\u00eda del me quedo&#8221;.<\/p>\n<p>En 2010, ante una millonaria oferta del Chelsea, el Santos hab\u00eda renovado el contrato del jugador hasta 2015, pero en este a\u00f1o, con la insistencia del Real Madrid y el Barcelona dispuestos a pagar la multa contractual, el equipo brasile\u00f1o se vio obligado a realizar un nuevo contrato, firmado hoy hasta 2014.<\/p>\n<p>En el nuevo contrato, apunt\u00f3 el comunicado, se estipul\u00f3 la creaci\u00f3n de un &#8220;n\u00facleo de gesti\u00f3n&#8221; en la carrera del jugador, que cuidar\u00e1 de la imagen de\u00a0Neymar\u00a0en su &#8220;condici\u00f3n de \u00eddolo&#8221;.<\/p>\n<p>Oliveira Ribeiro se\u00f1al\u00f3 en la rueda de prensa que &#8220;Neymar\u00a0se queda para consolidarse como un \u00eddolo y, m\u00e1s, a partir de ahora, ustedes van a ser testigos del nacimiento de un mito&#8221;.<\/p>\n<p>&#8220;El hecho concreto es que\u00a0Neymar\u00a0contin\u00faa con nosotros hasta el Mundial de 2014. Nunca escond\u00ed y siempre declar\u00e9 a lo largo de esos meses que\u00a0Neymar\u00a0no estaba vendido&#8221;, apunt\u00f3.<\/p>\n<p>En ese sentido, el dirigente subray\u00f3 &#8220;esa lucha quijotesca lleg\u00f3 a un feliz t\u00e9rmino. El hecho es concreto y\u00a0Neymar\u00a0contin\u00faa hasta el Mundial de 2014. El contrato est\u00e1 firmado y garantizado. No es del Real, ni del Barcelona. Es del Santos&#8221;.<\/p>\n<p>Seg\u00fan el portal IG, la Junta Directiva del Santos le comunic\u00f3 anticipadamente la decisi\u00f3n al presidente del Real Madrid, Florentino P\u00e9rez, y de acuerdo con la informaci\u00f3n el aumento salarial para el jugador se consigui\u00f3 a trav\u00e9s del apoyo de instituciones financieras, como el estatal Banco do Brasil.<\/p>\n<p>&#8220;No quiero ser el mejor del mundo, prefiero disputar los mejores campeonatos del mundo, que son la Libertadores y el Mundial, y eso lo puedo hacer con el Santos&#8221;, asever\u00f3 el jugador de la selecci\u00f3n brasile\u00f1a.<\/p>\n<p>El nuevo contrato de\u00a0Neymar\u00a0ese uno de los asuntos m\u00e1s comentados en la red social Twitter, seg\u00fan el r\u00e1nking &#8220;Trending Topics&#8221; del propio sitio.<\/p>\n","protected":false},"excerpt":{"rendered":"<p>El joven atacante brasile\u00f1o Neymar firm\u00f3 este mi\u00e9rcoles un nuevo contrato con su club, el Santos, y afirm\u00f3 que por una &#8220;decisi\u00f3n familiar&#8221; permanecer\u00e1 en el equipo hasta 2014, descartando as\u00ed su paso al f\u00fatbol espa\u00f1ol que estaba previsto para el pr\u00f3ximo a\u00f1o.<\/p>\n","protected":false},"author":1,"featured_media":17707,"comment_status":"closed","ping_status":"open","sticky":false,"template":"","format":"standard","meta":{"footnotes":""},"categories":[28],"tags":[179,6742,1232],"class_list":["post-17706","post","type-post","status-publish","format-standard","has-post-thumbnail","hentry","category-deportes","tag-futbol-2","tag-neymar","tag-santos"],"_links":{"self":[{"href":"https:\/\/diarioelpopular.com\/index.php\/wp-json\/wp\/v2\/posts\/17706","targetHints":{"allow":["GET"]}}],"collection":[{"href":"https:\/\/diarioelpopular.com\/index.php\/wp-json\/wp\/v2\/posts"}],"about":[{"href":"https:\/\/diarioelpopular.com\/index.php\/wp-json\/wp\/v2\/types\/post"}],"author":[{"embeddable":true,"href":"https:\/\/diarioelpopular.com\/index.php\/wp-json\/wp\/v2\/users\/1"}],"replies":[{"embeddable":true,"href":"https:\/\/diarioelpopular.com\/index.php\/wp-json\/wp\/v2\/comments?post=17706"}],"version-history":[{"count":0,"href":"https:\/\/diarioelpopular.com\/index.php\/wp-json\/wp\/v2\/posts\/17706\/revisions"}],"wp:featuredmedia":[{"embeddable":true,"href":"https:\/\/diarioelpopular.com\/index.php\/wp-json\/"}],"wp:attachment":[{"href":"https:\/\/diarioelpopular.com\/index.php\/wp-json\/wp\/v2\/media?parent=17706"}],"wp:term":[{"taxonomy":"category","embeddable":true,"href":"https:\/\/diarioelpopular.com\/index.php\/wp-json\/wp\/v2\/categories?post=17706"},{"taxonomy":"post_tag","embeddable":true,"href":"https:\/\/diarioelpopular.com\/index.php\/wp-json\/wp\/v2\/tags?post=17706"}],"curies":[{"name":"wp","href":"https:\/\/api.w.org\/{rel}","templated":true}]}}