{"id":17711,"date":"2011-11-10T09:59:55","date_gmt":"2011-11-10T14:59:55","guid":{"rendered":"http:\/\/diarioelpopular.com\/?p=17711"},"modified":"2011-11-10T09:59:55","modified_gmt":"2011-11-10T14:59:55","slug":"lucas-papademos-nuevo-primer-ministro-de-grecia","status":"publish","type":"post","link":"https:\/\/diarioelpopular.com\/index.php\/2011\/11\/10\/lucas-papademos-nuevo-primer-ministro-de-grecia\/","title":{"rendered":"Lucas Papademos, nuevo primer ministro de Grecia"},"content":{"rendered":"<div id=\"attachment_17712\" style=\"width: 710px\" class=\"wp-caption aligncenter\"><a href=\"https:\/\/diarioelpopular.com\/wp-content\/uploads\/2011\/11\/Lucas-Papademos.jpg\"><img loading=\"lazy\" decoding=\"async\" aria-describedby=\"caption-attachment-17712\" class=\"size-full wp-image-17712\" title=\"Lucas Papademos\" src=\"https:\/\/diarioelpopular.com\/wp-content\/uploads\/2011\/11\/Lucas-Papademos.jpg\" alt=\"\" width=\"700\" height=\"420\" \/><\/a><p id=\"caption-attachment-17712\" class=\"wp-caption-text\">El nuevo primer ministro griego, Lucas Papademos. Foto: Efe<\/p><\/div>\n<p><em><strong>Efe. Atenas.-<\/strong><\/em> Lucas Papademos acept\u00f3 este jueves asumir el cargo de primer ministro de\u00a0Grecia\u00a0con el objetivo principal de cumplir y aplicar el plan de rescate financiero a\u00a0Grecia\u00a0y garantizar la permanencia del pa\u00eds en la Eurozona.<\/p>\n<p>&#8220;El nuevo Gobierno es un Gobierno de transici\u00f3n encargado de aplicar el acuerdo del 26 octubre y las pol\u00edticas que se derivan de \u00e9l&#8221;, indic\u00f3 a la prensa, en referencia al acuerdo de la Eurozona que concede 130.000 millones de euros a\u00a0Grecia\u00a0y perdona la mitad de su deuda, a cambio de duras medidas de ahorro.<\/p>\n<p>Papademos se mostr\u00f3 convencido de que la permanencia de\u00a0Grecia\u00a0en la Eurozona supone un factor de &#8220;estabilidad financiera&#8221; y garantiza mejores perspectivas para el desarrollo del pa\u00eds.<\/p>\n<p>&#8220;El camino ser\u00e1 dif\u00edcil. Pero los problemas se resolver\u00e1n m\u00e1s f\u00e1cilmente y con m\u00e1s eficiencia si hay colaboraci\u00f3n y cohesi\u00f3n&#8221;, advirti\u00f3 quien fuera vicepresidente del Banco Central Europeo y que tiene previsto jurar su nuevo cargo ma\u00f1ana 12.00 GMT.<\/p>\n<p>En ese sentido, reconoci\u00f3 que la econom\u00eda griega se enfrenta a enormes problemas &#8220;a pesar de los esfuerzos que se han hecho en los \u00faltimos a\u00f1os&#8221;.<\/p>\n<p>&#8220;Ahora se encuentra en una encrucijada&#8221;, dijo el nuevo primer ministro.<\/p>\n<p>&#8220;No soy un pol\u00edtico pero he dedicado gran parte de mi carrera al pa\u00eds&#8221;, declar\u00f3 este economista de 64 a\u00f1os.<\/p>\n<p>Papademos ha sido designado primer ministro de un Gobierno de unidad nacional tras el acuerdo alcanzado este mi\u00e9rcoles despu\u00e9s de cuatro d\u00edas de duras negociaciones entre los l\u00edderes de los principales partidos, el primer ministro saliente, el socialista Yorgos Papandr\u00e9u, y el jefe de la oposici\u00f3n conservadora, Antonis Samar\u00e1s.<\/p>\n<p>El tambi\u00e9n exgobernador del Banco de\u00a0Grecia\u00a0indic\u00f3 que no ha recibido &#8220;ninguna condici\u00f3n&#8221; por parte de los l\u00edderes pol\u00edticos para conformar el nuevo equipo de gobierno.<\/p>\n<p>Se espera que en las pr\u00f3ximas horas se anuncie la composici\u00f3n de ese gabinete, en que participar\u00e1n pol\u00edticos de los dos grandes partidos, el Movimiento Socialista Panhel\u00e9nico (Pasok) y el conservador Nueva Democracia.<\/p>\n<p>El nuevo jefe del Gobierno no mencion\u00f3 ninguna fecha para la celebraci\u00f3n de elecciones anticipadas, pero indic\u00f3 que tendr\u00e1n lugar seg\u00fan lo acordado hace cuatro d\u00edas entre los l\u00edderes conservador y socialista, que se refirieron al 19 de febrero.<\/p>\n<p>Al respecto, la Presidencia del pa\u00eds indic\u00f3 que &#8220;se ha llegado a un acuerdo para formar un Gobierno que lleve a elecciones inmediatas, tras aprobar el acuerdo de Bruselas del 26 de octubre&#8221;.<\/p>\n","protected":false},"excerpt":{"rendered":"<p>El economista Lucas Papademos acept\u00f3 este jueves asumir el cargo de primer ministro de Grecia con el objetivo principal de cumplir y aplicar el plan de rescate financiero a Grecia y garantizar la permanencia del pa\u00eds en la Eurozona.<\/p>\n","protected":false},"author":1,"featured_media":17712,"comment_status":"closed","ping_status":"open","sticky":false,"template":"","format":"standard","meta":{"footnotes":""},"categories":[24],"tags":[565,1592,8603],"class_list":["post-17711","post","type-post","status-publish","format-standard","has-post-thumbnail","hentry","category-mundo","tag-crisis","tag-grecia","tag-papademos"],"_links":{"self":[{"href":"https:\/\/diarioelpopular.com\/index.php\/wp-json\/wp\/v2\/posts\/17711","targetHints":{"allow":["GET"]}}],"collection":[{"href":"https:\/\/diarioelpopular.com\/index.php\/wp-json\/wp\/v2\/posts"}],"about":[{"href":"https:\/\/diarioelpopular.com\/index.php\/wp-json\/wp\/v2\/types\/post"}],"author":[{"embeddable":true,"href":"https:\/\/diarioelpopular.com\/index.php\/wp-json\/wp\/v2\/users\/1"}],"replies":[{"embeddable":true,"href":"https:\/\/diarioelpopular.com\/index.php\/wp-json\/wp\/v2\/comments?post=17711"}],"version-history":[{"count":0,"href":"https:\/\/diarioelpopular.com\/index.php\/wp-json\/wp\/v2\/posts\/17711\/revisions"}],"wp:featuredmedia":[{"embeddable":true,"href":"https:\/\/diarioelpopular.com\/index.php\/wp-json\/"}],"wp:attachment":[{"href":"https:\/\/diarioelpopular.com\/index.php\/wp-json\/wp\/v2\/media?parent=17711"}],"wp:term":[{"taxonomy":"category","embeddable":true,"href":"https:\/\/diarioelpopular.com\/index.php\/wp-json\/wp\/v2\/categories?post=17711"},{"taxonomy":"post_tag","embeddable":true,"href":"https:\/\/diarioelpopular.com\/index.php\/wp-json\/wp\/v2\/tags?post=17711"}],"curies":[{"name":"wp","href":"https:\/\/api.w.org\/{rel}","templated":true}]}}