{"id":17724,"date":"2011-11-10T20:10:25","date_gmt":"2011-11-11T01:10:25","guid":{"rendered":"http:\/\/diarioelpopular.com\/?p=17724"},"modified":"2011-11-10T20:10:25","modified_gmt":"2011-11-11T01:10:25","slug":"el-supuesto-asesino-de-la-joven-de-b-c-envia-una-carta","status":"publish","type":"post","link":"https:\/\/diarioelpopular.com\/index.php\/2011\/11\/10\/el-supuesto-asesino-de-la-joven-de-b-c-envia-una-carta\/","title":{"rendered":"El supuesto asesino de la joven de B.C. env\u00eda una carta"},"content":{"rendered":"<p><em>La Polic\u00eda investiga la autenticidad del escrito y trabaja para descubrir al autor, que amenaza con atacar a m\u00e1s mujeres. Las autoridades piden a los vecinos que extremen las precauciones. Taylor Van Diest, de 18 a\u00f1os de edad, fue asesinada la pasada noche de Halloween en la localidad de Armstrong, Columbia Brit\u00e1nica.<br \/>\n<\/em><\/p>\n<div id=\"attachment_17725\" style=\"width: 710px\" class=\"wp-caption aligncenter\"><a href=\"https:\/\/diarioelpopular.com\/wp-content\/uploads\/2011\/11\/Taylor-Van-Diest.-Foto-Facebook.jpeg\"><img loading=\"lazy\" decoding=\"async\" aria-describedby=\"caption-attachment-17725\" class=\"size-full wp-image-17725\" title=\"Taylor Van Diest. Foto: Facebook\" src=\"https:\/\/diarioelpopular.com\/wp-content\/uploads\/2011\/11\/Taylor-Van-Diest.-Foto-Facebook.jpeg\" alt=\"\" width=\"700\" height=\"420\" \/><\/a><p id=\"caption-attachment-17725\" class=\"wp-caption-text\">Taylor Van Diest muri\u00f3 en el hospital tras haber sido golpeada severamente. Foto: Facebook<\/p><\/div>\n<p><em><strong>El Popular. Vancouver.-<\/strong><\/em> El nivel de ansiedad de la peque\u00f1a ciudad de Armstrong (5.000 habitantes) se elev\u00f3 m\u00e1s a\u00fan este jueves al informar la Polic\u00eda Montada de que ha recibido una carta firmada por alguien que asegura ser el responsable de <a href=\"https:\/\/diarioelpopular.com\/2011\/11\/asesinada-una-joven-durante-la-noche-de-halloween\/\">la muerte de Taylor Van Diest<\/a>, la joven de 18 a\u00f1os de edad que fue asesinada en esta localidad de la Columbia Brit\u00e1nica la pasada noche de Halloween.<\/p>\n<p>El autor de la carta, que, seg\u00fan inform\u00f3 este jueves la Polic\u00eda Montada (RCMP), fue recibida el pasado d\u00eda 9, sugiere que habr\u00e1 nuevos actos de violencia contra mujeres, indic\u00f3 el cabo Dan Moskaluk.<\/p>\n<p>\u201cEn este momento no vamos a especular sobre si la carta es aut\u00e9ntica o no, aunque estamos trabajando para determinar qui\u00e9n puede haberla enviado. Nuestra principal preocupaci\u00f3n sigue siendo la seguridad del p\u00fablico\u201d, dijo Moskaluk. \u201cEsperamos que la persona o personas responsables de esta carta compartan nuestra preocupaci\u00f3n\u201d, a\u00f1adi\u00f3.<\/p>\n<p>Taylor Van Diest fue encontrada inconsciente y gravemente herida por su familia y amigos, aproximadamente una hora despu\u00e9s de que se hubiese informado de su desaparici\u00f3n. Eran las 20.45 horas de la pasada noche de Halloween. La joven, que presentaba signos de haber sido severamente golpeada, estaba entre unos arbustos, a unos tres metros de la v\u00eda f\u00e9rrea que pasa por Armstrong, en la regi\u00f3n de Okanagan, al norte de la Columbia Brit\u00e1nica.<\/p>\n<p>Los equipos de emergencia trasladaron urgentemente a la joven a dos hospitales durante la noche de ese lunes, primero a uno en Vernon, y despu\u00e9s a otro en Kelowna, antes de que la adolescente muriera a causa de las heridas sufridas.<\/p>\n<p>La t\u00eda de la joven, Anne Mihalcheon, dijo que la muchacha sufri\u00f3 lesiones en la cabeza y que, despu\u00e9s de denunciar su desaparici\u00f3n, la familia recibi\u00f3 una llamada de un desconocido que aseguraba haber encontrado el cuerpo y utiliz\u00f3 el tel\u00e9fono m\u00f3vil de la chica para avisar del hallazgo. La madre de Van Diest inmediatamente llam\u00f3 a la Polic\u00eda.<\/p>\n<p>La Polic\u00eda ha publicado fotos de Van Diest con el disfraz de zombie que llevaba la noche de Halloween, y tambi\u00e9n de la chaqueta que llevaba encima.<\/p>\n<p>Las autoridades insistieron este jueves en su petici\u00f3n a los ciudadanos de que permanezcan vigilantes y tomen precauciones adicionales de seguridad personal, especialmente en el centro y norte de Okanagan.<\/p>\n<p>En este sentido, la Polic\u00eda recomienda a los j\u00f3venes que no caminen solos, y que pidan a padres o amigos que les lleven en auto en sus desplazamientos. Tambi\u00e9n se aconseja a los ciudadanos que procuren no frecuentar zonas en las que no sean visibles, que lleven siempre encima un tel\u00e9fono celular, que comuniquen sus planes a sus familiares y que informen a la Polic\u00eda de cualquier actividad que consideren sospechosa.<\/p>\n<p>Kelly Rowe, concejala en el Ayuntamiento de Armstrong y madre de dos hijas, dijo este jueves, en declaraciones recogidas por la cadena p\u00fablica CBC, que \u201csinceramente, siento un nudo en el est\u00f3mago. Lo primero que pens\u00e9 es que esto no puede estar pasando en nuestra comunidad. \u00bfDe d\u00f3nde ha venido la persona que est\u00e1 haciendo estas cosas?\u201d.<\/p>\n<p>Rowe asegur\u00f3 que los padres de la localidad se mantienen cerca de sus hijos estos d\u00edas y que ella misma no permite a sus dos hijas que caminen solas por la ciudad: \u201cNormalmente llevo a las chicas al colegio por las ma\u00f1anas, pero a menudo vuelven a casa caminando con amigos, o solas durante una parte del camino. De ning\u00fan modo va a seguir siendo as\u00ed ahora. Prohibido estar en la calle sin m\u00ed. Punto\u201d, a\u00f1adi\u00f3.<\/p>\n<p>Paul Britton, maestro y tambi\u00e9n concejal en Armstrong, dijo por su parte que el asesinato de Van Diest, y tambi\u00e9n el hecho de que la Polic\u00eda no haya efectuado a\u00fan ninguna detenci\u00f3n, ha puesto a los vecinos de la localidad en estado de alerta: \u201cLa Polic\u00eda Montada ha pedido a la gente que est\u00e9 atenta por si ve cualquier cosa fuera de lo com\u00fan, y ahora, cuando voy conduciendo por la calle, siempre estoy mirando a ver si veo algo que no est\u00e9 bien\u201d, dijo a la CBC.<\/p>\n<p>Britton mostr\u00f3 su esperanza en que la carta recibida por la Polic\u00eda pueda aportar novedades al caso: \u201cOjal\u00e1 puedan obtener ah\u00ed la informaci\u00f3n que estamos esperando\u201d, se\u00f1al\u00f3.<\/p>\n<p>La investigaci\u00f3n sobre el asesinato de Van Diest contin\u00faa.<\/p>\n","protected":false},"excerpt":{"rendered":"<p>La Polic\u00eda investiga la autenticidad del escrito y trabaja para descubrir al autor, que amenaza con atacar a m\u00e1s mujeres. Las autoridades piden a los vecinos que extremen las precauciones. Taylor Van Diest, de 18 a\u00f1os, fue asesinada la pasada noche de Halloween en Armstrong, Columbia Brit\u00e1nica.<\/p>\n","protected":false},"author":1,"featured_media":17725,"comment_status":"closed","ping_status":"open","sticky":false,"template":"","format":"standard","meta":{"footnotes":""},"categories":[21],"tags":[4557,2972,144,7343,8469],"class_list":["post-17724","post","type-post","status-publish","format-standard","has-post-thumbnail","hentry","category-canada","tag-armstrong","tag-carta","tag-columbia-britanica","tag-letter","tag-taylor-van-diest"],"_links":{"self":[{"href":"https:\/\/diarioelpopular.com\/index.php\/wp-json\/wp\/v2\/posts\/17724","targetHints":{"allow":["GET"]}}],"collection":[{"href":"https:\/\/diarioelpopular.com\/index.php\/wp-json\/wp\/v2\/posts"}],"about":[{"href":"https:\/\/diarioelpopular.com\/index.php\/wp-json\/wp\/v2\/types\/post"}],"author":[{"embeddable":true,"href":"https:\/\/diarioelpopular.com\/index.php\/wp-json\/wp\/v2\/users\/1"}],"replies":[{"embeddable":true,"href":"https:\/\/diarioelpopular.com\/index.php\/wp-json\/wp\/v2\/comments?post=17724"}],"version-history":[{"count":0,"href":"https:\/\/diarioelpopular.com\/index.php\/wp-json\/wp\/v2\/posts\/17724\/revisions"}],"wp:featuredmedia":[{"embeddable":true,"href":"https:\/\/diarioelpopular.com\/index.php\/wp-json\/"}],"wp:attachment":[{"href":"https:\/\/diarioelpopular.com\/index.php\/wp-json\/wp\/v2\/media?parent=17724"}],"wp:term":[{"taxonomy":"category","embeddable":true,"href":"https:\/\/diarioelpopular.com\/index.php\/wp-json\/wp\/v2\/categories?post=17724"},{"taxonomy":"post_tag","embeddable":true,"href":"https:\/\/diarioelpopular.com\/index.php\/wp-json\/wp\/v2\/tags?post=17724"}],"curies":[{"name":"wp","href":"https:\/\/api.w.org\/{rel}","templated":true}]}}