{"id":17790,"date":"2011-11-10T20:54:14","date_gmt":"2011-11-11T01:54:14","guid":{"rendered":"http:\/\/diarioelpopular.com\/?p=17790"},"modified":"2011-11-10T20:54:14","modified_gmt":"2011-11-11T01:54:14","slug":"eta-afirma-que-el-desarme-esta-en-la-agenda","status":"publish","type":"post","link":"https:\/\/diarioelpopular.com\/index.php\/2011\/11\/10\/eta-afirma-que-el-desarme-esta-en-la-agenda\/","title":{"rendered":"ETA afirma que el desarme &#8220;est\u00e1 en la agenda&#8221;"},"content":{"rendered":"<div id=\"attachment_15412\" style=\"width: 710px\" class=\"wp-caption aligncenter\"><a href=\"https:\/\/diarioelpopular.com\/wp-content\/uploads\/2011\/10\/ETA-deja-las-armas.jpg\"><img loading=\"lazy\" decoding=\"async\" aria-describedby=\"caption-attachment-15412\" class=\"size-full wp-image-15412\" title=\"ETA deja las armas\" src=\"https:\/\/diarioelpopular.com\/wp-content\/uploads\/2011\/10\/ETA-deja-las-armas.jpg\" alt=\"\" width=\"700\" height=\"420\" \/><\/a><p id=\"caption-attachment-15412\" class=\"wp-caption-text\">Miembros de ETA, durante el anuncio de la renuncia de la banda terrorista a la lucha armada. Foto: Efe<\/p><\/div>\n<p><em><strong>Efe. Bilbao (Espa\u00f1a).-<\/strong><\/em> La organizaci\u00f3n terrorista\u00a0ETA\u00a0afirma en una entrevista con al diario vasco <em>Gara<\/em> que &#8220;el desarme est\u00e1 en la\u00a0agenda\u00a0y que &#8220;est\u00e1 dispuesta a adoptar compromisos&#8221;.<\/p>\n<p>El diario, pr\u00f3ximo a la izquierda independentista vasca, adelant\u00f3 este jueves en un su edici\u00f3n digital un extracto de la entrevista con dos portavoces de la banda terrorista, que ocupar\u00e1 doce p\u00e1ginas y que publicar\u00e1 ma\u00f1ana en su edici\u00f3n impresa.<\/p>\n<p>Seg\u00fan Gara, los portavoces de\u00a0ETA\u00a0explican que la decisi\u00f3n anunciada el pasado 20 de octubre de <a href=\"https:\/\/diarioelpopular.com\/2011\/10\/eta-deja-las-armas\/\">declarar un cese definitivo de las acciones armadas<\/a> es equiparable en cuanto a trascendencia a la creaci\u00f3n de la organizaci\u00f3n terrorista y a la decisi\u00f3n de seguir con la &#8220;lucha armada&#8221; tras la muerte de Franco.<\/p>\n<p>Los portavoces de\u00a0ETA\u00a0explican que su decisi\u00f3n de abandonar la lucha armada es el resultado de un proceso de reflexi\u00f3n iniciado hace al menos una d\u00e9cada, pero que no ha sido &#8220;estructurado y lineal&#8221;.<\/p>\n<p>Tambi\u00e9n aseguran que dicha decisi\u00f3n de poner fin a la violencia &#8220;no era sencilla&#8221;, y afirman tener un &#8220;gran sentimiento de responsabilidad&#8221;.<\/p>\n<p>La banda terrorista explica su posici\u00f3n actual ante el Estado espa\u00f1ol y, m\u00e1s en concreto, ante la probable llegada del conservador Partido Popular al poder en Espa\u00f1a, tal como auguran todas las encuestas.<\/p>\n<p>Los entrevistados &#8220;anticipan adem\u00e1s otros escenarios posibles, por ejemplo, qu\u00e9 creen que ocurrir\u00eda si el Estado espa\u00f1ol optara por intentar bloquear completamente la situaci\u00f3n&#8221;, seg\u00fan el diario.<\/p>\n<p>Gara publicar\u00e1 la entrevista tanto en euskera (vasco), el idioma en que se realiz\u00f3, como la traducci\u00f3n \u00edntegra al espa\u00f1ol.<\/p>\n<p>La entrevista con los representantes de la banda terrorista se produce en plena campa\u00f1a para las elecciones generales espa\u00f1olas del 20 de noviembre.<\/p>\n<p>A estos comicios concurre la coalici\u00f3n Amaiur, integrada por diversas formaciones, entre ellas la izquierda independentista vasca, que pretende as\u00ed obtener representaci\u00f3n parlamentaria en el Congreso de los Diputados espa\u00f1ol.<\/p>\n<p>ETA\u00a0anunci\u00f3 el 20 de octubre pasado el fin de m\u00e1s de cuatro d\u00e9cadas de terrorismo, con m\u00e1s de 800 v\u00edctimas mortales.<\/p>\n<p>En aquel comunicado,\u00a0ETA\u00a0anunci\u00f3 que &#8220;ha decidido el cese definitivo de su actividad armada&#8221; y expuso su &#8220;compromiso claro, firme y definitivo&#8221; de &#8220;superar la confrontaci\u00f3n armada&#8221;.<\/p>\n<p>En aquella declaraci\u00f3n, que la propia banda calificaba de &#8220;hist\u00f3rica&#8221;,\u00a0ETA\u00a0hizo &#8220;un llamamiento a los gobiernos de Espa\u00f1a y Francia para abrir un proceso de di\u00e1logo directo&#8221; destinado a solucionar &#8220;las consecuencias del conflicto&#8221;, como suele referirse la organizaci\u00f3n a la situaci\u00f3n de sus presos, entre otros aspectos.<\/p>\n<p>El comunicado de\u00a0ETA\u00a0del 20 de octubre fue en respuesta a una petici\u00f3n de seis personalidades internacionales, entre ellas el exsecretario general de la ONU Kofi Annan, en una conferencia en San Sebasti\u00e1n.<\/p>\n<p>Seg\u00fan el resumen difundido hoy por Gara, la organizaci\u00f3n terrorista afirma que &#8220;ETA\u00a0no estar\u00e1 sentada en la mesa de la negociaci\u00f3n pol\u00edtica&#8221;, entre los partidos vascos, idea que se propugna en la declaraci\u00f3n de dicha conferencia.<\/p>\n","protected":false},"excerpt":{"rendered":"<p>La organizaci\u00f3n terrorista ETA afirma en una entrevista con al diario vasco Gara que &#8220;el desarme est\u00e1 en la agenda y que &#8220;est\u00e1 dispuesta a adoptar compromisos&#8221;.<br \/>\n<a href=\"http:\/\/diarioelpopular.com\/2011\/10\/eta-deja-las-armas\/\"><span style=\"color: #000D54\">\u00bb ETA renuncia a la lucha armada<\/span><\/a><\/p>\n","protected":false},"author":1,"featured_media":15412,"comment_status":"closed","ping_status":"open","sticky":false,"template":"","format":"standard","meta":{"footnotes":""},"categories":[24],"tags":[8610,444,8220,8221],"class_list":["post-17790","post","type-post","status-publish","format-standard","has-post-thumbnail","hentry","category-mundo","tag-desarme","tag-espana","tag-eta","tag-pais-vasco"],"_links":{"self":[{"href":"https:\/\/diarioelpopular.com\/index.php\/wp-json\/wp\/v2\/posts\/17790","targetHints":{"allow":["GET"]}}],"collection":[{"href":"https:\/\/diarioelpopular.com\/index.php\/wp-json\/wp\/v2\/posts"}],"about":[{"href":"https:\/\/diarioelpopular.com\/index.php\/wp-json\/wp\/v2\/types\/post"}],"author":[{"embeddable":true,"href":"https:\/\/diarioelpopular.com\/index.php\/wp-json\/wp\/v2\/users\/1"}],"replies":[{"embeddable":true,"href":"https:\/\/diarioelpopular.com\/index.php\/wp-json\/wp\/v2\/comments?post=17790"}],"version-history":[{"count":0,"href":"https:\/\/diarioelpopular.com\/index.php\/wp-json\/wp\/v2\/posts\/17790\/revisions"}],"wp:featuredmedia":[{"embeddable":true,"href":"https:\/\/diarioelpopular.com\/index.php\/wp-json\/"}],"wp:attachment":[{"href":"https:\/\/diarioelpopular.com\/index.php\/wp-json\/wp\/v2\/media?parent=17790"}],"wp:term":[{"taxonomy":"category","embeddable":true,"href":"https:\/\/diarioelpopular.com\/index.php\/wp-json\/wp\/v2\/categories?post=17790"},{"taxonomy":"post_tag","embeddable":true,"href":"https:\/\/diarioelpopular.com\/index.php\/wp-json\/wp\/v2\/tags?post=17790"}],"curies":[{"name":"wp","href":"https:\/\/api.w.org\/{rel}","templated":true}]}}