{"id":17792,"date":"2011-11-10T21:00:49","date_gmt":"2011-11-11T02:00:49","guid":{"rendered":"http:\/\/diarioelpopular.com\/?p=17792"},"modified":"2011-11-10T21:00:49","modified_gmt":"2011-11-11T02:00:49","slug":"iran-respondera-con-puno-de-hierro-a-las-agresiones","status":"publish","type":"post","link":"https:\/\/diarioelpopular.com\/index.php\/2011\/11\/10\/iran-respondera-con-puno-de-hierro-a-las-agresiones\/","title":{"rendered":"Ir\u00e1n responder\u00e1 &#8220;con pu\u00f1o de hierro&#8221; a las agresiones"},"content":{"rendered":"<div id=\"attachment_17793\" style=\"width: 310px\" class=\"wp-caption alignright\"><a href=\"https:\/\/diarioelpopular.com\/wp-content\/uploads\/2011\/11\/Ali-Jamenei.jpg\"><img loading=\"lazy\" decoding=\"async\" aria-describedby=\"caption-attachment-17793\" class=\"size-medium wp-image-17793\" title=\"Ali Jamenei\" src=\"https:\/\/diarioelpopular.com\/wp-content\/uploads\/2011\/11\/Ali-Jamenei-300x180.jpg\" alt=\"\" width=\"300\" height=\"180\" \/><\/a><p id=\"caption-attachment-17793\" class=\"wp-caption-text\">El l\u00edder supremo iran\u00ed, ayatol\u00e1 Al\u00ed Jamene\u00ed<\/p><\/div>\n<p><em><strong>Efe. Teher\u00e1n.-<\/strong><\/em> Las Fuerzas Armadas de la Rep\u00fablica Isl\u00e1mica de Ir\u00e1n responder\u00e1n\u00a0&#8220;con\u00a0pu\u00f1o\u00a0de\u00a0hierro&#8221;\u00a0a cualquier agresi\u00f3n exterior, dijo este jueves el l\u00edder supremo iran\u00ed, ayatol\u00e1 Al\u00ed Jamene\u00ed, en la ceremonia de graduaci\u00f3n de los cadetes del Ej\u00e9rcito.<\/p>\n<p>Todos los cuerpos militares iran\u00edes, incluidos los Guardianes de la Revoluci\u00f3n y los Voluntarios Isl\u00e1micos (Basij), &#8220;responder\u00e1n con fuertes golpes y\u00a0pu\u00f1o\u00a0de hierro, de modo aplastante, a cualquier agresi\u00f3n&#8221;, recalc\u00f3 Jamenei, que tambi\u00e9n es el comandante en jefe de las Fuerzas Armadas.<\/p>\n<p>&#8220;Nuestros enemigos, EE UU y sus aliados, en particular el r\u00e9gimen sionista (Israel), deben entender que Ir\u00e1n no pretende atacar a cualquier pa\u00eds, sino reaccionar con fuerza ante cualquier agresi\u00f3n o amenaza para que los agresores se derrumben desde dentro&#8221;, dijo Jamene\u00ed en declaraciones difundidas por la Agencia oficial, IRNA.<\/p>\n<p>&#8220;La naci\u00f3n iran\u00ed no ser\u00e1 un mero espectador de las amenazas de las absurdas potencias materialistas&#8221;, agreg\u00f3 Jamenei, quien explic\u00f3 que &#8220;s\u00f3lo una naci\u00f3n con una fuerza estable de defensa puede sobrevivir en un mundo en el que desafortunadamente las relaciones entre los pa\u00edses se basan en la fuerza de las armas&#8221;.<\/p>\n<p>Por este motivo, Jamene\u00ed inst\u00f3 a las Fuerzas Armadas de Ir\u00e1n a &#8220;reforzar su poder&#8221;.<\/p>\n<p>Jamene\u00ed ratifica as\u00ed las advertencias de autoridades civiles y militares iran\u00edes sobre cualquier agresi\u00f3n, despu\u00e9s de que en lo que va de mes diversas figuras de EE UU e Israel apuntar\u00e1n la posibilidad de atacar instalaciones nucleares de Ir\u00e1n.<\/p>\n<p>El pasado martes, el Organismo Internacional de Energ\u00eda At\u00f3mica (OIEA) difundi\u00f3 en viena un informe en el que se\u00f1ala que Ir\u00e1n ha trabajado en los \u00faltimos a\u00f1os para desarrollar bombas at\u00f3micas, lo que Teher\u00e1n niega tajantemente, pues asegura que su programa nuclear tiene exclusivamente fines pac\u00edficos.<\/p>\n<p>Desde principios de este mes, los adelantos sobre el informe de la OIEA, que Teher\u00e1n considera que est\u00e1 elaborado con informaci\u00f3n falsa procedente de EE UU, han llevado a figuras destacadas de Washington y Tel Aviv a amenazar con atacar Ir\u00e1n.<\/p>\n<p>El mi\u00e9rcoles, el presidente iran\u00ed, Mahmud Ahmadineyad, asegur\u00f3 que su pa\u00eds &#8220;no retroceder\u00e1 ni una pizca&#8221; en su programa nuclear, en respuesta al informe, que el OIEA difundi\u00f3 el martes y en el que se apunta que Ir\u00e1n ha trabajado para fabricar armas at\u00f3micas.<\/p>\n<p>Autoridades iran\u00edes han amenazado con llevar la guerra a territorio de Israel, Europa y de EE UU si su pa\u00eds es atacado y asegurado que Ir\u00e1n tiene capacidad para &#8220;aniquilar&#8221; Israel.<\/p>\n<p>En concreto, un jefe militar ha apuntado como objetivo la central nuclear israel\u00ed de Dimona, origen del programa at\u00f3mico de Israel, iniciado a finales de los a\u00f1os cincuenta del pasado siglo y que, seg\u00fan organismos internacionales de estudios militares, le ha permitido disponer de unas 300 armas nucleares no declaradas.<\/p>\n<p>Adem\u00e1s, han sugerido que Ir\u00e1n, de sentirse en peligro, podr\u00eda cortar el tr\u00e1fico por el estrecho de Ormuz, la boca del golfo P\u00e9rsico y el lugar por el que sale un tercio del petr\u00f3leo que se consume en el mundo hacia los mercados internacionales.<\/p>\n<p>De cerrarse esa v\u00eda marina, los precios del petr\u00f3leo s\u00e9 podr\u00edan multiplicar y se podr\u00eda producir una hecatombe econ\u00f3mica de consecuencias impredecibles.<\/p>\n","protected":false},"excerpt":{"rendered":"<p>Las Fuerzas Armadas de la Rep\u00fablica Isl\u00e1mica de Ir\u00e1n responder\u00e1n &#8220;con pu\u00f1o de hierro&#8221; a cualquier agresi\u00f3n exterior, dijo este jueves el l\u00edder supremo iran\u00ed, ayatol\u00e1 Al\u00ed Jamene\u00ed, en la ceremonia de graduaci\u00f3n de los cadetes del Ej\u00e9rcito.<\/p>\n","protected":false},"author":1,"featured_media":17793,"comment_status":"closed","ping_status":"open","sticky":false,"template":"","format":"standard","meta":{"footnotes":""},"categories":[24],"tags":[160,8619],"class_list":["post-17792","post","type-post","status-publish","format-standard","has-post-thumbnail","hentry","category-mundo","tag-iran","tag-jamenei"],"_links":{"self":[{"href":"https:\/\/diarioelpopular.com\/index.php\/wp-json\/wp\/v2\/posts\/17792","targetHints":{"allow":["GET"]}}],"collection":[{"href":"https:\/\/diarioelpopular.com\/index.php\/wp-json\/wp\/v2\/posts"}],"about":[{"href":"https:\/\/diarioelpopular.com\/index.php\/wp-json\/wp\/v2\/types\/post"}],"author":[{"embeddable":true,"href":"https:\/\/diarioelpopular.com\/index.php\/wp-json\/wp\/v2\/users\/1"}],"replies":[{"embeddable":true,"href":"https:\/\/diarioelpopular.com\/index.php\/wp-json\/wp\/v2\/comments?post=17792"}],"version-history":[{"count":0,"href":"https:\/\/diarioelpopular.com\/index.php\/wp-json\/wp\/v2\/posts\/17792\/revisions"}],"wp:featuredmedia":[{"embeddable":true,"href":"https:\/\/diarioelpopular.com\/index.php\/wp-json\/"}],"wp:attachment":[{"href":"https:\/\/diarioelpopular.com\/index.php\/wp-json\/wp\/v2\/media?parent=17792"}],"wp:term":[{"taxonomy":"category","embeddable":true,"href":"https:\/\/diarioelpopular.com\/index.php\/wp-json\/wp\/v2\/categories?post=17792"},{"taxonomy":"post_tag","embeddable":true,"href":"https:\/\/diarioelpopular.com\/index.php\/wp-json\/wp\/v2\/tags?post=17792"}],"curies":[{"name":"wp","href":"https:\/\/api.w.org\/{rel}","templated":true}]}}