{"id":17805,"date":"2011-11-10T20:22:49","date_gmt":"2011-11-11T01:22:49","guid":{"rendered":"http:\/\/diarioelpopular.com\/?p=17805"},"modified":"2011-11-10T20:22:49","modified_gmt":"2011-11-11T01:22:49","slug":"europa-al-borde-de-una-nueva-recesion","status":"publish","type":"post","link":"https:\/\/diarioelpopular.com\/index.php\/2011\/11\/10\/europa-al-borde-de-una-nueva-recesion\/","title":{"rendered":"Europa, al borde de una nueva recesi\u00f3n"},"content":{"rendered":"<div id=\"attachment_17806\" style=\"width: 710px\" class=\"wp-caption aligncenter\"><a href=\"https:\/\/diarioelpopular.com\/wp-content\/uploads\/2011\/11\/El-comisario-europeo-para-Asuntos-Econ%C3%B3micos-y-Monetarios-Olli-Rehn.jpg\"><img loading=\"lazy\" decoding=\"async\" aria-describedby=\"caption-attachment-17806\" class=\"size-full wp-image-17806\" title=\"El comisario europeo para Asuntos Econ\u00f3micos y Monetarios, Olli Rehn\" src=\"https:\/\/diarioelpopular.com\/wp-content\/uploads\/2011\/11\/El-comisario-europeo-para-Asuntos-Econ%C3%B3micos-y-Monetarios-Olli-Rehn.jpg\" alt=\"\" width=\"700\" height=\"420\" \/><\/a><p id=\"caption-attachment-17806\" class=\"wp-caption-text\">El comisario europeo para Asuntos Econ\u00f3micos y Monetarios, Olli Rehn. Foto: Olivier Hoslet \/ Efe<\/p><\/div>\n<p><em><strong>Efe. Bruselas.-<\/strong><\/em> Europa est\u00e1\u00a0al\u00a0borde\u00a0de una nueva\u00a0recesi\u00f3n\u00a0ante el estancamiento de la econom\u00eda en la UE y la eurozona y la falta de confianza de los mercados por la crisis de la deuda si no da un viraje para remediarlo, advirti\u00f3 este jueves la Comisi\u00f3n Europea.<\/p>\n<p>&#8220;Las previsiones son desafortunadamente oscuras. Es, de hecho, el \u00faltimo toque de atenci\u00f3n. La recuperaci\u00f3n econ\u00f3mica se ha detenido y hay un riesgo de una nuevarecesi\u00f3n\u00a0salvo si se toman medidas de manera determinantemente&#8221;, afirm\u00f3 el comisario europeo de Asuntos Econ\u00f3micos, Olli Rehn, en la presentaci\u00f3n del informe de las previsiones econ\u00f3micas de oto\u00f1o del Ejecutivo comunitario.<\/p>\n<p>Marco Buti, director general de Asuntos Econ\u00f3micos y Monetarios, considera que no se puede descartar &#8220;una\u00a0recesi\u00f3n\u00a0profunda y prolongada acompa\u00f1ada de continuas turbulencias en los mercados&#8221;, aunque recalca que, a partir de las cifras que presenta la CE para los pr\u00f3ximos ejercicios, no prev\u00e9n una\u00a0recesi\u00f3n.<\/p>\n<p>La CE prev\u00e9 que la zona del euro cierre este ejercicio con un crecimiento del PIB del 1,5 % y la UE con uno del 1,6 %, pero para 2012 augura un magro avance del 0,5 % y del 0,6 %, respectivamente.<\/p>\n<p>Los 17 pa\u00edses del euro y los Veintisiete registrar\u00e1n en 2013 mayores crecimientos; del 1,3 % y del 1,5 %, respectivamente.<\/p>\n<p>Pero si se analiza la evoluci\u00f3n trimestral, se aprecia que Europa est\u00e1\u00a0al\u00a0borde\u00a0de una nueva\u00a0recesi\u00f3n.<\/p>\n<p>Habr\u00e1 un estancamiento del PIB de la UE en el \u00faltimo trimestre de 2011 y en los pr\u00f3ximos hasta la segunda mitad de 2012.<\/p>\n<p>As\u00ed, la actividad econ\u00f3mica de la eurozona se contraer\u00e1 un 0,1 % en el \u00faltimo trimestre y no avanzar\u00e1 en absoluto en el pr\u00f3ximo, mientras que en el conjunto de la UE el crecimiento es nulo este trimestre y de s\u00f3lo el 0,1 % en el siguiente.<\/p>\n<p>Los datos tambi\u00e9n revelan que dos de los tres pa\u00edses rescatados, Grecia y Portugal, m\u00e1s Italia, la \u00faltima gran preocupaci\u00f3n de la UE y de los mercados, caer\u00e1n enrecesi\u00f3n\u00a0a partir de este trimestre,\u00a0al\u00a0cumplirse la definici\u00f3n t\u00e9cnica de que haya dos trimestres consecutivos de ca\u00eddas del PIB.<\/p>\n<p>Grecia estar\u00e1 en\u00a0recesi\u00f3n\u00a0hasta el cuarto trimestre de 2012 y Portugal hasta el tercero. Italia se contraer\u00e1 este trimestre un 0,2 % y un 0,1 % en el primero del pr\u00f3ximo a\u00f1o.<\/p>\n<p>Pero no son los \u00fanicos pa\u00edses en esta situaci\u00f3n: tambi\u00e9n Chipre y Luxemburgo se sumergir\u00e1n en una\u00a0recesi\u00f3n.<\/p>\n<p>Espa\u00f1a est\u00e1 en la zona de peligro, porque la Comisi\u00f3n prev\u00e9 que el crecimiento se contraiga un 0,1 % en el \u00faltimo trimestre del a\u00f1o y se mantenga estancada en el tercero, lo que abre la puerta a una posible entrada en\u00a0recesi\u00f3n.<\/p>\n<p>La &#8220;locomotora&#8221; de la UE, Alemania, se ver\u00e1 tambi\u00e9n afectada por la crisis, pues experimentar\u00e1 una desaceleraci\u00f3n del 2,9 % en 2011\u00a0al\u00a00,8 % el a\u00f1o pr\u00f3ximo, mientras que Francia, que est\u00e1 en una situaci\u00f3n similar a la de Espa\u00f1a en cuanto a la evoluci\u00f3n trimestral, sufrir\u00e1 un retroceso del 1,6 %\u00a0al\u00a00,6 %.<\/p>\n<p>&#8220;La clave para la recuperaci\u00f3n del crecimiento y la creaci\u00f3n del empleo es restaurar la confianza en la sostenibilidad financiera y en el sistema financiero y la aceleraci\u00f3n de reformas para impulsar el potencial de crecimiento de Europa&#8221;, afirm\u00f3 Rehn, quien pidi\u00f3 una &#8220;implementaci\u00f3n inquebrantable&#8221; del plan global anticrisis aprobado por la eurozona y la UE el 26 y el 27 de octubre.<\/p>\n<p>Las noticias tampoco son buenas para el empleo. La creaci\u00f3n de empleo se va a estancar en 2012 y la prevista recuperaci\u00f3n del crecimiento en el segundo semestre de 2012 es &#8220;demasiado moderada&#8221; como para poder lograr un impacto apreciable en el paro.<\/p>\n<p>La tasa del desempleo se mantendr\u00e1 en los pr\u00f3ximos dos ejercicios en el 10 % en la eurozona y en el 9,8 % y 9,6 % en la UE.<\/p>\n<p>Mejores noticias hay sobre la salud de las finanzas p\u00fablicas, ya que el d\u00e9ficit de la UE ascender\u00e1\u00a0al\u00a04,7 % y el de la eurozona\u00a0al\u00a04,1 % del PIB en 2011.<\/p>\n<p>En 2012, bajar\u00e1\u00a0al\u00a03,9 % en la UE y\u00a0al\u00a03,4 % en la zona del euro.<\/p>\n<p>La deuda p\u00fablica subir\u00e1 en los Veintisiete\u00a0al\u00a084,9 % el pr\u00f3ximo a\u00f1o, y se estabilizar\u00e1 en 2013. En la eurozona pasar\u00e1 del 88 %\u00a0al\u00a090,4 % el pr\u00f3ximo ejercicio y\u00a0al\u00a090,9 % el siguiente.<\/p>\n<p>La inflaci\u00f3n pasar\u00e1 del 2,6 % este a\u00f1o\u00a0al\u00a01,7 % el pr\u00f3ximo en la eurozona y del 3 %\u00a0al\u00a02 % en la UE, ante la previsi\u00f3n de que los precios energ\u00e9ticos descender\u00e1n.<\/p>\n","protected":false},"excerpt":{"rendered":"<p>Europa est\u00e1 al borde de una nueva recesi\u00f3n ante el estancamiento de la econom\u00eda en la UE y la eurozona y la falta de confianza de los mercados por la crisis de la deuda si no da un viraje para remediarlo, advirti\u00f3 este jueves la Comisi\u00f3n Europea.<\/p>\n","protected":false},"author":1,"featured_media":17806,"comment_status":"closed","ping_status":"open","sticky":false,"template":"","format":"standard","meta":{"footnotes":""},"categories":[24],"tags":[1883,565,379,1058,341],"class_list":["post-17805","post","type-post","status-publish","format-standard","has-post-thumbnail","hentry","category-mundo","tag-comision-europea","tag-crisis","tag-europa","tag-recesion","tag-ue"],"_links":{"self":[{"href":"https:\/\/diarioelpopular.com\/index.php\/wp-json\/wp\/v2\/posts\/17805","targetHints":{"allow":["GET"]}}],"collection":[{"href":"https:\/\/diarioelpopular.com\/index.php\/wp-json\/wp\/v2\/posts"}],"about":[{"href":"https:\/\/diarioelpopular.com\/index.php\/wp-json\/wp\/v2\/types\/post"}],"author":[{"embeddable":true,"href":"https:\/\/diarioelpopular.com\/index.php\/wp-json\/wp\/v2\/users\/1"}],"replies":[{"embeddable":true,"href":"https:\/\/diarioelpopular.com\/index.php\/wp-json\/wp\/v2\/comments?post=17805"}],"version-history":[{"count":0,"href":"https:\/\/diarioelpopular.com\/index.php\/wp-json\/wp\/v2\/posts\/17805\/revisions"}],"wp:featuredmedia":[{"embeddable":true,"href":"https:\/\/diarioelpopular.com\/index.php\/wp-json\/"}],"wp:attachment":[{"href":"https:\/\/diarioelpopular.com\/index.php\/wp-json\/wp\/v2\/media?parent=17805"}],"wp:term":[{"taxonomy":"category","embeddable":true,"href":"https:\/\/diarioelpopular.com\/index.php\/wp-json\/wp\/v2\/categories?post=17805"},{"taxonomy":"post_tag","embeddable":true,"href":"https:\/\/diarioelpopular.com\/index.php\/wp-json\/wp\/v2\/tags?post=17805"}],"curies":[{"name":"wp","href":"https:\/\/api.w.org\/{rel}","templated":true}]}}