{"id":17873,"date":"2011-11-12T16:16:34","date_gmt":"2011-11-12T21:16:34","guid":{"rendered":"http:\/\/diarioelpopular.com\/?p=17873"},"modified":"2011-11-12T16:16:34","modified_gmt":"2011-11-12T21:16:34","slug":"silvio-berlusconi-presenta-su-dimision","status":"publish","type":"post","link":"https:\/\/diarioelpopular.com\/index.php\/2011\/11\/12\/silvio-berlusconi-presenta-su-dimision\/","title":{"rendered":"Berlusconi presenta su dimisi\u00f3n"},"content":{"rendered":"<div id=\"attachment_17874\" style=\"width: 710px\" class=\"wp-caption aligncenter\"><a href=\"https:\/\/diarioelpopular.com\/wp-content\/uploads\/2011\/11\/Berlusconi-presenta-su-dimisi%C3%B3n.jpg\"><img loading=\"lazy\" decoding=\"async\" aria-describedby=\"caption-attachment-17874\" class=\"size-full wp-image-17874\" title=\"Berlusconi presenta su dimisi\u00f3n\" src=\"https:\/\/diarioelpopular.com\/wp-content\/uploads\/2011\/11\/Berlusconi-presenta-su-dimisi%C3%B3n.jpg\" alt=\"\" width=\"700\" height=\"420\" \/><\/a><p id=\"caption-attachment-17874\" class=\"wp-caption-text\">El primer ministro italiano, Silvio Berlusconi, saluda durante una sesi\u00f3n del Parlamento, este s\u00e1bado. La C\u00e1mara de los Diputados de Italia aprob\u00f3 la Ley de presupuestos para 2012, que incluye las reformas econ\u00f3micas exigidas a Italia por la UE. Foto: Maurizio Brambatti \/ Efe<\/p><\/div>\n<p><em><strong>Efe. Roma.-<\/strong><\/em> El primer ministro de Italia, Silvio\u00a0Berlusconi, present\u00f3 este s\u00e1bado su dimisi\u00f3n al presidente de la Rep\u00fablica, Giorgio Napolitano, inform\u00f3 la Presidencia en una nota. &#8220;Al concluir el recorrido parlamentario para la aprobaci\u00f3n de la Ley de Presupuestos del Estado, Silvio\u00a0Berlusconi\u00a0ha presentado la dimisi\u00f3n del Gobierno que preside&#8221;, indica la nota.<\/p>\n<p>En el comunicado se informa de que Napolitano, como establecen las normativas, se &#8220;reserva la decisi\u00f3n&#8221; (es decir, si acepta o no la dimisi\u00f3n) y este domingo el Jefe de Estado realizar\u00e1 todas las consultas con las fuerzas pol\u00edticas y los m\u00e1ximas cargos del pa\u00eds&#8221;.<\/p>\n<p>Tras el anuncio de la dimisi\u00f3n, los cientos de personas que se hab\u00edan concentrado ante la sede de la presidencia de la Rep\u00fablica, estallaron en un fuerte aplauso y gritos de j\u00fabilo y se siguieron oyendo coros contra\u00a0Berlusconi\u00a0como &#8220;buf\u00f3n&#8221;, &#8220;mafioso&#8221;, o &#8220;a casa&#8221; y se brind\u00f3 y se celebr\u00f3 con bailes y brindis.<\/p>\n<p>Debido a la masiva presencia de manifestantes,\u00a0Berlusconi\u00a0tuvo que salir por una puerta secundaria del Quirinal para volver a su residencia romana, en el Palacio Grazioli.<\/p>\n<p>Napolitano comenzar\u00e1 este domingo las consultas a las 9.00 hora local (8.00 GMT) recibiendo a los presidentes del Senado y de la C\u00e1mara de Diputados, Renato Schifani y Gianfranco Fini, respectivamente, despu\u00e9s seguir\u00e1n los portavoces de los grupos parlamentarios y concluya con los presidentes em\u00e9ritos de la Rep\u00fablica.<\/p>\n<p>No se descarta que este mismo domingo encargue la formaci\u00f3n de nuevo Gobierno para que el lunes, cuando abran los mercados financieros, Italia tenga nuevo ejecutivo que ponga en marcha las medidas econ\u00f3micas exigidas por la UE.<\/p>\n<p>Desde hace d\u00edas, se habla de que Napolitano elegir\u00e1 un Gobierno presidido por el excomisario de la Uni\u00f3n Europea (UE), Mario Monti, pero las dudas ser\u00e1n sobre su duraci\u00f3n.<\/p>\n<p>La hip\u00f3tesis de un Gobierno presidido por Monti ha sido aceptada ya por el llamado &#8220;Tercer Polo&#8221;, formado por Alianza para Italia (API), Uni\u00f3n de Dem\u00f3cratas y Cristianos (UDC) y Futuro y Libertad (FLI) o, por el Partido Dem\u00f3crata (PD), mientras que Italia de los Valores acept\u00f3 con condiciones.<\/p>\n<p>Tambi\u00e9n este s\u00e1bado, el partido de\u00a0Berlusconi, Pueblo de la Libertad (PDL), dio su visto bueno a la posibilidad de &#8220;negociar con Monti para crear su Ejecutivo&#8221;, pero puso como condiciones que &#8220;su programa de gobierno est\u00e9 circunscrito solo a la aprobaci\u00f3n de los &#8220;29 puntos&#8221; contenidos en el documento con las reformas que se prometieron a la Uni\u00f3n Europea para reducir <a title=\"Una deuda insostenible en el imperio de los mercados: Las claves de la crisis que acab\u00f3 con Berlusconi\" href=\"http:\/\/elmicroscopio.net\/2011\/11\/13\/una-deuda-insostenible-en-el-imperio-de-los-mercados-la-crisis-que-acabo-con-berlusconi\/\" target=\"_blank\">la deuda<\/a>.<\/p>\n<p>Miembros del PDL a\u00f1adieron que esperan que se trate de un mandato breve y que no se presente ni \u00e9l, ni los ministros que formar\u00e1n su Ejecutivo, como candidato en las pr\u00f3ximas elecciones, y que su Gobierno est\u00e9 formado \u00fanicamente por tecn\u00f3cratas.<\/p>\n<p>Quienes ya han asegurado que no apoyar\u00e1n a Monti han sido los socios de\u00a0Berlusconi, la Liga Norte, que siguen insistiendo en la necesidad de ir a las urnas.<\/p>\n<p>Antes de subir al Quirinal,\u00a0Berlusconi\u00a0se reuni\u00f3 por \u00faltima vez con los miembros de su Gabinete en un Consejo de Ministros que dur\u00f3 35 minutos y que convoc\u00f3 una vez ratificada en la C\u00e1mara de los diputados, la Ley de Presupuestos se 2012, que incluye las reformas econ\u00f3micas exigidas a Italia por la Uni\u00f3n Europea para reducir su deuda.<\/p>\n<p>Una reuni\u00f3n de poco m\u00e1s de media hora que sirvi\u00f3 a\u00a0Berlusconi\u00a0solo a despedirse de su Ejecutivo, y despu\u00e9s se reuni\u00f3 con otros miembros de su partido el Pueblo de la Libertad (PDL) en su residencia romana.<\/p>\n","protected":false},"excerpt":{"rendered":"<p>Tal y como hab\u00eda anunciado, el primer ministro de Italia, Silvio Berlusconi, present\u00f3 este s\u00e1bado su dimisi\u00f3n al presidente de la Rep\u00fablica, Giorgio Napolitano, tras aprobar el Parlamento el nuevo presupuesto, que incluye las medidas de austeridad impuestas por la UE.<br \/>\n<a href=\"http:\/\/diarioelpopular.com\/2011\/11\/berlusconi-un-gobernante-polemico-que-creia-representar-al-italiano-medio\/\"><span style=\"color: #000D54\"><strong>\u00bb PERFIL:<\/strong> Abonado a la pol\u00e9mica<\/span><\/a><br \/>\n<a href=\"http:\/\/diarioelpopular.com\/2011\/11\/la-crisis-de-la-deuda-italiana-paso-a-paso\/\"><span style=\"color: #000D54\"><strong>\u00bb CRONOLOG\u00cdA:<\/strong> La crisis de la deuda italiana, paso a paso<\/span><\/a><\/p>\n","protected":false},"author":1,"featured_media":17874,"comment_status":"closed","ping_status":"open","sticky":false,"template":"","format":"standard","meta":{"footnotes":""},"categories":[24],"tags":[1520,565,1335,824],"class_list":["post-17873","post","type-post","status-publish","format-standard","has-post-thumbnail","hentry","category-mundo","tag-berlusconi","tag-crisis","tag-dimision","tag-italia"],"_links":{"self":[{"href":"https:\/\/diarioelpopular.com\/index.php\/wp-json\/wp\/v2\/posts\/17873","targetHints":{"allow":["GET"]}}],"collection":[{"href":"https:\/\/diarioelpopular.com\/index.php\/wp-json\/wp\/v2\/posts"}],"about":[{"href":"https:\/\/diarioelpopular.com\/index.php\/wp-json\/wp\/v2\/types\/post"}],"author":[{"embeddable":true,"href":"https:\/\/diarioelpopular.com\/index.php\/wp-json\/wp\/v2\/users\/1"}],"replies":[{"embeddable":true,"href":"https:\/\/diarioelpopular.com\/index.php\/wp-json\/wp\/v2\/comments?post=17873"}],"version-history":[{"count":0,"href":"https:\/\/diarioelpopular.com\/index.php\/wp-json\/wp\/v2\/posts\/17873\/revisions"}],"wp:featuredmedia":[{"embeddable":true,"href":"https:\/\/diarioelpopular.com\/index.php\/wp-json\/"}],"wp:attachment":[{"href":"https:\/\/diarioelpopular.com\/index.php\/wp-json\/wp\/v2\/media?parent=17873"}],"wp:term":[{"taxonomy":"category","embeddable":true,"href":"https:\/\/diarioelpopular.com\/index.php\/wp-json\/wp\/v2\/categories?post=17873"},{"taxonomy":"post_tag","embeddable":true,"href":"https:\/\/diarioelpopular.com\/index.php\/wp-json\/wp\/v2\/tags?post=17873"}],"curies":[{"name":"wp","href":"https:\/\/api.w.org\/{rel}","templated":true}]}}