{"id":17902,"date":"2011-11-12T23:04:52","date_gmt":"2011-11-13T04:04:52","guid":{"rendered":"http:\/\/diarioelpopular.com\/?p=17902"},"modified":"2011-11-12T23:04:52","modified_gmt":"2011-11-13T04:04:52","slug":"la-liga-arabe-suspende-a-siria-y-pide-sanciones","status":"publish","type":"post","link":"https:\/\/diarioelpopular.com\/index.php\/2011\/11\/12\/la-liga-arabe-suspende-a-siria-y-pide-sanciones\/","title":{"rendered":"La Liga \u00c1rabe suspende a Siria y pide sanciones"},"content":{"rendered":"<div id=\"attachment_17903\" style=\"width: 710px\" class=\"wp-caption aligncenter\"><a href=\"https:\/\/diarioelpopular.com\/wp-content\/uploads\/2011\/11\/La-Liga-%C3%81rabe-suspende-a-Siria-y-pide-sanciones.jpg\"><img loading=\"lazy\" decoding=\"async\" aria-describedby=\"caption-attachment-17903\" class=\"size-full wp-image-17903\" title=\"La Liga \u00c1rabe suspende a Siria y pide sanciones\" src=\"https:\/\/diarioelpopular.com\/wp-content\/uploads\/2011\/11\/La-Liga-%C3%81rabe-suspende-a-Siria-y-pide-sanciones.jpg\" alt=\"\" width=\"700\" height=\"420\" \/><\/a><p id=\"caption-attachment-17903\" class=\"wp-caption-text\">El delegado sirio de la Liga \u00c1rabe, Youssef al-Ahmed, durante la reuni\u00f3n de emergencia que han mantenido los ministros de Relaciones Exteriores sobre Siria, celebrada en la sede de la Liga \u00c1rabe en El Cairo. Foto: Khaled Elfiqi \/ Efe<\/p><\/div>\n<p><em><strong>Marina Vill\u00e9n. El Cairo.-<\/strong><\/em> La Liga \u00c1rabe decidi\u00f3 este s\u00e1bado suspender a\u00a0Siria\u00a0de la organizaci\u00f3n y pedir sanciones econ\u00f3micas y pol\u00edticas contra el r\u00e9gimen de Damasco, que consider\u00f3 esta decisi\u00f3n &#8220;nula&#8221; y sometida a los intereses estadounidenses.<\/p>\n<p>La organizaci\u00f3n pan\u00e1rabe adopt\u00f3 esta resoluci\u00f3n, que era la principal demanda de la oposici\u00f3n al r\u00e9gimen del presidente sirio, Bashar al Assad, en una reuni\u00f3n extraordinaria de los ministros de Exteriores \u00e1rabes celebrada en su sede de El Cairo.<\/p>\n<p>En una rueda de prensa, el titular de Exteriores catar\u00ed, Hamad bin Yasem al Zani, dijo que esta medida se debe a que &#8220;no ha habido una respuesta total e inmediata deSiria\u00a0al plan \u00e1rabe&#8221;, que exig\u00eda el cese de la violencia para salir de la crisis.<\/p>\n<p>Al Zani, que es el presidente de turno del Consejo de la Liga \u00c1rabe, indic\u00f3 que se acord\u00f3 tambi\u00e9n pedir la retirada de los embajadores \u00e1rabes de\u00a0Siria\u00a0y celebrar una reuni\u00f3n con la oposici\u00f3n\u00a0siria\u00a0en los pr\u00f3ximos tres d\u00edas en El Cairo.<\/p>\n<p>Adem\u00e1s, la resoluci\u00f3n prev\u00e9 disponer &#8220;protecci\u00f3n a los civiles en coordinaci\u00f3n con las organizaciones de derechos humanos y la ONU&#8221;, aunque el jefe de la diplomacia catar\u00ed insisti\u00f3 en que el organismo rechaza la intervenci\u00f3n extranjera y busca &#8220;una soluci\u00f3n \u00e1rabe&#8221;.<\/p>\n<p>&#8220;Nosotros no hablamos de armar (a la oposici\u00f3n) ni de exclusi\u00f3n a\u00e9rea&#8221;, en alusi\u00f3n a las medidas internacionales adoptadas en su d\u00eda contra el r\u00e9gimen del fallecido l\u00edder libio, Muamar el Gadafi.<\/p>\n<p>La resoluci\u00f3n se aplicar\u00e1 a partir del pr\u00f3ximo d\u00eda 16, salvo que en una reuni\u00f3n ese d\u00eda en Rabat los ministros de Exteriores \u00e1rabes consideren que Damasco ha cambiado de actitud y cumple con los requisitos del plan \u00e1rabe.<\/p>\n<p>En este sentido, el secretario general de la Liga \u00c1rabe, Nabil al Arabi, expres\u00f3 su esperanza de que &#8220;se detenga la violencia en los pr\u00f3ximos cuatro d\u00edas&#8221;.<\/p>\n<p>Sin embargo, afirm\u00f3 que, una vez en vigor, &#8220;las resoluciones se mantendr\u00e1n hasta que cese la violencia y los asesinatos en\u00a0Siria&#8221;.<\/p>\n<p>La respuesta del r\u00e9gimen de Damasco no se hizo esperar y el delegado permanente de\u00a0Siria\u00a0ante la Liga \u00c1rabe, Yusef Ahmed, asegur\u00f3 en El Cairo que la resoluci\u00f3n es &#8220;nula&#8221;, ya que seg\u00fan el estatuto de la organizaci\u00f3n deber\u00eda haber contado con el apoyo de todos los estados miembros.<\/p>\n<p>Sin embargo, la resoluci\u00f3n fue aprobada por 18 de los 22 miembros de la Liga \u00c1rabe, con el voto en contra del L\u00edbano y Yemen y la abstenci\u00f3n de Irak.<\/p>\n<p>&#8220;Hay sectores \u00e1rabes que se han puesto al servicio de los planes de EE UU&#8221;, denunci\u00f3 Ahmed, quien reiter\u00f3 que la decisi\u00f3n de hoy &#8220;no significa nada para\u00a0Siria&#8221;.<\/p>\n<p>Durante su discurso previo ante los ministros de Exteriores \u00e1rabes, el representante sirio asegur\u00f3 que su pa\u00eds cumple y avanza en sus compromisos con el plan \u00e1rabe y acus\u00f3 a la oposici\u00f3n de hacer fracasar cualquier intento para salir de la crisis.<\/p>\n<p>&#8220;El \u00e9xito del plan \u00e1rabe no solo est\u00e1 vinculado a los pasos que d\u00e9 el Gobierno sirio sino tambi\u00e9n a los de los grupos armados en el interior y los sectores de la oposici\u00f3n en el exterior&#8221;, apostill\u00f3.<\/p>\n<p>Por su parte, el dirigente de la plataforma opositora Consejo Nacional Sirio (CNS) Abul Ahad Astifo dijo a Efe que con la decisi\u00f3n de suspender al r\u00e9gimen de Damasco la Liga \u00c1rabe da la raz\u00f3n a los opositores.<\/p>\n<p>&#8220;Estamos satisfechos porque ahora la oposici\u00f3n tendr\u00e1 el respaldo de la Liga \u00c1rabe&#8221;, afirm\u00f3 Astifo, quien dijo que no espera &#8220;nada en absoluto del Gobierno sirio&#8221;.<\/p>\n<p>El dirigente del CNS record\u00f3 que la oposici\u00f3n siempre dijo que el r\u00e9gimen no iba a cumplir con la iniciativa \u00e1rabe para salir de la crisis y que su aprobaci\u00f3n, el pAssado d\u00eda 2, fue &#8220;una maniobra para ganar tiempo&#8221;.<\/p>\n<p>Los pa\u00edses \u00e1rabes escucharon en esta ocasi\u00f3n la voz de la oposici\u00f3n, que en los \u00faltimos d\u00edas se ha reunido con Al Arabi y que en el exterior de la sede de la Liga \u00c1rabe se manifest\u00f3 hoy para exigir la adopci\u00f3n de medidas contundentes contra el r\u00e9gimen de Al Assad.<\/p>\n<p>Varios cientos de personas se concentraron alrededor de una carpa que con pancartas y fotograf\u00edas mantiene vivo el recuerdo de las m\u00e1s de 3.500 personas fallecidas desde el inicio de la revuelta, el pAssado marzo, seg\u00fan las \u00faltimas cifras de la ONU.<\/p>\n<p>El opositor Deia Adin Dogmosh, que huy\u00f3 de\u00a0Siria\u00a0tras ser detenido en varias ocasiones, dijo a Efe que la suspensi\u00f3n &#8220;animar\u00e1 al Consejo de Seguridad de la ONU a mostrarse m\u00e1s firme contra el r\u00e9gimen de Al Assad&#8221;.<\/p>\n<p>Aunque la resoluci\u00f3n arroja esperanza a los opositores,\u00a0Siria\u00a0sigue sumida en una espiral de violencia, que hoy se ha saldado con la muerte de al menos una decena de civiles y nueve miembros de las fuerzas de seguridad.<\/p>\n","protected":false},"excerpt":{"rendered":"<p>La Liga \u00c1rabe decidi\u00f3 este s\u00e1bado suspender a Siria de la organizaci\u00f3n y pedir sanciones econ\u00f3micas y pol\u00edticas contra el r\u00e9gimen de Damasco, que consider\u00f3 esta decisi\u00f3n &#8220;nula&#8221; y sometida a los intereses estadounidenses.<\/p>\n","protected":false},"author":1,"featured_media":17903,"comment_status":"closed","ping_status":"open","sticky":false,"template":"","format":"standard","meta":{"footnotes":""},"categories":[24],"tags":[8634,441],"class_list":["post-17902","post","type-post","status-publish","format-standard","has-post-thumbnail","hentry","category-mundo","tag-liga-arabe","tag-siria"],"_links":{"self":[{"href":"https:\/\/diarioelpopular.com\/index.php\/wp-json\/wp\/v2\/posts\/17902","targetHints":{"allow":["GET"]}}],"collection":[{"href":"https:\/\/diarioelpopular.com\/index.php\/wp-json\/wp\/v2\/posts"}],"about":[{"href":"https:\/\/diarioelpopular.com\/index.php\/wp-json\/wp\/v2\/types\/post"}],"author":[{"embeddable":true,"href":"https:\/\/diarioelpopular.com\/index.php\/wp-json\/wp\/v2\/users\/1"}],"replies":[{"embeddable":true,"href":"https:\/\/diarioelpopular.com\/index.php\/wp-json\/wp\/v2\/comments?post=17902"}],"version-history":[{"count":0,"href":"https:\/\/diarioelpopular.com\/index.php\/wp-json\/wp\/v2\/posts\/17902\/revisions"}],"wp:featuredmedia":[{"embeddable":true,"href":"https:\/\/diarioelpopular.com\/index.php\/wp-json\/"}],"wp:attachment":[{"href":"https:\/\/diarioelpopular.com\/index.php\/wp-json\/wp\/v2\/media?parent=17902"}],"wp:term":[{"taxonomy":"category","embeddable":true,"href":"https:\/\/diarioelpopular.com\/index.php\/wp-json\/wp\/v2\/categories?post=17902"},{"taxonomy":"post_tag","embeddable":true,"href":"https:\/\/diarioelpopular.com\/index.php\/wp-json\/wp\/v2\/tags?post=17902"}],"curies":[{"name":"wp","href":"https:\/\/api.w.org\/{rel}","templated":true}]}}