{"id":17946,"date":"2011-11-13T23:03:46","date_gmt":"2011-11-14T04:03:46","guid":{"rendered":"http:\/\/diarioelpopular.com\/?p=17946"},"modified":"2011-11-13T23:03:46","modified_gmt":"2011-11-14T04:03:46","slug":"expulsan-a-los-indignados-de-queens-park","status":"publish","type":"post","link":"https:\/\/diarioelpopular.com\/index.php\/2011\/11\/13\/expulsan-a-los-indignados-de-queens-park\/","title":{"rendered":"Expulsan a los &#8216;indignados&#8217; de Queen&#8217;s Park"},"content":{"rendered":"<div id=\"attachment_17947\" style=\"width: 310px\" class=\"wp-caption alignright\"><a href=\"https:\/\/diarioelpopular.com\/wp-content\/uploads\/2011\/11\/Occupy-Toronto-Queens-Park.jpg\"><img loading=\"lazy\" decoding=\"async\" aria-describedby=\"caption-attachment-17947\" class=\"size-medium wp-image-17947\" title=\"Occupy Toronto, Queen's Park\" src=\"https:\/\/diarioelpopular.com\/wp-content\/uploads\/2011\/11\/Occupy-Toronto-Queens-Park-300x180.jpg\" alt=\"\" width=\"300\" height=\"180\" \/><\/a><p id=\"caption-attachment-17947\" class=\"wp-caption-text\">Tiendas de &#039;Occupy Toronto&#039; en Queen&#039;s Park. Foto: Tom Ryaboi \/ blogto.com<\/p><\/div>\n<p><em><strong>E<\/strong><strong>l Popular. Toronto.-<\/strong><\/em> El intento llevado a cabo este fin de semana por algunos de los &#8216;indignados&#8217; del movimiento &#8216;<a href=\"http:\/\/occupyto.org\/\" target=\"_blank\">Occupy Toronto<\/a>&#8216; (Ocupar Toronto) de establecer un segundo campamento en Queen&#8217;s Park acab\u00f3 fracasando, al expulsar la Polic\u00eda a los activistas que plantaron sus tiendas el s\u00e1bado a la sombra del edificio de la legislatura provincial.<\/p>\n<p>El desalojo se realiz\u00f3 sin incidentes violentos.<\/p>\n<p>Por otro lado, el grupo ciberactivista <a href=\"http:\/\/es.wikipedia.org\/wiki\/Anonymous\" target=\"_blank\">Anonymous<\/a> amenaz\u00f3 con lanzar un ataque cibern\u00e9tico contra las instituciones de la ciudad si el Ayuntamiento desaloja a los &#8216;indignados&#8217; que llevan ya un mes acampados en St, James Park, en protesta por los abusos del capitalismo y la avaricia del sistema financiero y las grandes corporaciones.<\/p>\n<p>El alcalde, Rob Ford, insisti\u00f3 por su parte en que los activistas deben abandonar la acampada, y el administrador municipal, Joe Pennachetti, indic\u00f3 que las autoridades municipales podr\u00edan empezar a dar los pasos necesarios para el desalojo tan pronto como esta misma semana, en la l\u00ednea de ciudades como Vancouver, Victoria o Calgary, que han anunciado ya planes para comenzar a desmantelar sus campamentos.<\/p>\n<p>En Halifax el viernes, la polic\u00eda arrest\u00f3 a 14 personas durante el desalojo del campamento de &#8216;<a href=\"http:\/\/occupyns.org\/\" target=\"_blank\">Occupy Nova Scotia<\/a>&#8216;, y el mi\u00e9rcoles, la Polic\u00eda de London, Ontario, <a href=\"https:\/\/diarioelpopular.com\/2011\/11\/la-policia-de-london-desaloja-a-los-%e2%80%98indignados%e2%80%99\/\">expuls\u00f3 tambi\u00e9n a los manifestantes<\/a> en esta ciudad.<\/p>\n<p>Mientras, la oficina forense de Vancouver confirm\u00f3 que <a href=\"https:\/\/diarioelpopular.com\/2011\/11\/ordenan-desalojar-occupy-vancouver-tras-morir-una-joven\/\">la muerte de Ashlie Gough<\/a>, la mujer de 23 a\u00f1os de edad cuyo cuerpo sin vida fue hallado hace una semana en una tienda del campamento de &#8216;<a href=\"http:\/\/www.occupyvancouver.com\/\" target=\"_blank\">Occupy Vancouver<\/a>&#8216;, se debi\u00f3 a una sobredosis de droga.<\/p>\n","protected":false},"excerpt":{"rendered":"<p>El intento llevado a cabo este fin de semana por algunos de los &#8216;indignados&#8217; del movimiento &#8216;Occupy Toronto&#8217; (Ocupar Toronto) de establecer un segundo campamento en Queen&#8217;s Park acab\u00f3 fracasando, al expulsar la Polic\u00eda a los activistas que plantaron sus tiendas el s\u00e1bado a la sombra del edificio de la legislatura provincial. <\/p>\n","protected":false},"author":1,"featured_media":17947,"comment_status":"closed","ping_status":"open","sticky":false,"template":"","format":"standard","meta":{"footnotes":""},"categories":[21],"tags":[254,7977,8651,22],"class_list":["post-17946","post","type-post","status-publish","format-standard","has-post-thumbnail","hentry","category-canada","tag-indignados","tag-occupy-toronto","tag-queens-park","tag-toronto"],"_links":{"self":[{"href":"https:\/\/diarioelpopular.com\/index.php\/wp-json\/wp\/v2\/posts\/17946","targetHints":{"allow":["GET"]}}],"collection":[{"href":"https:\/\/diarioelpopular.com\/index.php\/wp-json\/wp\/v2\/posts"}],"about":[{"href":"https:\/\/diarioelpopular.com\/index.php\/wp-json\/wp\/v2\/types\/post"}],"author":[{"embeddable":true,"href":"https:\/\/diarioelpopular.com\/index.php\/wp-json\/wp\/v2\/users\/1"}],"replies":[{"embeddable":true,"href":"https:\/\/diarioelpopular.com\/index.php\/wp-json\/wp\/v2\/comments?post=17946"}],"version-history":[{"count":0,"href":"https:\/\/diarioelpopular.com\/index.php\/wp-json\/wp\/v2\/posts\/17946\/revisions"}],"wp:featuredmedia":[{"embeddable":true,"href":"https:\/\/diarioelpopular.com\/index.php\/wp-json\/"}],"wp:attachment":[{"href":"https:\/\/diarioelpopular.com\/index.php\/wp-json\/wp\/v2\/media?parent=17946"}],"wp:term":[{"taxonomy":"category","embeddable":true,"href":"https:\/\/diarioelpopular.com\/index.php\/wp-json\/wp\/v2\/categories?post=17946"},{"taxonomy":"post_tag","embeddable":true,"href":"https:\/\/diarioelpopular.com\/index.php\/wp-json\/wp\/v2\/tags?post=17946"}],"curies":[{"name":"wp","href":"https:\/\/api.w.org\/{rel}","templated":true}]}}