{"id":17966,"date":"2011-11-13T21:03:57","date_gmt":"2011-11-14T02:03:57","guid":{"rendered":"http:\/\/diarioelpopular.com\/?p=17966"},"modified":"2011-11-13T21:03:57","modified_gmt":"2011-11-14T02:03:57","slug":"mario-monti-recibe-el-encargo-de-formar-gobierno-en-italia","status":"publish","type":"post","link":"https:\/\/diarioelpopular.com\/index.php\/2011\/11\/13\/mario-monti-recibe-el-encargo-de-formar-gobierno-en-italia\/","title":{"rendered":"Mario Monti recibe el encargo de formar gobierno en Italia"},"content":{"rendered":"<div id=\"attachment_17967\" style=\"width: 710px\" class=\"wp-caption aligncenter\"><a href=\"https:\/\/diarioelpopular.com\/wp-content\/uploads\/2011\/11\/Mario-Monti.jpg\"><img loading=\"lazy\" decoding=\"async\" aria-describedby=\"caption-attachment-17967\" class=\"size-full wp-image-17967\" title=\"Mario Monti\" src=\"https:\/\/diarioelpopular.com\/wp-content\/uploads\/2011\/11\/Mario-Monti.jpg\" alt=\"\" width=\"700\" height=\"420\" \/><\/a><p id=\"caption-attachment-17967\" class=\"wp-caption-text\">El excomisario europeo Mario Monti habla con la prensa tras su reuni\u00f3n con el presidente de la Rep\u00fablica, Giorgio Napolitano, para formar nuevo Gobierno. Foto: Claudio Onorati \/ Efe<\/p><\/div>\n<p><em><strong>Carmen Postigo. Roma.-<\/strong><\/em> El presidente de Italia, Giorgio Napolitano, encarg\u00f3 este domingo al excomisario europeo Mario Monti la formaci\u00f3n de un nuevo Ejecutivo, tras <a href=\"https:\/\/diarioelpopular.com\/2011\/11\/silvio-berlusconi-presenta-su-dimision\/\">la dimisi\u00f3n la v\u00edspera de Silvio\u00a0Berlusconi<\/a>.<\/p>\n<p>Monti fue convocado a las 18.00 GMT al palacio Quirinal, sede de la Jefatura de Estado, despu\u00e9s de que Napolitano, de 86 a\u00f1os, concluyera una jornada de maratonianas consultas con los expresidentes de la Rep\u00fablica y los l\u00edderes de los partidos con representaci\u00f3n parlamentaria para buscar una salida a la crisis de Gobierno abierta tras la dimisi\u00f3n de\u00a0Berlusconi.<\/p>\n<p>&#8220;Italia debe volver a sanear su econom\u00eda y emprender de nuevo el camino del crecimiento. Es algo que debemos a nuestros hijos, a quienes debemos dar un futuro concreto de dignidad y esperanza&#8221;, declar\u00f3 Monti a la prensa en la sede de la presidencia tras recibir el encargo de formar Gobierno.<\/p>\n<p>Asimismo apunt\u00f3 que &#8220;Italia puede superar la situaci\u00f3n de emergencia con el esfuerzo com\u00fan&#8221;, y se comprometi\u00f3 a dar forma a su Gobierno en breve, sin especificar el plazo.<\/p>\n<p>Todas las formaciones pol\u00edticas menos una se mostraron de acuerdo con un Gobierno t\u00e9cnico presidido por el excomisario europeo de Mercados y Valores, Mario Monti, de 68 a\u00f1os, quien cuenta tambi\u00e9n con el respaldo de las canciller\u00edas europeas, que lo ven como una garant\u00eda para la estabilidad de los mercados y la aceleraci\u00f3n de las reformas econ\u00f3micas que debe acometer Italia.<\/p>\n<p>Tras sus encuentros con el jefe del Estado, los l\u00edderes y representantes de los diversos partidos pol\u00edticos italianos expresaron su posici\u00f3n oficial respecto al Gobierno t\u00e9cnico de Monti, y todos menos uno se mostraron a favor, algunos con condiciones, mientras la Liga Norte se pronunci\u00f3 tajantemente en contra.<\/p>\n<p>As\u00ed las cosas, es posible que Monti presente ya en las pr\u00f3ximas horas la lista de ministros.<\/p>\n<p>La jura del cargo del jefe del Gobierno y de sus ministros puede producirse ma\u00f1ana, y el martes o mi\u00e9rcoles Monti comparecer\u00e1 ante la C\u00e1mara de los Diputados y el Senado para recibir el voto de confianza.<\/p>\n<p>El partido\u00a0Berlusconi, el Pueblo de la Libertad (PDL), apoy\u00f3 la formaci\u00f3n de un Gobierno t\u00e9cnico de transici\u00f3n liderado por Monti.<\/p>\n<p>El secretario general del partido, Angelino Alfano, asegur\u00f3 que el PDL se opone a la presencia de pol\u00edticos en el nuevo Ejecutivo, que en su opini\u00f3n debe estar formado por t\u00e9cnicos.<\/p>\n<p>Alfano insisti\u00f3 en que la actuaci\u00f3n de Monti deber\u00e1 basarse en los compromisos de reforma adquiridos por Italia ante la Uni\u00f3n Europea, y manifest\u00f3 adem\u00e1s su descontento por que este Gobierno no salga de las urnas.<\/p>\n<p>En cuanto al mayor partido de la oposici\u00f3n, el Partido Dem\u00f3crata (PD), su l\u00edder Pier Luigi Bersani precis\u00f3 que esa fuerza apoya a un Ejecutivo &#8220;totalmente nuevo&#8221; y con una fuerte presencia de t\u00e9cnicos capaces de &#8220;conseguir que Italia est\u00e9 en condiciones de afrontar la emergencia&#8221; en la que est\u00e1 sumida.<\/p>\n<p>El llamado Tercer Polo, formado por los partidos Alianza para Italia (API), Uni\u00f3n de Dem\u00f3cratas y Cristianos (UDC) y Futuro y Libertad (FLI), secund\u00f3 la formaci\u00f3n de un Gobierno liderado por Monti.<\/p>\n<p>El l\u00edder del UDC, Pierferdinando Casini, que estuvo acompa\u00f1ado por Francesco Rutelli, dirigente de API, y por Italo Bocchino, vicepresidente de FLI, entre otros, destac\u00f3 que los partidos italianos &#8220;se encuentran en una encrucijada: especular sobre la situaci\u00f3n esperando alg\u00fan beneficio electoral o asumir la responsabilidad de salvar al pa\u00eds&#8221;.<\/p>\n<p>A su vez, el l\u00edder del opositor Italia de los Valores (IDV), el exmagistrado Antonio Di Pietro dijo que espera conocer el futuro equipo de Gobierno de Monti, el programa, y sobre todo, el tiempo de duraci\u00f3n del nuevo Ejecutivo para decidir si lo apoya o no.<\/p>\n<p>Por su parte, el l\u00edder de la federalista Liga Norte, Umberto Bossi, no se anduvo por las ramas y afirm\u00f3 que no est\u00e1 de acuerdo con un Gobierno t\u00e9cnico, por lo que su formaci\u00f3n pasar\u00e1 a la oposici\u00f3n.<\/p>\n<p>&#8220;Hemos dicho &#8216;no&#8217; a la cama redonda. Ser\u00e1 una cama redonda enorme, no tiene necesidad de nosotros. Estaremos en la oposici\u00f3n y vigilaremos&#8221;, refiri\u00f3 Bossi a los periodistas.<\/p>\n<p>Berlusconi, este domingo a\u00fan primer ministro en funciones, aprovech\u00f3 la jornada para afirmar que ha dimitido por &#8220;sentido de Estado y de responsabilidad&#8221; hacia Italia y anunci\u00f3 que <a href=\"https:\/\/diarioelpopular.com\/2011\/11\/berlusconi-anuncia-que-seguira-en-politica\/\">seguir\u00e1 en pol\u00edtica y que &#8220;redoblar\u00e1&#8221; sus esfuerzos en el Parlamento<\/a> y en las instituciones para renovar el pa\u00eds.<\/p>\n","protected":false},"excerpt":{"rendered":"<p>El presidente de Italia, Giorgio Napolitano, encarg\u00f3 este domingo al excomisario europeo Mario Monti la formaci\u00f3n de un nuevo Ejecutivo.<br \/>\n<a href=\"http:\/\/diarioelpopular.com\/2011\/11\/berlusconi-anuncia-que-seguira-en-politica\/\"><span style=\"color: #000D54\"><strong>\u00bb Berlusconi anuncia que seguir\u00e1 en pol\u00edtica<\/strong><\/span><\/a><br \/>\n<a href=\"http:\/\/diarioelpopular.com\/2011\/11\/silvio-berlusconi-presenta-su-dimision\/\"><span style=\"color: #000D54\">\u00bb Berlusconi dimite<\/span><\/a> <a href=\"http:\/\/diarioelpopular.com\/2011\/11\/berlusconi-un-gobernante-polemico-que-creia-representar-al-italiano-medio\/\"><span style=\"color: #000D54\"><strong>\u00bb PERFIL:<\/strong> Abonado a la pol\u00e9mica<\/span><\/a><br \/>\n<a href=\"http:\/\/diarioelpopular.com\/2011\/11\/la-crisis-de-la-deuda-italiana-paso-a-paso\/\"><span style=\"color: #000D54\"><strong>\u00bb CRONOLOG\u00cdA:<\/strong> La crisis de la deuda italiana, paso a paso<\/span><\/a><\/p>\n","protected":false},"author":1,"featured_media":17967,"comment_status":"closed","ping_status":"open","sticky":false,"template":"","format":"standard","meta":{"footnotes":""},"categories":[24],"tags":[1520,824,8636],"class_list":["post-17966","post","type-post","status-publish","format-standard","has-post-thumbnail","hentry","category-mundo","tag-berlusconi","tag-italia","tag-mario-monti"],"_links":{"self":[{"href":"https:\/\/diarioelpopular.com\/index.php\/wp-json\/wp\/v2\/posts\/17966","targetHints":{"allow":["GET"]}}],"collection":[{"href":"https:\/\/diarioelpopular.com\/index.php\/wp-json\/wp\/v2\/posts"}],"about":[{"href":"https:\/\/diarioelpopular.com\/index.php\/wp-json\/wp\/v2\/types\/post"}],"author":[{"embeddable":true,"href":"https:\/\/diarioelpopular.com\/index.php\/wp-json\/wp\/v2\/users\/1"}],"replies":[{"embeddable":true,"href":"https:\/\/diarioelpopular.com\/index.php\/wp-json\/wp\/v2\/comments?post=17966"}],"version-history":[{"count":0,"href":"https:\/\/diarioelpopular.com\/index.php\/wp-json\/wp\/v2\/posts\/17966\/revisions"}],"wp:featuredmedia":[{"embeddable":true,"href":"https:\/\/diarioelpopular.com\/index.php\/wp-json\/"}],"wp:attachment":[{"href":"https:\/\/diarioelpopular.com\/index.php\/wp-json\/wp\/v2\/media?parent=17966"}],"wp:term":[{"taxonomy":"category","embeddable":true,"href":"https:\/\/diarioelpopular.com\/index.php\/wp-json\/wp\/v2\/categories?post=17966"},{"taxonomy":"post_tag","embeddable":true,"href":"https:\/\/diarioelpopular.com\/index.php\/wp-json\/wp\/v2\/tags?post=17966"}],"curies":[{"name":"wp","href":"https:\/\/api.w.org\/{rel}","templated":true}]}}