{"id":17970,"date":"2011-11-13T22:22:49","date_gmt":"2011-11-14T03:22:49","guid":{"rendered":"http:\/\/diarioelpopular.com\/?p=17970"},"modified":"2011-11-13T22:22:49","modified_gmt":"2011-11-14T03:22:49","slug":"berlusconi-anuncia-que-seguira-en-politica","status":"publish","type":"post","link":"https:\/\/diarioelpopular.com\/index.php\/2011\/11\/13\/berlusconi-anuncia-que-seguira-en-politica\/","title":{"rendered":"Berlusconi anuncia que seguir\u00e1 en pol\u00edtica"},"content":{"rendered":"<div id=\"attachment_17972\" style=\"width: 710px\" class=\"wp-caption aligncenter\"><a href=\"https:\/\/diarioelpopular.com\/wp-content\/uploads\/2011\/11\/Berlusconi-seguir%C3%A1-en-pol%C3%ADtica.jpg\"><img loading=\"lazy\" decoding=\"async\" aria-describedby=\"caption-attachment-17972\" class=\"size-full wp-image-17972\" title=\"Berlusconi seguir\u00e1 en pol\u00edtica\" src=\"https:\/\/diarioelpopular.com\/wp-content\/uploads\/2011\/11\/Berlusconi-seguir%C3%A1-en-pol%C3%ADtica.jpg\" alt=\"\" width=\"700\" height=\"420\" \/><\/a><p id=\"caption-attachment-17972\" class=\"wp-caption-text\">El exprimer ministro italiano Silvio Berlusconi saluda a seguidores de su partido en el exterior del Palacio Grazioli de Roma. Foto: Massimo Percossi \/ Efe<\/p><\/div>\n<p><em><strong>Efe. Roma.-<\/strong><\/em> Silvio\u00a0Berlusconi\u00a0afirm\u00f3 este domingo que <a href=\"https:\/\/diarioelpopular.com\/2011\/11\/silvio-berlusconi-presenta-su-dimision\/\">ha dimitido<\/a> por &#8220;sentido de estado, de responsabilidad y de generosidad&#8221; hacia Italia y anunci\u00f3 que seguir\u00e1 en pol\u00edtica y que &#8220;redoblar\u00e1&#8221; esfuerzos en el Parlamento y en las instituciones para renovar el pa\u00eds.<\/p>\n<p>Berlusconi\u00a0hizo estas manifestaciones en un mensaje grabado de televisi\u00f3n, en el que expres\u00f3 su &#8220;tristeza&#8221; por los ataques e insultos que ayer le dedicaron miles de italianos en Roma cuando se dirig\u00eda a presentar su dimisi\u00f3n ante el Jefe del Estado, Giorgio Napolitano.<\/p>\n<p>&#8220;He dimitido por sentido de responsabilidad y de estado, para evitar un nuevo ataque de especulaci\u00f3n financiera (hacia Italia) y sin que el Parlamento, jam\u00e1s, me haya retirado la confianza&#8221;, afirm\u00f3 el dirigente conservador, de 76 a\u00f1os, en su mensaje.<\/p>\n<p>Berlusconi\u00a0asegur\u00f3 que &#8220;no existe&#8221; una alternativa pol\u00edtica a su gobierno, pero que al mismo tiempo est\u00e1n preparados &#8220;para favorecer los esfuerzos del presidente de la Rep\u00fablica para ofrecer pronto al pa\u00eds un nuevo ejecutivo de perfil t\u00e9cnico&#8221;.<\/p>\n<p>&#8220;Nosotros cumpliremos con nuestro deber&#8221;, agreg\u00f3\u00a0Berlusconi, que destac\u00f3 que su Gobierno aprob\u00f3 en tiempo record la llamada ley de estabilidad financiera, que incluye las reformas econ\u00f3mica exigidas por la UE &#8220;y la hemos aprobado en el Parlamento (ayer) con nuestros votos&#8221;.<\/p>\n<p>Esta ley -precis\u00f3\u00a0Berlusconi- contiene m\u00e1s del 50% de las reformas exigidas por Europa y permitir\u00e1 &#8220;demostrar&#8221; a los socios europeos y a los mercados que Italia va a mantener sus compromisos.<\/p>\n<p>El exprimer ministro a\u00f1adi\u00f3 que ha &#8220;honrado&#8221; as\u00ed la confianza que le dieron los italiano en 2008, cuando gan\u00f3 las elecciones.<\/p>\n<p>&#8220;Y justo despu\u00e9s de la aprobaci\u00f3n de la ley, como hab\u00eda anunciado, he presentado mi dimisi\u00f3n. Lo he hecho por sentido de responsabilidad y del estado, para evitar a Italia un nuevo ataque de la especulaci\u00f3n financiera. Lo he hecho sin nunca haber perdido la confianza del Parlamento&#8221;, manifest\u00f3.<\/p>\n<p>Berlusconi\u00a0abog\u00f3 por que todas las fuerzas pol\u00edticas, juntas, hagan frente a una crisis &#8220;que no ha nacido en Italia, que no ha nacido por nuestra deuda, ni nuestros bancos&#8221;.<\/p>\n<p>&#8220;No ha nacido ni siquiera en Europa, es una crisis que se ha convertido en una crisis de nuestra moneda, que no tiene el apoyo que debe tener, aquel de un banco que garantice a la moneda. Esto es lo que debe hacer el Banco Central Europeo si quiere salvar el euro y Europa&#8221;, asegur\u00f3.<\/p>\n<p>Respecto a los insultos que le dedicaron ayer miles de italianos cuando se dirig\u00eda a presentar su dimisi\u00f3n ante el Jefe del Estado, Giorgio Napolitano, dijo que fue &#8220;triste&#8221; ver c\u00f3mo un gesto &#8220;responsable, y si me lo permit\u00eds, generoso, como mi dimisi\u00f3n&#8221; fue acogido con silbidos y con insultos.<\/p>\n<p>&#8220;Frente a los cientos de manifestantes que estaban ayer en la plaza hay millones de italianos que saben que hemos hecho lo imposible por preservar a nuestras familias y a nuestras empresas de la crisis global que ha golpeado a todos los pa\u00edses avanzados, no s\u00f3lo al nuestro&#8221;, se\u00f1al\u00f3.<\/p>\n<p>Berlusconi\u00a0agreg\u00f3 que gracias al apoyo de los italianos ha podido desde 1994 -cuando entr\u00f3 en pol\u00edtica- cumplir con sus objetivos para modernizar Italia.<\/p>\n","protected":false},"excerpt":{"rendered":"<p>Silvio Berlusconi afirm\u00f3 este domingo que ha dimitido por &#8220;sentido de estado, de responsabilidad y de generosidad&#8221; hacia Italia y anunci\u00f3 que seguir\u00e1 en pol\u00edtica y que &#8220;redoblar\u00e1&#8221; esfuerzos en el Parlamento y en las instituciones para renovar el pa\u00eds.<\/p>\n","protected":false},"author":1,"featured_media":17972,"comment_status":"closed","ping_status":"open","sticky":false,"template":"","format":"standard","meta":{"footnotes":""},"categories":[24],"tags":[1520,824],"class_list":["post-17970","post","type-post","status-publish","format-standard","has-post-thumbnail","hentry","category-mundo","tag-berlusconi","tag-italia"],"_links":{"self":[{"href":"https:\/\/diarioelpopular.com\/index.php\/wp-json\/wp\/v2\/posts\/17970","targetHints":{"allow":["GET"]}}],"collection":[{"href":"https:\/\/diarioelpopular.com\/index.php\/wp-json\/wp\/v2\/posts"}],"about":[{"href":"https:\/\/diarioelpopular.com\/index.php\/wp-json\/wp\/v2\/types\/post"}],"author":[{"embeddable":true,"href":"https:\/\/diarioelpopular.com\/index.php\/wp-json\/wp\/v2\/users\/1"}],"replies":[{"embeddable":true,"href":"https:\/\/diarioelpopular.com\/index.php\/wp-json\/wp\/v2\/comments?post=17970"}],"version-history":[{"count":0,"href":"https:\/\/diarioelpopular.com\/index.php\/wp-json\/wp\/v2\/posts\/17970\/revisions"}],"wp:featuredmedia":[{"embeddable":true,"href":"https:\/\/diarioelpopular.com\/index.php\/wp-json\/"}],"wp:attachment":[{"href":"https:\/\/diarioelpopular.com\/index.php\/wp-json\/wp\/v2\/media?parent=17970"}],"wp:term":[{"taxonomy":"category","embeddable":true,"href":"https:\/\/diarioelpopular.com\/index.php\/wp-json\/wp\/v2\/categories?post=17970"},{"taxonomy":"post_tag","embeddable":true,"href":"https:\/\/diarioelpopular.com\/index.php\/wp-json\/wp\/v2\/tags?post=17970"}],"curies":[{"name":"wp","href":"https:\/\/api.w.org\/{rel}","templated":true}]}}