{"id":18006,"date":"2011-11-13T21:18:00","date_gmt":"2011-11-14T02:18:00","guid":{"rendered":"http:\/\/diarioelpopular.com\/?p=18006"},"modified":"2011-11-13T21:18:00","modified_gmt":"2011-11-14T02:18:00","slug":"alemania-admite-que-hay-un-nuevo-terrorismo-ultraderechista","status":"publish","type":"post","link":"https:\/\/diarioelpopular.com\/index.php\/2011\/11\/13\/alemania-admite-que-hay-un-nuevo-terrorismo-ultraderechista\/","title":{"rendered":"Alemania admite que hay un nuevo terrorismo ultraderechista"},"content":{"rendered":"<div id=\"attachment_18008\" style=\"width: 715px\" class=\"wp-caption aligncenter\"><a href=\"https:\/\/diarioelpopular.com\/wp-content\/uploads\/2011\/11\/Asesinatos-de-los-D%C3%B6ner.jpg\"><img loading=\"lazy\" decoding=\"async\" aria-describedby=\"caption-attachment-18008\" class=\"size-full wp-image-18008\" title=\"Asesinatos de los D\u00f6ner\" src=\"https:\/\/diarioelpopular.com\/wp-content\/uploads\/2011\/11\/Asesinatos-de-los-D%C3%B6ner.jpg\" alt=\"\" width=\"705\" height=\"252\" \/><\/a><p id=\"caption-attachment-18008\" class=\"wp-caption-text\">Los tres supuestos integrantes del grupo &quot;Clandestinidad Nacionalsocialista&quot;<\/p><\/div>\n<p><em><strong>Efe. Berl\u00edn.-<\/strong><\/em> El gobierno de la canciller alemana, Angela Merkel, admiti\u00f3 este domingo la existencia de un nuevo\u00a0terrorismo\u00a0ultraderechista\u00a0tras una serie de diez asesinatos, nueve de ellos de inmigrantes, cometidos entre 2000 y 2006 por una banda de neonazis, que actu\u00f3 en la impunidad pese a su reconocida militancia.<\/p>\n<p>Se trata de una &#8220;nueva forma de\u00a0terrorismo\u00a0(&#8230;) ahora de derechas&#8221;, afirm\u00f3 el ministro de Interior, Hans-Peter Friedrich, dos d\u00edas despu\u00e9s de que la fiscal\u00eda federal asumiera la investigaci\u00f3n de un caso revelado tard\u00edamente y a ra\u00edz del suicidio de dos miembros de la banda, en una caravana y tras atracar un banco.<\/p>\n<p>Mientras Friedrich aplicaba, por primera vez, el t\u00e9rmino\u00a0terrorismo\u00a0a atentados atribuidos a la ultraderecha alemana, Merkel expresaba su &#8220;gran preocupaci\u00f3n&#8221; y promet\u00eda su total esclarecimiento.<\/p>\n<p>&#8220;Es un caso extremadamente preocupante&#8221;, afirm\u00f3 la canciller desde Leipzig, donde ma\u00f1ana abrir\u00e1 el congreso de la Uni\u00f3n Cristianodem\u00f3crata (CDU), que corresponde &#8220;investigar en profundidad&#8221;, como &#8220;cualquier otra forma de extremismo&#8221;.<\/p>\n<p>La presunta autor\u00eda\u00a0ultraderechista\u00a0en esos cr\u00edmenes, hasta ahora conocidos simplemente como &#8220;los asesinatos de los D\u00f6ner&#8221; -la mayor\u00eda de sus v\u00edctimas eran peque\u00f1os comerciantes turcos-, ha cuestionado la acci\u00f3n de la polic\u00eda y los servicios secretos.<\/p>\n<p>Sus presuntos autores materiales fue un tr\u00edo de neonazis, n\u00facleo de una banda identificada como &#8220;Clandestinidad Nacionalsocialista&#8221; (NSU). Es decir, los dos atracadores muertos, de 34 y 38 a\u00f1os, m\u00e1s una mujer que conviv\u00eda con ellos, identificada como Beate Z, de 36.<\/p>\n<p>El tr\u00edo estuvo en 1998 bajo observaci\u00f3n de los servicios secretos, como expertos en artefactos explosivos de un grupo neonazi de Turingia (este), pero luego su pista se perdi\u00f3.<\/p>\n<p>En medios alemanes se especula con que el propio espionaje les proporcion\u00f3 una identidad falsa para infiltrarlos en esos ambientes.<\/p>\n<p>No se descarta asimismo la existencia de otros correligionarios, tras la detenci\u00f3n este mismo domingo de un presunto c\u00f3mplice, al que asimismo se imputa pertenencia a la &#8220;NSU&#8221;.<\/p>\n<p>El tr\u00edo, como su presunto c\u00f3mplice, milit\u00f3 desde la pasada d\u00e9cada de los a\u00f1os 90 en grup\u00fasculos ultras y hasta el primero de los asesinatos hab\u00eda atracado 14 bancos.<\/p>\n<p>La trama empez\u00f3 a revelarse tras hallarse el pasado d\u00eda 4 la caravana con los cad\u00e1veres de los dos hombres que aparentemente se suicidaron con su propia arma, a lo que sigui\u00f3 la explosi\u00f3n de la vivienda que compart\u00edan con la mujer, todo ello en Zwickau (este).<\/p>\n<p>Se trat\u00f3 de una explosi\u00f3n provocada probablemente para borrar pistas por la mujer, quien dos d\u00edas despu\u00e9s de hacer saltar la casa por los aires se entreg\u00f3 a la polic\u00eda.<\/p>\n<p>En la caravana se encontr\u00f3 el arma reglamentaria de una agente de la polic\u00eda de 22 a\u00f1os, asesinada en 2007 en Heilbronn (sur). A ese hallazgo sigui\u00f3, en la vivienda en ruinas, el de la pistola con que fueron asesinados hasta nueve inmigrantes, ocho turcos y un griego, entre 2000 y 2006 y en ciudades repartidas por toda Alemania.<\/p>\n<p>Seg\u00fan revelaba este domingo el semanario &#8220;Der Spiegel&#8221;, en las ruinas de la casa se encontraron varios DVD conteniendo una confesi\u00f3n grabada de la autor\u00eda de esos asesinatos, adem\u00e1s de otros atentados sin v\u00edctimas mortales, as\u00ed como la amenaza de nuevos ataques por parte de camaradas de la &#8220;NSU&#8221;.<\/p>\n<p>En las grabaciones aparecen fotograf\u00edas de sus v\u00edctimas, inmediatamente despu\u00e9s de haber sido asesinadas de un tiro en la cabeza, todos ellos con la misma pistola de fabricaci\u00f3n checa.<\/p>\n<p>Una de las im\u00e1genes difundida por el semanario presenta al personaje de dibujos animados &#8220;La Pantera Rosa&#8221;, mostrando con gesto ufano un mapa de Alemania, con los puntos donde cometieron sus asesinatos y la foto de la novena v\u00edctima, un turco.<\/p>\n<p>La fiscal\u00eda federal asumi\u00f3 el caso el viernes y hoy comunic\u00f3 la detenci\u00f3n de un presunto c\u00f3mplice, de 37 a\u00f1os, bajo sospecha de pertenencia a la misma &#8220;Clandestinidad Nacionalsocialista&#8221;.<\/p>\n<p>Al sospechoso se le imputa haber suministrado documentaci\u00f3n falsa al tr\u00edo y haberles alquilado repetidamente caravanas, tanto la usada en el asesinato de la agente como en el suicidio de los dos hombres.<\/p>\n<p>Se sabe que estaba en contacto con el tr\u00edo desde 1990, por lo que tal vez est\u00e9 asimismo implicado en los sucesivos asesinatos perpetrados por la banda.<\/p>\n<p>En medios alemanes se aseguraba hoy que la mujer, Beate Z, trata de conseguir que se la reconozca el estatus de testigo de cargo para lograr atenuantes a cambio de su confesi\u00f3n.<\/p>\n","protected":false},"excerpt":{"rendered":"<p>El gobierno de la canciller alemana, Angela Merkel, admiti\u00f3 este domingo la existencia de un nuevo terrorismo ultraderechista tras una serie de diez asesinatos, nueve de ellos de inmigrantes, cometidos entre 2000 y 2006 por una banda de neonazis, que actu\u00f3 en la impunidad pese a su reconocida militancia.<\/p>\n","protected":false},"author":1,"featured_media":18007,"comment_status":"closed","ping_status":"open","sticky":false,"template":"","format":"standard","meta":{"footnotes":""},"categories":[24],"tags":[737,8640,1026,1046,1047,337,1048],"class_list":["post-18006","post","type-post","status-publish","format-standard","has-post-thumbnail","hentry","category-mundo","tag-alemania","tag-doner","tag-inmigrantes","tag-neonazis","tag-nsu","tag-terrorismo","tag-ultraderecha"],"_links":{"self":[{"href":"https:\/\/diarioelpopular.com\/index.php\/wp-json\/wp\/v2\/posts\/18006","targetHints":{"allow":["GET"]}}],"collection":[{"href":"https:\/\/diarioelpopular.com\/index.php\/wp-json\/wp\/v2\/posts"}],"about":[{"href":"https:\/\/diarioelpopular.com\/index.php\/wp-json\/wp\/v2\/types\/post"}],"author":[{"embeddable":true,"href":"https:\/\/diarioelpopular.com\/index.php\/wp-json\/wp\/v2\/users\/1"}],"replies":[{"embeddable":true,"href":"https:\/\/diarioelpopular.com\/index.php\/wp-json\/wp\/v2\/comments?post=18006"}],"version-history":[{"count":0,"href":"https:\/\/diarioelpopular.com\/index.php\/wp-json\/wp\/v2\/posts\/18006\/revisions"}],"wp:featuredmedia":[{"embeddable":true,"href":"https:\/\/diarioelpopular.com\/index.php\/wp-json\/"}],"wp:attachment":[{"href":"https:\/\/diarioelpopular.com\/index.php\/wp-json\/wp\/v2\/media?parent=18006"}],"wp:term":[{"taxonomy":"category","embeddable":true,"href":"https:\/\/diarioelpopular.com\/index.php\/wp-json\/wp\/v2\/categories?post=18006"},{"taxonomy":"post_tag","embeddable":true,"href":"https:\/\/diarioelpopular.com\/index.php\/wp-json\/wp\/v2\/tags?post=18006"}],"curies":[{"name":"wp","href":"https:\/\/api.w.org\/{rel}","templated":true}]}}