{"id":18011,"date":"2011-11-13T21:32:33","date_gmt":"2011-11-14T02:32:33","guid":{"rendered":"http:\/\/diarioelpopular.com\/?p=18011"},"modified":"2011-11-13T21:32:33","modified_gmt":"2011-11-14T02:32:33","slug":"la-represion-en-siria-se-cobra-26-muertos-mas","status":"publish","type":"post","link":"https:\/\/diarioelpopular.com\/index.php\/2011\/11\/13\/la-represion-en-siria-se-cobra-26-muertos-mas\/","title":{"rendered":"La represi\u00f3n en Siria se cobra 26 muertos m\u00e1s"},"content":{"rendered":"<div id=\"attachment_18012\" style=\"width: 710px\" class=\"wp-caption aligncenter\"><a href=\"https:\/\/diarioelpopular.com\/wp-content\/uploads\/2011\/11\/Protesta-en-Turqu%C3%ADa-contra-la-represi%C3%B3n-del-r%C3%A9gimen-sirio.jpg\"><img loading=\"lazy\" decoding=\"async\" aria-describedby=\"caption-attachment-18012\" class=\"size-full wp-image-18012\" title=\"Protesta en Turqu\u00eda contra la represi\u00f3n del r\u00e9gimen sirio\" src=\"https:\/\/diarioelpopular.com\/wp-content\/uploads\/2011\/11\/Protesta-en-Turqu%C3%ADa-contra-la-represi%C3%B3n-del-r%C3%A9gimen-sirio.jpg\" alt=\"\" width=\"700\" height=\"420\" \/><\/a><p id=\"caption-attachment-18012\" class=\"wp-caption-text\">Manifestantes sirios y turcos protestan contra el r\u00e9gimen del presidente sirio, Bashar al Assad, durante una manifestaci\u00f3n en Estambul, Turqu\u00eda. Foto: Tolga Bozoglu \/ Efe<\/p><\/div>\n<p><em><strong>Efe. El Cairo.-<\/strong><\/em> Al menos 26 personas murieron este domingo en\u00a0Siria\u00a0como consecuencia de la represi\u00f3n del r\u00e9gimen del presidente Bashar al Assad al d\u00eda siguiente de que la Liga \u00c1rabe decidiera <a href=\"https:\/\/diarioelpopular.com\/2011\/11\/la-liga-arabe-suspende-a-siria-y-pide-sanciones\/\">suspenderla como estado miembro<\/a>, denunciaron grupos opositores.<\/p>\n<p>Los Comit\u00e9s de Coordinaci\u00f3n Local se\u00f1alaron que al menos 14 personas fallecieron en Hama, 7 en la provincia central de Homs, 3 en la provincia meridional de Deraa, una en los alrededores de Damasco y otra en Deir Zur, en el noroeste del pa\u00eds.<\/p>\n<p>Esta \u00faltima v\u00edctima fue un estudiante de quince a\u00f1os que perdi\u00f3 la vida mientras que otros cinco resultaron heridos por las balas de las fuerzas de seguridad, que cargaron contra un grupo de j\u00f3venes que intentaba sabotear una manifestaci\u00f3n progubernamental en Deir Zur.<\/p>\n<p>El Observatorio sirio de Derechos Humanos agreg\u00f3 que al menos dos agentes de la Polic\u00eda murieron y otro result\u00f3 herido en un ataque cometido por supuestos soldados desertores contra una patrulla policial en un mercado de la localidad de Al Quseir, en la provincia de Homs.<\/p>\n<p>En la localidad de Dael, en Deraa, se ha desarrollado una huelga general de protesta contra la represi\u00f3n mientras que las manifestaciones se han sucedido en barrios de las ciudades de Hama y Homs.<\/p>\n<p>En la capital, las fuerzas de seguridad emplearon fuego real para dispersar una manifestaci\u00f3n en el barrio de Barza y detuvieron a cinco personas.<\/p>\n<p>Las autoridades sirias no han confirmado ni desmentido estos sucesos, que no han podido ser verificados de forma independiente por las restricciones que ha impuesto el r\u00e9gimen de Damasco a los periodistas.<\/p>\n<p>La muerte de opositores hoy coincide con las multitudinarias marchas desarrolladas en apoyo a Al Assad en varias ciudades del pa\u00eds, despu\u00e9s de que el s\u00e1bado la Liga \u00c1rabe suspendiera a\u00a0Siria\u00a0de la organizaci\u00f3n y pidiera sanciones econ\u00f3micas y pol\u00edticas contra el r\u00e9gimen de Damasco, que consider\u00f3 esta decisi\u00f3n &#8220;nula&#8221; y sometida a los intereses estadounidenses.<\/p>\n<p>En una reuni\u00f3n extraordinaria de los ministros de Exteriores \u00e1rabes en El Cairo, la organizaci\u00f3n pan\u00e1rabe adopt\u00f3 la resoluci\u00f3n, que se aplicar\u00e1 a partir del pr\u00f3ximo 16 de noviembre, salvo que en una reuni\u00f3n ese d\u00eda en Rabat dichos ministros consideren que Damasco ha cambiado de actitud y cumplido con los requisitos del plan \u00e1rabe.<\/p>\n<p>La iniciativa de la Liga \u00c1rabe fue aceptada por las autoridades sirias el pAssado 2 de noviembre y estipula, entre otros puntos, el fin de la violencia, el repliegue de las fuerzas armadas de las calles del pa\u00eds y la liberaci\u00f3n de los detenidos durante las protestas.<\/p>\n<p>Desde que estallaran las protestas en marzo pAssado, m\u00e1s de 3.500 personas han muerto en\u00a0Siria\u00a0a manos de las fuerzas gubernamentales, seg\u00fan las \u00faltimas cifras difundidas por Naciones Unidas.<\/p>\n","protected":false},"excerpt":{"rendered":"<p>Al menos 26 personas murieron este domingo en Siria como consecuencia de la represi\u00f3n del r\u00e9gimen del presidente Bashar al Assad al d\u00eda siguiente de que la Liga \u00c1rabe decidiera suspenderla como estado miembro, denunciaron grupos opositores.<br \/>\n<a href=\"http:\/\/diarioelpopular.com\/2011\/11\/la-liga-arabe-suspende-a-siria-y-pide-sanciones\/\"><span style=\"color: #000D54\">\u00bb La Liga \u00c1rabe suspende a Siria y pide sanciones<\/span><\/a><\/p>\n","protected":false},"author":1,"featured_media":18012,"comment_status":"closed","ping_status":"open","sticky":false,"template":"","format":"standard","meta":{"footnotes":""},"categories":[24],"tags":[1394,8634,1197,441],"class_list":["post-18011","post","type-post","status-publish","format-standard","has-post-thumbnail","hentry","category-mundo","tag-assad","tag-liga-arabe","tag-represion","tag-siria"],"_links":{"self":[{"href":"https:\/\/diarioelpopular.com\/index.php\/wp-json\/wp\/v2\/posts\/18011","targetHints":{"allow":["GET"]}}],"collection":[{"href":"https:\/\/diarioelpopular.com\/index.php\/wp-json\/wp\/v2\/posts"}],"about":[{"href":"https:\/\/diarioelpopular.com\/index.php\/wp-json\/wp\/v2\/types\/post"}],"author":[{"embeddable":true,"href":"https:\/\/diarioelpopular.com\/index.php\/wp-json\/wp\/v2\/users\/1"}],"replies":[{"embeddable":true,"href":"https:\/\/diarioelpopular.com\/index.php\/wp-json\/wp\/v2\/comments?post=18011"}],"version-history":[{"count":0,"href":"https:\/\/diarioelpopular.com\/index.php\/wp-json\/wp\/v2\/posts\/18011\/revisions"}],"wp:featuredmedia":[{"embeddable":true,"href":"https:\/\/diarioelpopular.com\/index.php\/wp-json\/"}],"wp:attachment":[{"href":"https:\/\/diarioelpopular.com\/index.php\/wp-json\/wp\/v2\/media?parent=18011"}],"wp:term":[{"taxonomy":"category","embeddable":true,"href":"https:\/\/diarioelpopular.com\/index.php\/wp-json\/wp\/v2\/categories?post=18011"},{"taxonomy":"post_tag","embeddable":true,"href":"https:\/\/diarioelpopular.com\/index.php\/wp-json\/wp\/v2\/tags?post=18011"}],"curies":[{"name":"wp","href":"https:\/\/api.w.org\/{rel}","templated":true}]}}