{"id":18053,"date":"2011-11-13T21:09:16","date_gmt":"2011-11-14T02:09:16","guid":{"rendered":"http:\/\/diarioelpopular.com\/?p=18053"},"modified":"2011-11-13T21:09:16","modified_gmt":"2011-11-14T02:09:16","slug":"vuelve-el-gran-federer","status":"publish","type":"post","link":"https:\/\/diarioelpopular.com\/index.php\/2011\/11\/13\/vuelve-el-gran-federer\/","title":{"rendered":"Vuelve el gran Federer"},"content":{"rendered":"<div id=\"attachment_18054\" style=\"width: 710px\" class=\"wp-caption aligncenter\"><a href=\"https:\/\/diarioelpopular.com\/wp-content\/uploads\/2011\/11\/Vuelve-el-gran-Federer.jpg\"><img loading=\"lazy\" decoding=\"async\" aria-describedby=\"caption-attachment-18054\" class=\"size-full wp-image-18054\" title=\"Vuelve el gran Federer\" src=\"https:\/\/diarioelpopular.com\/wp-content\/uploads\/2011\/11\/Vuelve-el-gran-Federer.jpg\" alt=\"\" width=\"700\" height=\"420\" \/><\/a><p id=\"caption-attachment-18054\" class=\"wp-caption-text\">El tenista suizo Roger Federer devuelve de rev\u00e9s una bola a su rival, el franc\u00e9s Jo-Wilfried Tsonga, durante la final del torneo de tenis de Paris-Bercy. Foto: Horacio Villalobos \/ Efe<\/p><\/div>\n<p><em><strong>Luis Miguel Pascual. Par\u00eds.-<\/strong><\/em> El suizo Roger\u00a0Federer\u00a0puso este domingo un buen final a su temporada, la peor de su carrera desde 2003, al conseguir la victoria en el torneo de Bercy, el \u00faltimo Masters 1.000 del a\u00f1o, que gan\u00f3 una semana despu\u00e9s de haberse impuesto en Basilea.<\/p>\n<p>A una semana del torneo de Maestros de Londres, el n\u00famero cuatro del mundo se sac\u00f3 de la chistera el tenis de alto nivel que durante todo el a\u00f1o hab\u00eda quedado aparcado y se impuso en uno de los tres Masters 1.000 donde todav\u00eda no hab\u00eda ganado, junto a Roma y Montecarlo.<\/p>\n<p>Derrot\u00f3 en la final al \u00eddolo local, el franc\u00e9s Jo-Wilfried Tsonga, sexto favorito, que apenas tubo posibilidades frente al arrollador tenis desplegado por el helv\u00e9tico, que se impuso por 6-1 y 7-6 (3) en menos de hora y media de partido.<\/p>\n<p>El triunfo se produjo tras haber conseguido la semana pasada la victoria en Basilea, por lo que complet\u00f3 dos semanas de gracia en las que solo ha cedido un set.<\/p>\n<p>Fue su victoria 18 en un Masters 1.000, con lo que supera a Andre Agassi y se queda a un triunfo del espa\u00f1ol Rafael Nadal, que lidera la clasificaci\u00f3n.<\/p>\n<p>Adem\u00e1s, se convierte en el segundo tenista en haber ganado los dos t\u00edtulos de Par\u00eds -Bercy y Rolang Garros-, tras Agassi.<\/p>\n<p>Y fue su \u00fanica victoria importante en 2011, un a\u00f1o en el que el suizo, habituado al \u00e9xito permanente, ha visto vencer en todos los torneos grandes a Novak Djokovic, Rafa Nadal y Andy Murray.<\/p>\n<p>Nunca, desde que en 2003 gan\u00f3 el Abierto de Estados Unidos,\u00a0Federer\u00a0se hab\u00eda quedado sin una recompensa mayor y este a\u00f1o tampoco quer\u00eda cerrarlo en blanco, aunque haya tenido que esperar al final de la temporada para lograrlo.<\/p>\n<p>Federer\u00a0no hab\u00eda ganado nada significativo desde que el a\u00f1o pasado se impuso en el torneo de Maestros de Londres.<\/p>\n<p>Pocos r\u00e9cords le quedan por conquistar, pero\u00a0Federer\u00a0confes\u00f3 que funciona a ritmo de motivaci\u00f3n, que encuentra en estos retos que le marca la estad\u00edstica.<\/p>\n<p>En Par\u00eds super\u00f3 las 800 victorias, una cifra que le permiti\u00f3 entrar en un selecto club de siete tenistas. Alcanz\u00f3 su final 99 en un torneo donde nunca hab\u00eda pasado de semifinales.<\/p>\n<p>La clave, seg\u00fan confes\u00f3, hay que encontrarla en el par\u00f3n de seis semanas que se tom\u00f3 tras el Abierto de Estados Unidos, lo que le hizo perderse la gira asi\u00e1tica pero le permiti\u00f3 llegar m\u00e1s fresco a un final de temporada que otras veces afrontaba con m\u00e1s minutos.<\/p>\n<p>Por ello lleg\u00f3 en una forma magistral y sobrevol\u00f3 un torneo que complet\u00f3 casi a la perfecci\u00f3n. Sin ceder ning\u00fan set, algo que no suced\u00eda en un Masters 1.000 desde hace cinco a\u00f1os, cediendo una \u00fanica vez su servicio, en cuartos de final frente al argentino Juan M\u00f3naco, y sin sobrepasar en ning\u00fan duelo la hora y media de juego.<\/p>\n<p>Federer\u00a0quiere ahora prolongar el estado de gracia una semana m\u00e1s, la que le lleve hasta el trofeo de Maestros, su \u00faltimo objetivo para cerrar de forma definitiva el a\u00f1o.<\/p>\n<p>Un peque\u00f1o resfriado, que nadie not\u00f3 en Bercy pero que el tenista revel\u00f3 en conferencia de prensa, puede ser su pen\u00faltimo obst\u00e1culo.<\/p>\n<p>De Bercy se llev\u00f3 un suplemento de confianza y el apoyo de un p\u00fablico franc\u00e9s que le adora, incluso tras privar del t\u00edtulo a un tenista local por tercer a\u00f1o consecutivo en la final.<\/p>\n","protected":false},"excerpt":{"rendered":"<p>El suizo Roger Federer puso este domingo un buen final a su temporada, la peor de su carrera desde 2003, al conseguir la victoria en el torneo de Bercy, el \u00faltimo Masters 1.000 del a\u00f1o, que gan\u00f3 una semana despu\u00e9s de haberse impuesto en Basilea.<\/p>\n","protected":false},"author":1,"featured_media":18054,"comment_status":"closed","ping_status":"open","sticky":false,"template":"","format":"standard","meta":{"footnotes":""},"categories":[28],"tags":[8641,425,176],"class_list":["post-18053","post","type-post","status-publish","format-standard","has-post-thumbnail","hentry","category-deportes","tag-bercy","tag-federer","tag-tenis"],"_links":{"self":[{"href":"https:\/\/diarioelpopular.com\/index.php\/wp-json\/wp\/v2\/posts\/18053","targetHints":{"allow":["GET"]}}],"collection":[{"href":"https:\/\/diarioelpopular.com\/index.php\/wp-json\/wp\/v2\/posts"}],"about":[{"href":"https:\/\/diarioelpopular.com\/index.php\/wp-json\/wp\/v2\/types\/post"}],"author":[{"embeddable":true,"href":"https:\/\/diarioelpopular.com\/index.php\/wp-json\/wp\/v2\/users\/1"}],"replies":[{"embeddable":true,"href":"https:\/\/diarioelpopular.com\/index.php\/wp-json\/wp\/v2\/comments?post=18053"}],"version-history":[{"count":0,"href":"https:\/\/diarioelpopular.com\/index.php\/wp-json\/wp\/v2\/posts\/18053\/revisions"}],"wp:featuredmedia":[{"embeddable":true,"href":"https:\/\/diarioelpopular.com\/index.php\/wp-json\/"}],"wp:attachment":[{"href":"https:\/\/diarioelpopular.com\/index.php\/wp-json\/wp\/v2\/media?parent=18053"}],"wp:term":[{"taxonomy":"category","embeddable":true,"href":"https:\/\/diarioelpopular.com\/index.php\/wp-json\/wp\/v2\/categories?post=18053"},{"taxonomy":"post_tag","embeddable":true,"href":"https:\/\/diarioelpopular.com\/index.php\/wp-json\/wp\/v2\/tags?post=18053"}],"curies":[{"name":"wp","href":"https:\/\/api.w.org\/{rel}","templated":true}]}}