{"id":18147,"date":"2011-11-14T23:27:54","date_gmt":"2011-11-15T04:27:54","guid":{"rendered":"http:\/\/diarioelpopular.com\/?p=18147"},"modified":"2011-11-14T23:27:54","modified_gmt":"2011-11-15T04:27:54","slug":"papadimos-se-compromete-a-aplicar-los-acuerdos-con-la-ue","status":"publish","type":"post","link":"https:\/\/diarioelpopular.com\/index.php\/2011\/11\/14\/papadimos-se-compromete-a-aplicar-los-acuerdos-con-la-ue\/","title":{"rendered":"Papadimos se compromete a aplicar los acuerdos con la UE"},"content":{"rendered":"<div id=\"attachment_18148\" style=\"width: 710px\" class=\"wp-caption aligncenter\"><a href=\"https:\/\/diarioelpopular.com\/wp-content\/uploads\/2011\/11\/Papadimos.jpeg\"><img loading=\"lazy\" decoding=\"async\" aria-describedby=\"caption-attachment-18148\" class=\"size-full wp-image-18148\" title=\"Papadimos\" src=\"https:\/\/diarioelpopular.com\/wp-content\/uploads\/2011\/11\/Papadimos.jpeg\" alt=\"\" width=\"700\" height=\"420\" \/><\/a><p id=\"caption-attachment-18148\" class=\"wp-caption-text\">El reci\u00e9n nombrado primer ministro griego, Luk\u00e1s Papadimos, a su llegada a su nueva sede en Atenas, Foto: Orestis Panagiotou \/ Efe<\/p><\/div>\n<p><em><strong>Efe. Atenas.-<\/strong><\/em> El nuevo primer ministro griego, Luk\u00e1s\u00a0Papadimos, asegur\u00f3 este lunes en su primera intervenci\u00f3n parlamentaria que el Gobierno de unidad nacional cumplir\u00e1 con sus compromisos, pero las reservas de la conservadora Nueva Democracia a ratificarlo por escrito han puesto ya en un aprieto al Ejecutivo.<\/p>\n<p>&#8220;La principal tarea de este gobierno es aplicar las decisiones de la cumbre&#8221; de la UE del pasado 26 de octubre, dijo\u00a0Papadimos\u00a0al abrir con su intervenci\u00f3n un debate parlamentario que culminar\u00e1 el mi\u00e9rcoles con un voto de confianza al nuevo Ejecutivo, respaldado por socialdem\u00f3cratas, conservadores y ultraderechistas.<\/p>\n<p>&#8220;Si estas decisiones se aplican y se toman las medidas asociadas a ellas, Grecia puede mirar al futuro con confianza&#8221;, agreg\u00f3 el exvicepresidente del Banco Central Europeo que liderar\u00e1 un ejecutivo de transici\u00f3n de 100 d\u00edas.<\/p>\n<p>Papadimos\u00a0dijo que hasta finales de a\u00f1o van a aprobarse 24 programas para impulsar el empleo -la tasa de paro supera el 18%- y anunci\u00f3 que 20 proyectos de inversiones extranjeras, por un valor total de 5.500 millones de euros, se aprobaran por v\u00eda de urgencia.<\/p>\n<p>Tambi\u00e9n adelant\u00f3 la inminente reforma del c\u00f3digo disciplinario de los funcionarios -para luchar contra el absentismo, mejorar la productividad e imponerles el cumplimiento de las leyes- y nuevas medidas para hacer frente a la evasi\u00f3n fiscal.<\/p>\n<p>&#8220;La salida de la crisis y el desarrollo no ser\u00e1n posibles sin sacrificios, pero esos sacrificios deben de ser repartidos de manera justa&#8221;, declar\u00f3.<\/p>\n<p>La tarea principal del gobierno de transici\u00f3n es la de desbloquear un pago de 8.000 millones del primer rescate, de 2010, y trazar un plan de reformas para convencer a los prestamistas de que Grecia merece un segundo paquete de ayuda internacional y es capaz de cumplir con los plazos comprometidos.<\/p>\n<p>Pero los primeros problemas llegaron de un socio de coalici\u00f3n, el l\u00edder de la conservadora Nueva Democracia (ND), Antonis Samar\u00e1s, quien se neg\u00f3 a firmar una declaraci\u00f3n escrita, exigida por la UE, con el compromiso de que el nuevo Gobierno de unidad nacional cumplir\u00e1 los acuerdos alcanzados con sus prestamistas.<\/p>\n<p>El primer ministro de Luxemburgo, Jean-Claude Juncker, jefe del llamado &#8220;eurogrupo&#8221;, ha insistido expl\u00edcitamente en una declaraci\u00f3n por escrito sobre la medidas de austeridad que Atenas debe adoptar para asegurarse la ayuda internacional.<\/p>\n<p>Samar\u00e1s declar\u00f3 ante sus diputados que no respaldar\u00eda m\u00e1s medidas de austeridad y abog\u00f3 por cambiar la receta para sanear la econom\u00eda griega, que, a su juicio, debe de pasar de la f\u00f3rmula de los recortes y subidas de impuestos a otra que favorezca el crecimiento.<\/p>\n<p>&#8220;Algunos dicen que para desbloquear el pago (de 8.000 millones de euros) tenemos que firmar una declaraci\u00f3n conjunta con todos los partidos que apoyan este nuevo gobierno de transici\u00f3n&#8221;, dijo Samaras a sus legisladores.<\/p>\n<p>&#8220;Lo dije antes y lo digo ahora: no voy a firmar dichas declaraciones&#8221;, subray\u00f3.<\/p>\n<p>&#8220;El apoyo europeo depende de la aplicaci\u00f3n del acuerdo del 26 de octubre. No es un ultim\u00e1tum la petici\u00f3n de que todos los l\u00edderes pol\u00edticos firmen que se comprometan a respetar los acuerdos del 26 octubre. Es nuestra obligaci\u00f3n hacia los pueblos europeos que nos apoyan&#8221;, le contest\u00f3\u00a0Papadimos\u00a0desde el Parlamento.<\/p>\n<p>Papadimos, en su intervenci\u00f3n, coincidi\u00f3 con Samaras en que &#8220;las actuales pol\u00edticas (de austeridad) han empeorado la recesi\u00f3n y aumentado el desempleo&#8221;, pero que no existe alternativa a la permanencia en la eurozona y la situaci\u00f3n puede cambiar con las reformas adecuadas.<\/p>\n<p>Tambi\u00e9n subray\u00f3 que &#8220;la decisi\u00f3n de los l\u00edderes de los tres partidos pol\u00edticos para la formaci\u00f3n de un gobierno de coalici\u00f3n es muy importante para restaurar el prestigio del pa\u00eds&#8221;.<\/p>\n<p>El mi\u00e9rcoles se prev\u00e9 que la nueva coalici\u00f3n de gobierno gane sin problemas el voto de confianza del Parlamento gracias al respaldo de las dos formaciones mayoritarias, el socialista Pasok del exprimer ministro Yorgos Papandreu y la oposici\u00f3n conservadora de Nueva Democracia.<\/p>\n<p>Papadimos, adem\u00e1s de enderezar la situaci\u00f3n econ\u00f3mica, deber\u00e1 tratar de limar las diferencias y suspicacias entre Pasok y Nueva Democracia, que se enfrentar\u00e1n en las urnas al termino del Gobierno de transici\u00f3n, y los conservadores tratan de evitar el desgaste social de los ajustes.<\/p>\n<p>El nuevo primer ministro, que jur\u00f3 el cargo el viernes, viajar\u00e1 a Bruselas el jueves para reunirse con los ministros de Finanzas de Europa y exponerles su planes.<\/p>\n<p>Tambi\u00e9n a finales de la semana se espera que el nuevo jefe del Ejecutivo se re\u00fana con los jefes de delegaci\u00f3n de la &#8220;troika&#8221; de prestamistas internacionales (Comisi\u00f3n Europea, BCE y FMI).<\/p>\n","protected":false},"excerpt":{"rendered":"<p>El nuevo primer ministro griego, Luk\u00e1s Papadimos, asegur\u00f3 este lunes en su primera intervenci\u00f3n parlamentaria que el Gobierno de unidad nacional cumplir\u00e1 con sus compromisos, pero las reservas de la conservadora Nueva Democracia a ratificarlo por escrito han puesto ya en un aprieto al Ejecutivo.<\/p>\n","protected":false},"author":1,"featured_media":18148,"comment_status":"closed","ping_status":"open","sticky":false,"template":"","format":"standard","meta":{"footnotes":""},"categories":[24],"tags":[565,1592,8666,341],"class_list":["post-18147","post","type-post","status-publish","format-standard","has-post-thumbnail","hentry","category-mundo","tag-crisis","tag-grecia","tag-papadimos","tag-ue"],"_links":{"self":[{"href":"https:\/\/diarioelpopular.com\/index.php\/wp-json\/wp\/v2\/posts\/18147","targetHints":{"allow":["GET"]}}],"collection":[{"href":"https:\/\/diarioelpopular.com\/index.php\/wp-json\/wp\/v2\/posts"}],"about":[{"href":"https:\/\/diarioelpopular.com\/index.php\/wp-json\/wp\/v2\/types\/post"}],"author":[{"embeddable":true,"href":"https:\/\/diarioelpopular.com\/index.php\/wp-json\/wp\/v2\/users\/1"}],"replies":[{"embeddable":true,"href":"https:\/\/diarioelpopular.com\/index.php\/wp-json\/wp\/v2\/comments?post=18147"}],"version-history":[{"count":0,"href":"https:\/\/diarioelpopular.com\/index.php\/wp-json\/wp\/v2\/posts\/18147\/revisions"}],"wp:featuredmedia":[{"embeddable":true,"href":"https:\/\/diarioelpopular.com\/index.php\/wp-json\/"}],"wp:attachment":[{"href":"https:\/\/diarioelpopular.com\/index.php\/wp-json\/wp\/v2\/media?parent=18147"}],"wp:term":[{"taxonomy":"category","embeddable":true,"href":"https:\/\/diarioelpopular.com\/index.php\/wp-json\/wp\/v2\/categories?post=18147"},{"taxonomy":"post_tag","embeddable":true,"href":"https:\/\/diarioelpopular.com\/index.php\/wp-json\/wp\/v2\/tags?post=18147"}],"curies":[{"name":"wp","href":"https:\/\/api.w.org\/{rel}","templated":true}]}}