{"id":18179,"date":"2011-11-15T03:46:45","date_gmt":"2011-11-15T08:46:45","guid":{"rendered":"http:\/\/diarioelpopular.com\/?p=18179"},"modified":"2011-11-15T03:46:45","modified_gmt":"2011-11-15T08:46:45","slug":"la-policia-inicia-el-desalojo-de-occupy-wall-street","status":"publish","type":"post","link":"https:\/\/diarioelpopular.com\/index.php\/2011\/11\/15\/la-policia-inicia-el-desalojo-de-occupy-wall-street\/","title":{"rendered":"La polic\u00eda desaloja el campamento de &#8216;Occupy Wall Street&#8217;"},"content":{"rendered":"<div id=\"attachment_18180\" style=\"width: 710px\" class=\"wp-caption aligncenter\"><a href=\"https:\/\/diarioelpopular.com\/wp-content\/uploads\/2011\/11\/Desalojo-de-Occupy-Wall-Street.jpg\"><img loading=\"lazy\" decoding=\"async\" aria-describedby=\"caption-attachment-18180\" class=\"size-full wp-image-18180\" title=\"Desalojo de Occupy Wall Street\" src=\"https:\/\/diarioelpopular.com\/wp-content\/uploads\/2011\/11\/Desalojo-de-Occupy-Wall-Street.jpg\" alt=\"\" width=\"700\" height=\"420\" \/><\/a><p id=\"caption-attachment-18180\" class=\"wp-caption-text\">Agentes policiales desalojan el campamento de &#039;Occupy Wall Street&#039; en Nueva York. Foto: Reuters<\/p><\/div>\n<p><em><strong>Efe. Nueva York.-<\/strong><\/em> La polic\u00eda desaloj\u00f3 este lunes por la noche el campamento que centenares de &#8220;indignados&#8221; del movimiento\u00a0&#8220;<a href=\"http:\/\/occupywallst.org\/\" target=\"_blank\">Occupy Wall Street<\/a> (Ocupa\u00a0Wall\u00a0Street) hab\u00edan levantado hace casi dos meses en una c\u00e9ntrica plaza de Nueva York, en una operaci\u00f3n en la que se produjeron varias detenciones, confirmaron a Efe fuentes policiales.<\/p>\n<p>Las fuentes indicaron que varios manifestantes que se opon\u00edan al levantamiento del campamento fueron detenidos, aunque declinaron especificar el n\u00famero.<\/p>\n<p>Seg\u00fan la cadena de televisi\u00f3n NBC, la cifra podr\u00eda superar los 40, pero por el momento no hay confirmaci\u00f3n policial.<\/p>\n<p>Por su parte, el movimiento Ocupa\u00a0Wall\u00a0Street, cuyo campamento permanec\u00eda instalado desde el pasado 17 de septiembre en la plaza Zuccotti, confirm\u00f3 a trav\u00e9s de su p\u00e1gina web varias detenciones, entre ellas la &#8220;del concejal Ydanis Rodr\u00edguez, que sufri\u00f3 una herida en la cabeza&#8221;.<\/p>\n<p>Este movimiento, inspirado en el que se form\u00f3 en Madrid tras las elecciones municipales y auton\u00f3micas del pasado 15 de mayo, protesta contra el sistema econ\u00f3mico actual al considerar que fomenta las desigualdades y la avaricia de las grandes empresas.<\/p>\n<p>&#8220;La plaza de la Libertad (nombre que han dado al recinto), casa de Ocupa\u00a0Wall\u00a0Street, desde hace meses y lugar de nacimiento del movimiento del 99%, y desde donde se ha ampliado a Estados Unidos y al mundo, ha sido desalojada por la Polic\u00eda, que despleg\u00f3 unidades antidisturbios&#8221;, se\u00f1al\u00f3 el movimiento.<\/p>\n<p>Seg\u00fan su relato, hacia las 01.20 hora local (06.20 GMT), la polic\u00eda comenz\u00f3 a desplegar camiones en esa zona, mientras se cerraba al tr\u00e1fico el puente de Brooklyn, que une ese distrito con el de Manhattan, al igual que algunas estaciones de metro de la zona.<\/p>\n<p>Pocos minutos despu\u00e9s, varios helic\u00f3pteros de la Polic\u00eda neoyorquina sobrevolaban la zona y al \u00e1rea llegaron centenares de polic\u00edas, que imped\u00edan el acceso de la prensa a la plaza, seg\u00fan la web del movimiento, que agreg\u00f3 que &#8220;entre 400 y 500 personas empezaron una marcha&#8221;.<\/p>\n<p>Seg\u00fan los manifestantes, se registraron enfrentamientos cuando &#8220;la Polic\u00eda destruy\u00f3 la biblioteca (del campamento), que contaba con 5.000 libros donados, y algunos hicieron una barricada en la zona de la cocina&#8221;, al tiempo que destacaron que los agentes &#8220;destruyeron muchos objetos personales de los indignados&#8221;.<\/p>\n<p>&#8220;No nos vamos, no nos rendimos&#8221;, &#8220;Es nuestra casa&#8221; y &#8220;Barricadas&#8221;, gritaban decenas de manifestantes, indic\u00f3 el diario The New York Times en su edici\u00f3n digital.<\/p>\n<p>&#8220;Los manifestantes de Zucotti deber\u00edan marcharse temporalmente y levantar sus tiendas. Los manifestantes podr\u00e1n volver despu\u00e9s de que haya quedado despejado&#8221;, hab\u00eda indicado el Ayuntamiento de Nueva York a trav\u00e9s de la red social Twitter minutos antes de la operaci\u00f3n.<\/p>\n<p>El operativo se produce despu\u00e9s de que un peque\u00f1o grupo de comerciantes y residentes del \u00e1rea protestaran ante el Ayuntamiento por los da\u00f1os econ\u00f3micos y molestias generados por el campamento y pidieran su desalojo.<\/p>\n<p>El levantamiento del campamento neoyorquino coincide con acciones similares efectuadas por la polic\u00eda en otras ciudades del pa\u00eds.<\/p>\n<p>Al menos 63 indignados fueron arrestados este fin de semana en varios intentos de desalojo de los campamentos que se han multiplicado en Estados Unidos, durante enfrentamientos que acabaron con el cierre de los de Oakland (California), Salt Lake City (Utah), Portland (Oreg\u00f3n), Denver (Colorado) y San Luis (Misuri).<\/p>\n","protected":false},"excerpt":{"rendered":"<p>La polic\u00eda desaloj\u00f3 este lunes por la noche el campamento que centenares de &#8220;indignados&#8221; del movimiento &#8220;Occupy Wall Street (Ocupa Wall Street) hab\u00edan levantado hace casi dos meses en una c\u00e9ntrica plaza de Nueva York, en una operaci\u00f3n en la que se produjeron varias detenciones<\/p>\n","protected":false},"author":1,"featured_media":18180,"comment_status":"closed","ping_status":"open","sticky":false,"template":"","format":"standard","meta":{"footnotes":""},"categories":[24],"tags":[50,254,65,66,2752,7980],"class_list":["post-18179","post","type-post","status-publish","format-standard","has-post-thumbnail","hentry","category-mundo","tag-ee-uu","tag-indignados","tag-new-york","tag-nueva-york","tag-occupy","tag-occupy-wall-street"],"_links":{"self":[{"href":"https:\/\/diarioelpopular.com\/index.php\/wp-json\/wp\/v2\/posts\/18179","targetHints":{"allow":["GET"]}}],"collection":[{"href":"https:\/\/diarioelpopular.com\/index.php\/wp-json\/wp\/v2\/posts"}],"about":[{"href":"https:\/\/diarioelpopular.com\/index.php\/wp-json\/wp\/v2\/types\/post"}],"author":[{"embeddable":true,"href":"https:\/\/diarioelpopular.com\/index.php\/wp-json\/wp\/v2\/users\/1"}],"replies":[{"embeddable":true,"href":"https:\/\/diarioelpopular.com\/index.php\/wp-json\/wp\/v2\/comments?post=18179"}],"version-history":[{"count":0,"href":"https:\/\/diarioelpopular.com\/index.php\/wp-json\/wp\/v2\/posts\/18179\/revisions"}],"wp:featuredmedia":[{"embeddable":true,"href":"https:\/\/diarioelpopular.com\/index.php\/wp-json\/"}],"wp:attachment":[{"href":"https:\/\/diarioelpopular.com\/index.php\/wp-json\/wp\/v2\/media?parent=18179"}],"wp:term":[{"taxonomy":"category","embeddable":true,"href":"https:\/\/diarioelpopular.com\/index.php\/wp-json\/wp\/v2\/categories?post=18179"},{"taxonomy":"post_tag","embeddable":true,"href":"https:\/\/diarioelpopular.com\/index.php\/wp-json\/wp\/v2\/tags?post=18179"}],"curies":[{"name":"wp","href":"https:\/\/api.w.org\/{rel}","templated":true}]}}