{"id":18263,"date":"2011-11-16T09:37:17","date_gmt":"2011-11-16T14:37:17","guid":{"rendered":"http:\/\/diarioelpopular.com\/?p=18263"},"modified":"2011-11-16T09:37:17","modified_gmt":"2011-11-16T14:37:17","slug":"monti-dirigira-la-economia-italiana-en-un-gobierno-de-tecnocratas","status":"publish","type":"post","link":"https:\/\/diarioelpopular.com\/index.php\/2011\/11\/16\/monti-dirigira-la-economia-italiana-en-un-gobierno-de-tecnocratas\/","title":{"rendered":"Monti dirigir\u00e1 la econom\u00eda en un gobierno de tecn\u00f3cratas"},"content":{"rendered":"<div id=\"attachment_18264\" style=\"width: 710px\" class=\"wp-caption aligncenter\"><a href=\"https:\/\/diarioelpopular.com\/wp-content\/uploads\/2011\/11\/Mario-Monti-acepta-el-cargo-de-presidente-del-Gobierno.jpg\"><img loading=\"lazy\" decoding=\"async\" aria-describedby=\"caption-attachment-18264\" class=\"size-full wp-image-18264\" title=\"Mario Monti acepta el cargo de presidente del Gobierno\" src=\"https:\/\/diarioelpopular.com\/wp-content\/uploads\/2011\/11\/Mario-Monti-acepta-el-cargo-de-presidente-del-Gobierno.jpg\" alt=\"\" width=\"700\" height=\"420\" \/><\/a><p id=\"caption-attachment-18264\" class=\"wp-caption-text\">El reci\u00e9n nombrado primer ministro italiano, Mario Monti. Foto: Alessandro Di Meo \/ Efe<\/p><\/div>\n<p><em><strong>Efe. Roma.-<\/strong><\/em> El excomisario europeo y senador italiano\u00a0Mario\u00a0Monti\u00a0acept\u00f3 este mi\u00e9rcoles el cargo de presidente del Gobierno de Italia ante el jefe del Estado, Giorgio Napolitano, a quien present\u00f3 su lista de ministros, seg\u00fan inform\u00f3 la Jefatura del Estado.<\/p>\n<p>Monti\u00a0present\u00f3 una lista de ministros tecn\u00f3cratas, once con cartera y cinco sin cartera, mientras que \u00e9l se ha reservado el ministerio de Econom\u00eda y Finanzas.<\/p>\n<p>Tras leer la lista de ministros ante los medios de comunicaci\u00f3n,\u00a0Monti\u00a0asegur\u00f3: &#8220;Durante la ronda de consultas he llegado a la conclusi\u00f3n de que la no presencia de pol\u00edticos en el Gobierno lo agilizar\u00e1, quitar\u00e1 un motivo de preocupaci\u00f3n&#8221;.<\/p>\n<p>El presidente del Ejecutivo designado explic\u00f3: &#8220;El haber entregado a una sola persona (Corrado Passera) el ministerio del Desarrollo Econ\u00f3mico y de Infraestructuras y Transportes se debe a una l\u00f3gica que quiero resaltar en la acci\u00f3n del Gobierno: subrayar las iniciativas coordinadas para el crecimiento econ\u00f3mico y el desarrollo&#8221;.<\/p>\n<p>Monti\u00a0a\u00f1adi\u00f3 que espera que su Gobierno &#8220;pueda contribuir a la serenidad y a la cohesi\u00f3n ya que se est\u00e1 saliendo de una fase que se ha caracterizado por la exasperaci\u00f3n entre las fuerzas pol\u00edticas&#8221;.<\/p>\n<p>Tres mujeres ocupar\u00e1n carteras de peso: Interior (Ana Maria Cancellieri), Justicia (Paola Severino) y Trabajo e Igualdad (Elsa Fornero).<\/p>\n<p>Tras formalizar ante Napolitano la aceptaci\u00f3n del cargo de primer ministro y presentar su lista de ministros, el presidente designado y los nuevos miembros del Ejecutivo jurar\u00e1n su cargo a las 17.00 hora local (16.00 GMT) y se reunir\u00e1n en Consejo de Ministros.<\/p>\n<p>Este jueves a las 13.00 hora local (12.00 GMT) el nuevo presidente del Consejo de Ministros comparecer\u00e1 ante el Senado para someterse a un voto de confianza.<\/p>\n<p>Monti\u00a0recogi\u00f3 entre el lunes y el martes el benepl\u00e1cito de todas las fuerzas pol\u00edticas -sobre todo el importante respaldo de la formaci\u00f3n de Berlusconi, Pueblo de la Libertad, as\u00ed como de los sindicatos, empresarios, la banca y de los colectivos de j\u00f3venes y mujeres.<\/p>\n<p>El nuevo presidente del Ejecutivo italiano quiere que su Gobierno llegue al final de la legislatura en 2013 para tener tiempo de realizar las reformas econ\u00f3micas necesarias.<\/p>\n","protected":false},"excerpt":{"rendered":"<p>El excomisario europeo Mario Monti acept\u00f3 el cargo de presidente del Gobierno de Italia ante el jefe del Estado, Giorgio Napolitano, a quien present\u00f3 su lista de ministros.<br \/>\n<a href=\"http:\/\/diarioelpopular.com\/2011\/11\/berlusconi-anuncia-que-seguira-en-politica\/\"><span style=\"color: #000D54\">\u00bb Berlusconi anuncia que seguir\u00e1 en pol\u00edtica<\/span><\/a><br \/>\n<a href=\"http:\/\/diarioelpopular.com\/2011\/11\/silvio-berlusconi-presenta-su-dimision\/\"><span style=\"color: #000D54\">\u00bb Berlusconi dimite<\/span><\/a> <a href=\"http:\/\/diarioelpopular.com\/2011\/11\/berlusconi-un-gobernante-polemico-que-creia-representar-al-italiano-medio\/\"><span style=\"color: #000D54\"><strong>\u00bb PERFIL:<\/strong> Abonado a la pol\u00e9mica<\/span><\/a><br \/>\n<a href=\"http:\/\/diarioelpopular.com\/2011\/11\/la-crisis-de-la-deuda-italiana-paso-a-paso\/\"><span style=\"color: #000D54\"><strong>\u00bb CRONOLOG\u00cdA:<\/strong> La crisis de la deuda italiana, paso a paso<\/span><\/a><\/p>\n","protected":false},"author":1,"featured_media":18264,"comment_status":"closed","ping_status":"open","sticky":false,"template":"","format":"standard","meta":{"footnotes":""},"categories":[24],"tags":[565,800,824,8636,341],"class_list":["post-18263","post","type-post","status-publish","format-standard","has-post-thumbnail","hentry","category-mundo","tag-crisis","tag-deuda","tag-italia","tag-mario-monti","tag-ue"],"_links":{"self":[{"href":"https:\/\/diarioelpopular.com\/index.php\/wp-json\/wp\/v2\/posts\/18263","targetHints":{"allow":["GET"]}}],"collection":[{"href":"https:\/\/diarioelpopular.com\/index.php\/wp-json\/wp\/v2\/posts"}],"about":[{"href":"https:\/\/diarioelpopular.com\/index.php\/wp-json\/wp\/v2\/types\/post"}],"author":[{"embeddable":true,"href":"https:\/\/diarioelpopular.com\/index.php\/wp-json\/wp\/v2\/users\/1"}],"replies":[{"embeddable":true,"href":"https:\/\/diarioelpopular.com\/index.php\/wp-json\/wp\/v2\/comments?post=18263"}],"version-history":[{"count":0,"href":"https:\/\/diarioelpopular.com\/index.php\/wp-json\/wp\/v2\/posts\/18263\/revisions"}],"wp:featuredmedia":[{"embeddable":true,"href":"https:\/\/diarioelpopular.com\/index.php\/wp-json\/"}],"wp:attachment":[{"href":"https:\/\/diarioelpopular.com\/index.php\/wp-json\/wp\/v2\/media?parent=18263"}],"wp:term":[{"taxonomy":"category","embeddable":true,"href":"https:\/\/diarioelpopular.com\/index.php\/wp-json\/wp\/v2\/categories?post=18263"},{"taxonomy":"post_tag","embeddable":true,"href":"https:\/\/diarioelpopular.com\/index.php\/wp-json\/wp\/v2\/tags?post=18263"}],"curies":[{"name":"wp","href":"https:\/\/api.w.org\/{rel}","templated":true}]}}