{"id":18321,"date":"2011-11-16T15:14:35","date_gmt":"2011-11-16T20:14:35","guid":{"rendered":"http:\/\/diarioelpopular.com\/?p=18321"},"modified":"2011-11-16T15:14:35","modified_gmt":"2011-11-16T20:14:35","slug":"notas-del-futbol-hispano-20","status":"publish","type":"post","link":"https:\/\/diarioelpopular.com\/index.php\/2011\/11\/16\/notas-del-futbol-hispano-20\/","title":{"rendered":"Notas del f\u00fatbol hispano"},"content":{"rendered":"<div id=\"attachment_18322\" style=\"width: 191px\" class=\"wp-caption alignright\"><a href=\"https:\/\/diarioelpopular.com\/wp-content\/uploads\/2011\/11\/FOTO-1-ANIBAL-%C3%85%C2%A0-ESMERALD-S.jpg\"><img loading=\"lazy\" decoding=\"async\" aria-describedby=\"caption-attachment-18322\" class=\"size-medium wp-image-18322\" title=\"An\u00edbal Robles\" src=\"https:\/\/diarioelpopular.com\/wp-content\/uploads\/2011\/11\/FOTO-1-ANIBAL-%C3%85%C2%A0-ESMERALD-S-181x300.jpg\" alt=\"\" width=\"181\" height=\"300\" \/><\/a><p id=\"caption-attachment-18322\" class=\"wp-caption-text\">An\u00edbal Robles, el excelente arquero del poderoso equipo \u201cEsmeralda Sporting\u201d en el torneo \u201cTaca Airlines\u201d de la liga \u201cCentro Sur La Original<\/p><\/div>\n<p>Una semana de muchas novedades tanto en el medio local como en el \u00e1mbito internacional con las eliminatorias centroamericanas, sudamericanas y las fechas FIFA, oportunidad que tienen las selecciones para enfrentarse con miras a la clasificaci\u00f3n al Mundial de Brasil 2014, que por la calidad y el fervor que tienen los brasileros por el futbol promete ser espectacular, sin duda alguna.<\/p>\n<p>Generalmente cuando se inician los torneos de indoor soccer, los que reporteamos las diferentes ligas nos convertimos en verdaderos \u201carque\u00f3logos\u201d para descifrar algunas n\u00f3minas de jugadores escritas por los delegados o directores t\u00e9cnicos de los equipos, muchos de los cuales no conocen muy bien a los refuerzos y tampoco como se llaman, es com\u00fan ver solo los nombres o apodos de algunos jugadores, bueno, eso es la parte \u201centretenida\u201d de este trabajo, pero despu\u00e9s de algunas fechas los organizadores ya tienen las n\u00f3minas escritas en hoja impresa, lo que facilita a la organizaci\u00f3n y a nuestro trabajo. Por ahora dejaremos que los \u201cdoctores\u201d sigan haciendo las n\u00f3minas con la misma letra de las recetas m\u00e9dicas\u2026<\/p>\n<p>Un gran equipo, grandes jugadores, entretenidos partidos y muchos goles, as\u00ed se puede decir del elenco de \u201cEsmeralda Sporting\u201d que participa en el torneo \u201cTaca Airlines\u201d de la liga \u201cCentro Sur La Original\u201d de don Sa\u00fal Varela. Este cuadro ha convertido 25 goles en dos confrontaciones por los puntos, pero lo destacable es que solo ha recibido cuatro goles en su porter\u00eda, gracias a la calidad de su guardavallas, An\u00edbal Robles, que adem\u00e1s de atajar tambi\u00e9n convierte goles en sus sorpresivas salidas desde su \u00e1rea. Estaremos atentos para ver quienes paran a este arrollador elenco.<\/p>\n<div id=\"attachment_18323\" style=\"width: 228px\" class=\"wp-caption alignleft\"><a href=\"https:\/\/diarioelpopular.com\/wp-content\/uploads\/2011\/11\/FOTO-2-REPRESEN%C3%85%C2%A0RTH-KIPLING.jpg\"><img loading=\"lazy\" decoding=\"async\" aria-describedby=\"caption-attachment-18323\" class=\"size-medium wp-image-18323\" title=\"North Kipling\" src=\"https:\/\/diarioelpopular.com\/wp-content\/uploads\/2011\/11\/FOTO-2-REPRESEN%C3%85%C2%A0RTH-KIPLING-218x300.jpg\" alt=\"\" width=\"218\" height=\"300\" \/><\/a><p id=\"caption-attachment-18323\" class=\"wp-caption-text\">Don Carlos Brizuela entrega la copa del tercer lugar en la primera divisi\u00f3n a los representantes del equipo \u201cNorth Kipling\u201d<\/p><\/div>\n<div id=\"attachment_18325\" style=\"width: 212px\" class=\"wp-caption alignright\"><a href=\"https:\/\/diarioelpopular.com\/wp-content\/uploads\/2011\/11\/FOTO-3-NICOL%C3%85%C2%A0OPA-AMISTAD.jpg\"><img loading=\"lazy\" decoding=\"async\" aria-describedby=\"caption-attachment-18325\" class=\"size-medium wp-image-18325\" title=\"Nicol\u00e1s Molinero\" src=\"https:\/\/diarioelpopular.com\/wp-content\/uploads\/2011\/11\/FOTO-3-NICOL%C3%85%C2%A0OPA-AMISTAD-202x300.jpg\" alt=\"\" width=\"202\" height=\"300\" \/><\/a><p id=\"caption-attachment-18325\" class=\"wp-caption-text\">El director t\u00e9cnico del equipo \u201cFinch West United\u201d, don Nicol\u00e1s Molinero, recibe el trofeo \u201cCopa Amistad\u201d obtenido en el torneo de verano de la \u201cLiga Burocr\u00e1tica Comercial\u201d<\/p><\/div>\n<p>Durante el desarrollo de la tercera fecha del torneo de la \u201cLiga Burocr\u00e1tica Comercial, don Carlos Brizuela premi\u00f3 a los campeones del torneo de verano Copa \u201cT\u00edpico Centroamericano\u201d. Varios trofeos fueron entregados al igual que los premios en dinero de acuerdo a los que se hab\u00eda prometido, Don Carlos nos manifestaba que los premios monetarios los entrega en dinero en efectivo, para evitar algunas malas interpretaciones. Fuimos testigos de la entrega del \u201cMoney en contante y sonante\u201d y de la satisfacci\u00f3n de los premiados que recibieron lo que les correspond\u00eda por ser \u201cbuenos para la pelota\u201d. Como el \u201cMejor Arquero\u201d fue el galard\u00f3n para Shelton Deffering\u201d, el goleador del torneo fue Sahjah Reid y el jugador m\u00e1s destacado fue Davion Peart, todos ellos del equipo \u201cNationality\u201d. Los reconocimientos a los equipos destacados que se ganaron el honor en la cancha fueron: Campe\u00f3n en la categor\u00eda Maestros fue \u201cNorth Kipling\u201d, la Copa Amistad la obtuvo la escuadra de \u201cFinch West United\u201d y el Campe\u00f3n de Copa el elenco de \u201cBlack Lions. En primera divisi\u00f3n el campe\u00f3n fue \u201cNationality\u201d en segundo lugar qued\u00f3 \u201cBlack Lyons\u201d y tercero fue \u201cNorth Kipling\u201d. En segunda divisi\u00f3n se clasific\u00f3 primero \u201cTaifa Star\u201d, segundo fue \u201cV. Construcci\u00f3n\u201d y tercero \u201c Raising F.C.\u201d.<\/p>\n<div id=\"attachment_18327\" style=\"width: 186px\" class=\"wp-caption alignleft\"><a href=\"https:\/\/diarioelpopular.com\/wp-content\/uploads\/2011\/11\/FOTO-4-EAGLE-%C3%85%C2%A0Z-Y-JOAQUIN.jpg\"><img loading=\"lazy\" decoding=\"async\" aria-describedby=\"caption-attachment-18327\" class=\"size-medium wp-image-18327\" title=\"Jorge Ram\u00edrez\" src=\"https:\/\/diarioelpopular.com\/wp-content\/uploads\/2011\/11\/FOTO-4-EAGLE-%C3%85%C2%A0Z-Y-JOAQUIN-176x300.jpg\" alt=\"\" width=\"176\" height=\"300\" \/><\/a><p id=\"caption-attachment-18327\" class=\"wp-caption-text\">Jorge Ram\u00edrez, director t\u00e9cnico del equipo juvenil \u201cEagles 95\u201d junto a su hijo Joaqu\u00edn, uno de los goleadores de este buen elenco<\/p><\/div>\n<p>La categor\u00eda 95-96 que competir\u00e1 en el torneo \u201cTaca Airlines\u201d a\u00fan tiene un cupo para cubrir, seg\u00fan las programaciones estar\u00e1n compitiendo los elencos de \u201cEagles 95\u201d, \u201cBrampton United\u201d, \u201cBlack Eagles y \u201cChinameca F.C.\u201d. Apreciamos en la fecha pasada en un partido de preparaci\u00f3n (amistoso) que los j\u00f3venes son h\u00e1biles y veloces y tienen ganas de llevarse el triunfo, aunque sea en un lance de preparaci\u00f3n. El s\u00e1bado pr\u00f3ximo estar\u00e1n en el rect\u00e1ngulo del \u201cWest Humber Collegiate\u201d las escuadras de \u201cChinameca\u201d con \u201cBrampton United\u201d a las 12,15 pm. abriendo la programaci\u00f3n sabatina de la tercera fecha.<\/p>\n<div id=\"attachment_18328\" style=\"width: 210px\" class=\"wp-caption alignright\"><a href=\"https:\/\/diarioelpopular.com\/wp-content\/uploads\/2011\/11\/FOTO-5-NEYMAR.jpg\"><img loading=\"lazy\" decoding=\"async\" aria-describedby=\"caption-attachment-18328\" class=\"size-full wp-image-18328\" title=\"Neymar, el jugador \u201csensaci\u00f3n\u201d del futbol brasilero\" src=\"https:\/\/diarioelpopular.com\/wp-content\/uploads\/2011\/11\/FOTO-5-NEYMAR.jpg\" alt=\"\" width=\"200\" height=\"286\" \/><\/a><p id=\"caption-attachment-18328\" class=\"wp-caption-text\">Neymar, el jugador \u201csensaci\u00f3n\u201d del futbol brasilero, reconoce que Leonel Messi es el mejor y que se merece el \u201cBot\u00edn de Oro\u201d de la FIFA<\/p><\/div>\n<p><strong>Los brasileros reconocen que Messi es el mejor de los postulantes al \u201cBal\u00f3n de Oro\u201d.-<\/strong> El delantero brasile\u00f1o Neymar, jugador del club Santos incluido por la FIFA en la lista de los 23 candidatos al Bal\u00f3n de Oro de este a\u00f1o, sue\u00f1a con estar entre los tres mejores del mundo, pero admite que a\u00fan est\u00e1 por debajo del argentino Lionel Messi, del Barcelona. &#8220;\u00c9l es el mejor junto a Cristiano Ronaldo del Real Madrid, yo ya estoy feliz con estar entre los 23&#8221;, asegur\u00f3 la revelaci\u00f3n de la selecci\u00f3n brasile\u00f1a. El jugador del Santos fue incluido esta semana por primera vez en su carrera en la lista de candidatos al Bal\u00f3n de Oro, en la que solo aparece otro brasile\u00f1o, el lateral derecho Daniel Alves, del Barcelona, y en la que es el \u00fanico que juega fuera de Europa. Para el t\u00e9cnico del Santos, Muricy Ramalho, Neymar es un jugador genial pero a\u00fan no se compara con Messi. &#8220;Hoy el mejor es Messi. No hay discusi\u00f3n. El propio Neymar reconoce eso, incluso por la edad. Messi con 23 a\u00f1os, ha jugado m\u00e1s y tiene m\u00e1s experiencia. Nuestro Neymar est\u00e1 en los19 a\u00f1os y apenas est\u00e1 surgiendo&#8221;, asegura Ramalho, agregando &#8220;Neymar es un genio. Tiene un control sobre el bal\u00f3n absurdo. Cambia de direcci\u00f3n en velocidad sin perder el control. En poco tiempo estar\u00e1 por encima de todos los dem\u00e1s. En los \u00faltimos meses el joven jugador brasile\u00f1o ha tenido contactos con equipos espa\u00f1oles como el Real Madrid y el Barcelona, interesados en su fichaje, aunque por ahora prefiere seguir en el Santos por lo menos hasta julio de 2012.<\/p>\n<div id=\"attachment_18330\" style=\"width: 250px\" class=\"wp-caption alignleft\"><a href=\"https:\/\/diarioelpopular.com\/wp-content\/uploads\/2011\/11\/FOTO-6-L.D.U..jpg\"><img loading=\"lazy\" decoding=\"async\" aria-describedby=\"caption-attachment-18330\" class=\"size-medium wp-image-18330 \" title=\"L.D.U.\" src=\"https:\/\/diarioelpopular.com\/wp-content\/uploads\/2011\/11\/FOTO-6-L.D.U.-300x223.jpg\" alt=\"\" width=\"240\" height=\"178\" \/><\/a><p id=\"caption-attachment-18330\" class=\"wp-caption-text\">Un buen equipo conforman los jugadores del \u201cL.D.U.\u201d se espera que en las pr\u00f3ximas confrontaciones sean grandes animadores del torneo \u201cTaca Airlines\u201d de la \u201cLiga Centro Sur La Original\u201d<\/p><\/div>\n<p>Una de dulce y otra amarga ha tenido el buen elenco \u201cL.D.U.\u201d de la categor\u00eda M\u00e1ster en el torneo de la liga \u201cCentro Sur La Original\u201d, en la primera fecha venci\u00f3 a \u201cWanderers Seniors\u201d por 4 a 2 y el s\u00e1bado pasado perdi\u00f3 con el campe\u00f3n de la temporada pasada por 12 a 3. En la fecha del pr\u00f3ximo s\u00e1bado se enfrentan \u201cVald\u00e9s S. Club\u201d (4.45 pm). La n\u00f3mina de equipo es la siguiente: Byron Vargas, Carlos Contreras, Carlos Montoya, Darwin Loor, Diego Pel\u00e1ez, Edgar Rodr\u00edguez, Jos\u00e9 Guevara, Juan Z\u00fa\u00f1iga, Luis Madeiros, Patricio Gal\u00e1n y Santiago Salazar.<\/p>\n<div id=\"attachment_18331\" style=\"width: 250px\" class=\"wp-caption alignright\"><a href=\"https:\/\/diarioelpopular.com\/wp-content\/uploads\/2011\/11\/FOTO-7-Solo-Boys.jpg\"><img loading=\"lazy\" decoding=\"async\" aria-describedby=\"caption-attachment-18331\" class=\"size-medium wp-image-18331 \" title=\"Solo  Boys\" src=\"https:\/\/diarioelpopular.com\/wp-content\/uploads\/2011\/11\/FOTO-7-Solo-Boys-300x222.jpg\" alt=\"\" width=\"240\" height=\"178\" \/><\/a><p id=\"caption-attachment-18331\" class=\"wp-caption-text\">\u201cSolo Boys\u201d, un equipo a vencer en el Torneo T\u00edpico Centroamericano<\/p><\/div>\n<p>Un equipo de fuerza, de mucha velocidad, tal vez de muchos gritos o voz fuerte, es el \u201cSolo Boys\u201d del Grupo \u201cB\u201d de la categor\u00eda adultos que participa en el torneo \u201cT\u00edpico Centroamericano\u201d de don Carlos Brizuela. De los tres partidos jugados han ganado dos al \u201cAzul y Blanco\u201d y \u201cPuro Toque\u201d y perdieron en la segunda fecha con \u201cV. Construcci\u00f3n\u201d. Se ve en la cancha como un equipo de choque por la fuerza que ponen en sus avances, pero son leales, seg\u00fan lo que nos manifestaban algunos \u00e1rbitros a quienes consultamos sobre este elenco.<\/p>\n<div id=\"attachment_18332\" style=\"width: 262px\" class=\"wp-caption alignleft\"><a href=\"https:\/\/diarioelpopular.com\/wp-content\/uploads\/2011\/11\/FOTO-8-ZLATAN-IBRAHIMOVIC.jpg\"><img loading=\"lazy\" decoding=\"async\" aria-describedby=\"caption-attachment-18332\" class=\"size-medium wp-image-18332\" title=\"Zlatan Ibrahimovic\" src=\"https:\/\/diarioelpopular.com\/wp-content\/uploads\/2011\/11\/FOTO-8-ZLATAN-IBRAHIMOVIC-252x300.jpg\" alt=\"\" width=\"252\" height=\"300\" \/><\/a><p id=\"caption-attachment-18332\" class=\"wp-caption-text\">El jugador del Mil\u00e1n Zlatan Ibrahimovic se fue con todo en contra del director t\u00e9cnico del \u201cBarcelona F.C.\u201d equipo en el cual jug\u00f3 un a\u00f1o<\/p><\/div>\n<p><strong>Zlatan Ibrahimovic se tira con todo contra Pep Guardiola DT. del Barcelona.-<\/strong> El delantero del Mil\u00e1n y ex jugador del Barcelona, Zlatan Ibrahimovic, justific\u00f3 la pr\u00f3xima publicaci\u00f3n de su autobiograf\u00eda, en la que repasa su vida, se\u00f1alando que sent\u00eda que era la hora de contar su historia. &#8220;Era mi turno para decir mi verdad, mi propia historia, precisamente como el t\u00edtulo. Era la hora de que yo hablara&#8221;, dijo Ibrahimovic al diario &#8220;Aftonbladet. Seg\u00fan Ibrahimovic &#8220;nunca&#8221; dud\u00f3 de que fuera necesario dar su versi\u00f3n, &#8220;no se trata s\u00f3lo del Barcelona, eso es s\u00f3lo una d\u00e9cima parte de lo que aparece en el libro&#8221;. En &#8220;Jag \u00e4r Zlatan Ibrahimovic&#8221; (Yo soy Zlatan Ibrahimovic), que sale a la venta el d\u00eda 15, el delantero del Mil\u00e1n revela que acus\u00f3, durante una discusi\u00f3n, al entrenador del Barcelona, Pep Guardiola, de no tener &#8220;huevos&#8221; y de &#8220;cagarse&#8221; con Mourinho, t\u00e9cnico del Real Madrid, seg\u00fan han adelantado medios suecos. Pero el jugador de origen bosnio croata rechaza que hayan sido la animadversi\u00f3n o alg\u00fan motivo oculto los que lo han llevado a escribir el libro, sino s\u00f3lo su deseo de contar su versi\u00f3n. &#8220;Si alguien tiene otra cosa que decir o sabe algo que yo no s\u00e9, es bienvenido a decirlo, pero yo ya he dicho todo lo que s\u00e9 en este libro&#8221;, afirm\u00f3. No obstante, admiti\u00f3 que su estancia de un a\u00f1o en el Barcelona hab\u00eda sido muy distinta a lo que \u00e9l esperaba, ya que siempre hab\u00eda so\u00f1ado con jugar en el club blaugrana. Mil\u00e1n y Barcelona se enfrentar\u00e1n dentro de dos semanas en partido de la fase de grupos de la Liga de Campeones, e Ibrahimovic da por seguro que alguna gente se encargar\u00e1 de caldear el ambiente previamente. &#8220;Est\u00e1 claro que alguien seguro que intentar\u00e1 picar a la gente con mis declaraciones y con lo que ha pasado antes. Pero no es algo en lo que piense&#8221;, asegur\u00f3. Seg\u00fan los fragmentos de la biograf\u00eda adelantados, el origen del conflicto de Ibrahimovic con Guardiola radica en el cambio de posici\u00f3n de Lionel Messi, que pas\u00f3 a jugar de delantero centro mientras aquel estaba lesionado y al final acab\u00f3 qued\u00e1ndose all\u00ed. El delantero del Mil\u00e1n ya ha aireado con anterioridad en distintos momentos sus desavenencias con Guardiola, a quien se refiri\u00f3 despectivamente con el apelativo de &#8220;fil\u00f3sofo&#8221; y al que critic\u00f3 por no saber, en su opini\u00f3n, tratar a los jugadores.<\/p>\n<div id=\"attachment_18333\" style=\"width: 193px\" class=\"wp-caption alignright\"><a href=\"https:\/\/diarioelpopular.com\/wp-content\/uploads\/2011\/11\/FOTO-9-MANUE%C3%85%C2%A0OLI-C-ROJOS.jpg\"><img loading=\"lazy\" decoding=\"async\" aria-describedby=\"caption-attachment-18333\" class=\"size-medium wp-image-18333\" title=\"Manuel Orellana\" src=\"https:\/\/diarioelpopular.com\/wp-content\/uploads\/2011\/11\/FOTO-9-MANUE%C3%85%C2%A0OLI-C-ROJOS-183x300.jpg\" alt=\"\" width=\"183\" height=\"300\" \/><\/a><p id=\"caption-attachment-18333\" class=\"wp-caption-text\">El r\u00e9feri chileno Manuel Orellana con el arquero de \u201cCopihues Rojos\u201d Andr\u00e9s Gaviolli en la Liga \u201cCentro Sur La Original\u201d<\/p><\/div>\n<p>El r\u00e9feri Manuel Orellana, es respetado por los jugadores en los partidos que dirige, a Manuel no le tiembla la mano para sacar las tarjetas, amarilla o roja, seg\u00fan sea la falta. En la fecha pasada expuls\u00f3 a dos jugadores por intento de agresi\u00f3n, no hubo ning\u00fan reclamo y los infractores se fueron a calmar sus \u00edmpetus a los camarines. Orellana fue respetado como un buen jugador y ahora lo es como correcto \u00e1rbitro que dirige en la liga \u201cCentro Sur La Original de don Sa\u00fal Varela.<\/p>\n<div id=\"attachment_18334\" style=\"width: 250px\" class=\"wp-caption alignleft\"><a href=\"https:\/\/diarioelpopular.com\/wp-content\/uploads\/2011\/11\/FOTO-10-IKER-CASILLAS.jpg\"><img loading=\"lazy\" decoding=\"async\" aria-describedby=\"caption-attachment-18334\" class=\"size-medium wp-image-18334 \" title=\"Iker Casillas\" src=\"https:\/\/diarioelpopular.com\/wp-content\/uploads\/2011\/11\/FOTO-10-IKER-CASILLAS-300x181.jpg\" alt=\"\" width=\"240\" height=\"145\" \/><\/a><p id=\"caption-attachment-18334\" class=\"wp-caption-text\">Iker Casillas, el arquero del \u201cReal Madrid\u201d ha estado en 126 veces defendiendo a Espa\u00f1a en partidos de selecciones<\/p><\/div>\n<p><strong>Iker Casillas ha defendido 126 veces la porter\u00eda de la selecci\u00f3n espa\u00f1ola.-<\/strong> El portero de la selecci\u00f3n espa\u00f1ola y del Real Madrid, Iker Casillas es, el futbolista que m\u00e1s veces ha defendido la camiseta de la selecci\u00f3n. empatado con Andoni Zubizarreta en 126 partidos internacionales. Parece obvio que el guardameta madridista batir\u00e1 sin problemas el registro del ex cancerbero del Bar\u00e7a, pero todav\u00eda le quedan muchos partidos para convertirse en el jugador europeo que m\u00e1s veces ha defendido los colores de su pa\u00eds. Ese honor le corresponde por ahora, y durante unos cuantos a\u00f1os m\u00e1s al menos, al ya retirado Vitali Astafjevs, que jug\u00f3 con Letonia en 167 ocasiones a lo largo de 18 a\u00f1os (desde 1992 hasta 2010). Casillas es, por varios motivos, el mejor colocado para poder superar en el futuro un r\u00e9cord muy complicado de batir. Es titular indiscutible por ahora y tiene 30 a\u00f1os, una edad en la que los guardametas todav\u00eda contemplan lejana su retirada. Espa\u00f1a, ya clasificada para la fase final de la pr\u00f3xima Eurocopa, tiene que disputar la Copa Confederaciones 2013 como vigente campeona del mundo, condici\u00f3n que ya no le exime de tener que jugar la fase de clasificaci\u00f3n del Mundial 2014. Si le a\u00f1adimos algunos amistosos (aunque a veces no juega por descanso), y siempre que las lesiones le respeten como hasta ahora, podr\u00edan salir las cuentas para batir a Astafjevs. Ning\u00fan futbolista europeo en activo ha jugado hasta el momento tantos partidos con su selecci\u00f3n como Casillas, que todav\u00eda tiene que superar a varios ilustres del viejo continente antes de dar caza al recordman let\u00f3n. Tras jugar en Wembley, Casillas super\u00f3 al m\u00edtico guardameta ingl\u00e9s Peter Shilton (125). M\u00e1s dif\u00edcil de batir ser\u00e1 Mohamed Al Deayea, que defendi\u00f3 la porter\u00eda de Arabia Saud\u00ed en 181 partidos y posee el r\u00e9cord absoluto de internacionalidades en la historia del f\u00fatbol. Todo un reto para Iker y un posible bonito colof\u00f3n a su legendaria carrera.<\/p>\n<div id=\"attachment_18335\" style=\"width: 202px\" class=\"wp-caption alignleft\"><a href=\"https:\/\/diarioelpopular.com\/wp-content\/uploads\/2011\/11\/FOTO-11-C-BRIZU%C3%85%C2%A0REDO-OYAGUE.jpg\"><img loading=\"lazy\" decoding=\"async\" aria-describedby=\"caption-attachment-18335\" class=\"size-medium wp-image-18335 \" title=\"Carlos Brizuela\" src=\"https:\/\/diarioelpopular.com\/wp-content\/uploads\/2011\/11\/FOTO-11-C-BRIZU%C3%85%C2%A0REDO-OYAGUE-240x300.jpg\" alt=\"\" width=\"192\" height=\"240\" \/><\/a><p id=\"caption-attachment-18335\" class=\"wp-caption-text\">Don Carlos Brizuela, director general de la \u201cLiga Burocr\u00e1tica Comercial\u201d con el r\u00e9feri Alfredo Oyague, colegiado de excelente desempe\u00f1o<\/p><\/div>\n<p>Es posible que se note que destaco la actividad de los r\u00e9feris que dirimen en las ligas hispanas, pero la importancia para el buen desarrollo de un torneo es de responsabilidad de ellos, pues con sus acertados cobros permitir\u00e1n que tanto los jugadores como los dirigentes, que organizan estos torneos, tengan la tranquilidad de poder tener un buen espect\u00e1culo deportivo familiar. En la liga de don Carlos Brizuela, hay varios r\u00e9feris hispanos que tienen las condiciones y personalidad para dirigir lances de \u201calto riesgo\u201d, como Alfredo Oyague, que tambi\u00e9n a veces se destaca como jugador.-<\/p>\n<div id=\"attachment_18336\" style=\"width: 250px\" class=\"wp-caption alignright\"><a href=\"https:\/\/diarioelpopular.com\/wp-content\/uploads\/2011\/11\/FOTO-12-CRISTIANO-RONALDO.jpg\"><img loading=\"lazy\" decoding=\"async\" aria-describedby=\"caption-attachment-18336\" class=\"size-medium wp-image-18336 \" title=\"Cristiano Ronaldo\" src=\"https:\/\/diarioelpopular.com\/wp-content\/uploads\/2011\/11\/FOTO-12-CRISTIANO-RONALDO-300x293.jpg\" alt=\"\" width=\"240\" height=\"234\" \/><\/a><p id=\"caption-attachment-18336\" class=\"wp-caption-text\">Cristiano Ronaldo est\u00e1 cansado de sufrir agresiones, tanto en la cancha como por parte de los hinchas rivales de los equipos que defiende ya sea el \u201cReal Madrid\u201d o la selecci\u00f3n portuguesa.<\/p><\/div>\n<p><strong>Cristiano Ronaldo fastidiado de que lo molesten.-<\/strong> Ya no es una cuesti\u00f3n de que intenten desestabilizarle con c\u00e1nticos e insultos. Se ha sobrepasado la l\u00ednea, al terreno de lo f\u00edsico, algo que no est\u00e1 dispuesto a consentir el jugador y que va a denunciar ante el organismo que le competa. No aguanta m\u00e1s. Si hace falta llegar\u00e1 hasta la UEFA, en el caso de que en los partidos de competici\u00f3n europea, sea con el Real Madrid o con la selecci\u00f3n portuguesa, vuelva a vivir algo parecido a lo que sufri\u00f3 en el partido de ida de la repesca disputado en Bosnia. No es la primera vez que un aficionado le intenta da\u00f1ar la vista con un puntero l\u00e1ser. Pero en Bosnia no hubo l\u00edmites. No se trat\u00f3 de un s\u00f3lo aficionado, sino un grupo de gente que con ese arma, que puede tener distinta potencia e intensidad, apunt\u00f3 al rostro del portugu\u00e9s con la intenci\u00f3n de cegarle. La respuesta de Cristiano Ronaldo fue hacer una peineta, un gesto feo y de mal gusto, que no pudo evitar ante el acoso de varios de esos instrumentos. La reacci\u00f3n no la justifica el jugador, pero empieza a estar harto y cansado de esta situaci\u00f3n porque no es la primera vez en esta temporada que le atacan de esta forma. Ya lo ha sufrido en otros partidos internacionales. La \u00fanica respuesta de la UEFA ha sido la de intentar buscar el modo de evitar que se introduzcan en los campos este tipo de instrumentos que cada vez proliferan m\u00e1s en los estadios. Ronaldo est\u00e1 a la espera que la UEFA tome alguna decisi\u00f3n para evitar este tipo de sucesos.-<\/p>\n<div id=\"attachment_18338\" style=\"width: 150px\" class=\"wp-caption alignleft\"><a href=\"https:\/\/diarioelpopular.com\/wp-content\/uploads\/2011\/11\/FOTO-13-DT-%C3%85%C2%A0Z-EL-DIABLO.jpg\"><img loading=\"lazy\" decoding=\"async\" aria-describedby=\"caption-attachment-18338\" class=\"size-medium wp-image-18338 \" title=\"Mauricio \u201dEl Diablo\u201d V\u00e1squez\" src=\"https:\/\/diarioelpopular.com\/wp-content\/uploads\/2011\/11\/FOTO-13-DT-%C3%85%C2%A0Z-EL-DIABLO-175x300.jpg\" alt=\"\" width=\"140\" height=\"240\" \/><\/a><p id=\"caption-attachment-18338\" class=\"wp-caption-text\">Mauricio \u201dEl Diablo\u201d V\u00e1squez, director t\u00e9cnico del equipo \u201cSport Abadence\u201d que en la fecha pasada gole\u00f3 por 11 a 4 al \u201cFinch West United\u201d en la \u201cLiga Burocr\u00e1tica Comercial\u201d<\/p><\/div>\n<p>Destacamos a un dirigente sacrificado como es Mauricio V\u00e1squez, director t\u00e9cnico y gerente general del elenco \u201cSport Abadence\u201d, puntero del grupo \u201cB\u201d de la categor\u00eda de adultos. V\u00e1squez, m\u00e1s conocido por su apodo \u201cEl Diablo\u201d, es reconocido por el empe\u00f1o y la voluntad para llevar su equipo adelante. Siempre se le ve tranquilo y sonriente, pero preocupado por sus jugadores. Un peque\u00f1o reconocimiento, bien merecido.<\/p>\n<div id=\"attachment_18339\" style=\"width: 194px\" class=\"wp-caption alignright\"><a href=\"https:\/\/diarioelpopular.com\/wp-content\/uploads\/2011\/11\/FOTO-14-DAVID-BECKHAM.jpg\"><img loading=\"lazy\" decoding=\"async\" aria-describedby=\"caption-attachment-18339\" class=\"size-medium wp-image-18339 \" title=\"David Beckham\" src=\"https:\/\/diarioelpopular.com\/wp-content\/uploads\/2011\/11\/FOTO-14-DAVID-BECKHAM-230x300.jpg\" alt=\"\" width=\"184\" height=\"240\" \/><\/a><p id=\"caption-attachment-18339\" class=\"wp-caption-text\">David Beckham, nominado en la \u201cselecci\u00f3n ideal\u201d del futbol norteamericano 2011<\/p><\/div>\n<p><strong>El futbol norteamericano tiene su equipo ideal.-<\/strong> El ex guardameta Kasey Keller de los Seattle Sounders, David Beckham de Los Angeles Galaxy adem\u00e1s de Thierry Henry, de los New York Red Bulls, han sido elegidos para formar parte del Equipo Ideal 2011 de la Liga Profesional de F\u00fatbol de Estados Unidos (MLS). Entre los seleccionados, que representan a ocho equipos, encabezados por el Galaxy que coloc\u00f3 a cuatro jugadores, se encuentra tambi\u00e9n el joven de origen mexicano Omar Gonz\u00e1lez, que el d\u00eda anterior fue elegido Defensa del A\u00f1o. Tanto el central Olave, de 30 a\u00f1os, como Gonz\u00e1lez, de 23, demostraron que son sin discusi\u00f3n los mejores defensas centrales que hay actualmente en la MLS. El jugador colombiano, que el a\u00f1o pasado fue el ganador del premio Defensa del A\u00f1o y esta temporada tambi\u00e9n se coloc\u00f3 finalista, volvi\u00f3 a convertirse en el l\u00edder indiscutible en la zona de atr\u00e1s del equipo del Royal Salt Lake. Los Galaxy, adem\u00e1s de tener a Gonz\u00e1lez, tambi\u00e9n consiguieron incluir dentro del Equipo Ideal al defensa Todd Dunivant, a David Beckham y a Landon Donovan. Otro veterano europeo, el franc\u00e9s Thierry Henry, en su segunda temporada en la MLS, tambi\u00e9n fue elegido como delantero para ser el \u00fanico que representara a su equipo de los Red Bulls de Nueva York. El veterano arquero Kasey Keller, de 41 a\u00f1os, ya retirado, jug\u00f3 su \u00faltima temporada como profesional con los Sounders de Seattle, gracias al rendimiento de la cual fue elegido para formar parte de la porter\u00eda del Equipo Ideal 2011. El comisionado de la MLS, Don Garber, ha anunciado el viernes reci\u00e9n pasado esta oncena por la votaci\u00f3n que dieron los periodistas especializados en la cobertura del f\u00fatbol en Estados Unidos, los jugadores, entrenadores y gerentes generales de los equipos.<\/p>\n<div id=\"attachment_18340\" style=\"width: 215px\" class=\"wp-caption alignright\"><a href=\"https:\/\/diarioelpopular.com\/wp-content\/uploads\/2011\/11\/FOTO-15-MAXMILI%C3%85%C2%A0-DEL-PARQUE.jpg\"><img loading=\"lazy\" decoding=\"async\" aria-describedby=\"caption-attachment-18340\" class=\"size-medium wp-image-18340\" title=\"Maximiliano Oddo\" src=\"https:\/\/diarioelpopular.com\/wp-content\/uploads\/2011\/11\/FOTO-15-MAXMILI%C3%85%C2%A0-DEL-PARQUE-205x300.jpg\" alt=\"\" width=\"205\" height=\"300\" \/><\/a><p id=\"caption-attachment-18340\" class=\"wp-caption-text\">Maximiliano Oddo, uno de los grandes valores del futbol de nuestra comunidad hispana, participa por el equipo \u201cVilla del Parque\u201d en la liga de Sa\u00fal Varela<\/p><\/div>\n<p>El Equipo Ideal 2011 de la MLS es el siguiente:<\/p>\n<ul>\n<li><strong>Portero:<\/strong> Kasey Keller (Seattle Sounders FC, EEUU)<\/li>\n<li><strong>Defensas:<\/strong> Todd Dunivant (LA Galaxy, EEUU), Omar Gonz\u00e1lez (LA Galaxy, EEUU) y Jamison Olave (Real Salt Lake, COL)<\/li>\n<li><strong>Centrocampistas:<\/strong> David Beckham (LA Galaxy, ENG), Brad Davis (Houston Dynamo, USA), Dwayne De Rosario (D.C. United, CAN), Landon Donovan (LA Galaxy, USA) y Brek Shea (FC Dallas, USA)<\/li>\n<li><strong>Delanteros:<\/strong> Thierry Henry (New York Red Bulls, FRA) y Chris Wondolowski (San Jose Earthquakes, USA).<\/li>\n<\/ul>\n<p>La MLS tambi\u00e9n anunci\u00f3 que Mark Geiger y Corey Rockwell fueron galardonados como el \u00c1rbitro y el \u00c1rbitro Asistente del A\u00f1o de la MLS 2011, respectivamente.<\/p>\n<p>La escuadra de \u201cVilla del Parque\u201d de la categor\u00eda adultos del torneo \u201cTaca Airlines\u201d tiene un elenco de talentosos j\u00f3venes que han demostrado en sus presentaciones que con un poco de fortuna podr\u00edan llegar a disputar los primeros lugares, aunque en su categor\u00eda hay equipos fuertes que han jugado por muchas temporadas juntos. Este equipo est\u00e1 conformado por los siguientes jugadores: Alex Herrera, Claudio Herrera, Kevin Casella, Marco Rodr\u00edguez, Mat\u00edas Naalband, Maximiliano Oddo, Nicol\u00e1s Gonz\u00e1lez, Steve Rivero y Tony Rivero.<\/p>\n<p>Nos vemos la pr\u00f3xima semana en las notas del futbol hispano.<\/p>\n","protected":false},"excerpt":{"rendered":"<p>Una semana de muchas novedades tanto en el medio local como en el \u00e1mbito internacional con las eliminatorias centroamericanas, sudamericanas y las fechas FIFA, oportunidad&hellip;<\/p>\n","protected":false},"author":1,"featured_media":18342,"comment_status":"closed","ping_status":"open","sticky":false,"template":"","format":"standard","meta":{"footnotes":""},"categories":[28],"tags":[179,657],"class_list":["post-18321","post","type-post","status-publish","format-standard","has-post-thumbnail","hentry","category-deportes","tag-futbol-2","tag-futbol-hispano"],"_links":{"self":[{"href":"https:\/\/diarioelpopular.com\/index.php\/wp-json\/wp\/v2\/posts\/18321","targetHints":{"allow":["GET"]}}],"collection":[{"href":"https:\/\/diarioelpopular.com\/index.php\/wp-json\/wp\/v2\/posts"}],"about":[{"href":"https:\/\/diarioelpopular.com\/index.php\/wp-json\/wp\/v2\/types\/post"}],"author":[{"embeddable":true,"href":"https:\/\/diarioelpopular.com\/index.php\/wp-json\/wp\/v2\/users\/1"}],"replies":[{"embeddable":true,"href":"https:\/\/diarioelpopular.com\/index.php\/wp-json\/wp\/v2\/comments?post=18321"}],"version-history":[{"count":0,"href":"https:\/\/diarioelpopular.com\/index.php\/wp-json\/wp\/v2\/posts\/18321\/revisions"}],"wp:featuredmedia":[{"embeddable":true,"href":"https:\/\/diarioelpopular.com\/index.php\/wp-json\/"}],"wp:attachment":[{"href":"https:\/\/diarioelpopular.com\/index.php\/wp-json\/wp\/v2\/media?parent=18321"}],"wp:term":[{"taxonomy":"category","embeddable":true,"href":"https:\/\/diarioelpopular.com\/index.php\/wp-json\/wp\/v2\/categories?post=18321"},{"taxonomy":"post_tag","embeddable":true,"href":"https:\/\/diarioelpopular.com\/index.php\/wp-json\/wp\/v2\/tags?post=18321"}],"curies":[{"name":"wp","href":"https:\/\/api.w.org\/{rel}","templated":true}]}}