{"id":18379,"date":"2011-11-16T23:35:03","date_gmt":"2011-11-17T04:35:03","guid":{"rendered":"http:\/\/diarioelpopular.com\/?p=18379"},"modified":"2011-11-16T23:35:03","modified_gmt":"2011-11-17T04:35:03","slug":"benetton-retira-la-imagen-del-papa-besando-a-un-iman","status":"publish","type":"post","link":"https:\/\/diarioelpopular.com\/index.php\/2011\/11\/16\/benetton-retira-la-imagen-del-papa-besando-a-un-iman\/","title":{"rendered":"Benetton retira la imagen del papa besando a un im\u00e1n"},"content":{"rendered":"<p style=\"text-align: center\">[portfolio_slideshow]<\/p>\n<p><em><strong>Efe. Roma.-<\/strong><\/em> El grupo textil italiano\u00a0Benetton\u00a0anunci\u00f3 este mi\u00e9rcoles que retirar\u00e1 de modo &#8220;inmediato&#8221; el fotomontaje con la imagen del papa Benedicto XVI besando en la boca al im\u00e1n de la mezquita Al-Azhar de El Cairo, Ahmed Mohamed el-Tayeb, utilizada en su \u00faltima campa\u00f1a publicitaria.<\/p>\n<p>A trav\u00e9s de un comunicado, la firma de moda, conocida por sus pol\u00e9micas campa\u00f1as publicitarias, lament\u00f3 que el uso de la imagen del pont\u00edfice haya herido la sensibilidad de la Santa Sede y de los fieles cat\u00f3licos, que han exigido que sea retirada despu\u00e9s de aparecer en Roma hoy mismo, incluso a escasos metros del Vaticano.<\/p>\n<p>&#8220;Insistimos en que el sentido de esta campa\u00f1a es, exclusivamente, combatir la cultura del odio en cualquier forma&#8221;, reza el comunicado.<\/p>\n<p>&#8220;Lamentamos por ello que el uso de la imagen del pont\u00edfice y del im\u00e1n haya herido la sensibilidad de los fieles. Confirmando nuestro sentimiento, hemos decidido con efecto inmediato retirar esta imagen de cualquier publicaci\u00f3n&#8221;, concluye.<\/p>\n<p>El anuncio de la decisi\u00f3n de\u00a0Benetton\u00a0llega minutos despu\u00e9s de que el portavoz de la Santa Sede, Federico Lombardi, informara en una nota de que la Secretar\u00eda de Estado vaticana estudiaba posibles medidas a emprender &#8220;ante las autoridades competentes para garantizar una justa tutela del respeto&#8221; a la figura del papa.<\/p>\n<p>&#8220;Se trata de una grave falta de respeto hacia el papa, de una ofensa a los sentimientos de los fieles, de una demostraci\u00f3n evidente de c\u00f3mo en el \u00e1mbito de la publicidad se pueden violar las reglas elementales del respeto a las personas para atraer la atenci\u00f3n mediante la provocaci\u00f3n&#8221;, afirma Lombardi en el texto.<\/p>\n<p>La nueva campa\u00f1a publicitaria de\u00a0Benetton\u00a0lleva por t\u00edtulo &#8220;Unhate&#8221; (lo que podr\u00eda traducirse por &#8220;contra el odio&#8221;), nombre que adopta de una fundaci\u00f3n creada para combatir la cultura del odio, seg\u00fan los responsables del grupo textil.<\/p>\n<p>El papa Benedicto XVI no es el \u00fanico que aparece en los fotomontajes, donde tambi\u00e9n se puede ver, entre otros, al presidente estadounidense, Barack Obama, besarse con el mandatario venezolano Hugo Ch\u00e1vez, y al jefe de Estado franc\u00e9s, Nicol\u00e1s Sarkozy, hacer lo propio con la canciller alemana, \u00c1ngela Merkel.<\/p>\n<p>Tambi\u00e9n aparecen en la campa\u00f1a publicitaria el primer ministro de Israel, Benjam\u00edn Netanyahu, bes\u00e1ndose en la boca con el presidente de la Autoridad Nacional Palestina, Mahmud Ab\u00e1s.<\/p>\n<p>La campa\u00f1a fue presentada hoy en Par\u00eds por el vicepresidente ejecutivo de\u00a0Benetton, Alessandro\u00a0Benetton, quien indic\u00f3 que el hecho de que se retrate a l\u00edderes internacionales es solo &#8220;una simplificaci\u00f3n para hacer llegar el mensaje&#8221;.<\/p>\n","protected":false},"excerpt":{"rendered":"<p>El grupo textil italiano Benetton retirar\u00e1 de modo &#8220;inmediato&#8221; el fotomontaje del papa Benedicto XVI besando en la boca al im\u00e1n de la mezquita Al-Azhar de El Cairo, utilizado en su \u00faltima campa\u00f1a publicitaria, en la que aparecen tambi\u00e9n otros l\u00edderes mundiales antag\u00f3nicos bes\u00e1ndose.<br \/>\n<a href=\"http:\/\/diarioelpopular.com\/2011\/11\/benetton-retira-la-imagen-del-papa-besando-a-un-iman\/\"><span style=\"color: #000D54\"><strong>\u00bb FOTOGALER\u00cdA<\/strong><\/span><\/a><\/p>\n","protected":false},"author":1,"featured_media":18380,"comment_status":"closed","ping_status":"open","sticky":false,"template":"","format":"standard","meta":{"footnotes":""},"categories":[24],"tags":[59,8694,6312,338,8415,61],"class_list":["post-18379","post","type-post","status-publish","format-standard","has-post-thumbnail","hentry","category-mundo","tag-benedicto-xvi","tag-benetton","tag-beso","tag-campana","tag-iman","tag-papa"],"_links":{"self":[{"href":"https:\/\/diarioelpopular.com\/index.php\/wp-json\/wp\/v2\/posts\/18379","targetHints":{"allow":["GET"]}}],"collection":[{"href":"https:\/\/diarioelpopular.com\/index.php\/wp-json\/wp\/v2\/posts"}],"about":[{"href":"https:\/\/diarioelpopular.com\/index.php\/wp-json\/wp\/v2\/types\/post"}],"author":[{"embeddable":true,"href":"https:\/\/diarioelpopular.com\/index.php\/wp-json\/wp\/v2\/users\/1"}],"replies":[{"embeddable":true,"href":"https:\/\/diarioelpopular.com\/index.php\/wp-json\/wp\/v2\/comments?post=18379"}],"version-history":[{"count":0,"href":"https:\/\/diarioelpopular.com\/index.php\/wp-json\/wp\/v2\/posts\/18379\/revisions"}],"wp:featuredmedia":[{"embeddable":true,"href":"https:\/\/diarioelpopular.com\/index.php\/wp-json\/"}],"wp:attachment":[{"href":"https:\/\/diarioelpopular.com\/index.php\/wp-json\/wp\/v2\/media?parent=18379"}],"wp:term":[{"taxonomy":"category","embeddable":true,"href":"https:\/\/diarioelpopular.com\/index.php\/wp-json\/wp\/v2\/categories?post=18379"},{"taxonomy":"post_tag","embeddable":true,"href":"https:\/\/diarioelpopular.com\/index.php\/wp-json\/wp\/v2\/tags?post=18379"}],"curies":[{"name":"wp","href":"https:\/\/api.w.org\/{rel}","templated":true}]}}