{"id":184482,"date":"2012-02-03T23:16:50","date_gmt":"2012-02-04T04:16:50","guid":{"rendered":"http:\/\/diarioelpopular.com\/?p=184482"},"modified":"2012-02-03T23:16:50","modified_gmt":"2012-02-04T04:16:50","slug":"la-mortal-ola-de-frio-en-europa-no-da-tregua","status":"publish","type":"post","link":"https:\/\/diarioelpopular.com\/index.php\/2012\/02\/03\/la-mortal-ola-de-frio-en-europa-no-da-tregua\/","title":{"rendered":"La mortal ola de fr\u00edo en Europa no da tregua"},"content":{"rendered":"<div id=\"attachment_184483\" style=\"width: 710px\" class=\"wp-caption aligncenter\"><a href=\"https:\/\/diarioelpopular.com\/wp-content\/uploads\/2012\/02\/Ola-de-fr\u00edo-en-Europa-Belgrado.jpg\"><img loading=\"lazy\" decoding=\"async\" aria-describedby=\"caption-attachment-184483\" class=\"size-full wp-image-184483\" title=\"Ola de fr\u00edo en Europa, Belgrado\" src=\"https:\/\/diarioelpopular.com\/wp-content\/uploads\/2012\/02\/Ola-de-fr\u00edo-en-Europa-Belgrado.jpg\" alt=\"\" width=\"700\" height=\"420\" \/><\/a><p id=\"caption-attachment-184483\" class=\"wp-caption-text\">Un hombre quita nieve con una pala en Belgrado, Serbia, este viernes. Nevadas y bajas temperaturas est\u00e1n causando graves problemas por toda Europa. Foto: Koca Sulejmanovic \/ Efe<\/p><\/div>\n<p><em><strong>Efe. Redacci\u00f3n Internacional.-<\/strong><\/em> M\u00e1s de 200 personas, la mitad de ellas en Ucrania, han muerto a consecuencia de la ola de\u00a0fr\u00edo\u00a0polar que desde hace siete d\u00edas sacude el este de\u00a0Europa\u00a0y que este fin de semana arreciar\u00e1 en el sur del continente.<\/p>\n<p>En Ucrania, la ola de\u00a0fr\u00edo\u00a0polar ha provocado hasta ahora 101 muertos, 38 de ellos en las \u00faltimas veinticuatro horas.<\/p>\n<p>Las regiones m\u00e1s afectadas son las de la parte occidental de Ucrania, junto a la frontera con Polonia, donde los term\u00f3metros mostraban esta madrugada m\u00ednimas de 29 grados bajo cero.<\/p>\n<p>El primer ministro ucraniano, Nikol\u00e1i Az\u00e1rov, explic\u00f3 que las rigurosas heladas han obligado al pa\u00eds a incrementar su consumo de gas natural y electricidad.<\/p>\n<p>Las necesidades energ\u00e9ticas se han disparado en todo el continente y en varios pa\u00edses del centro de\u00a0Europa\u00a0ha habido problemas del suministro de gas ruso como consecuencia del fuerte aumento de la demanda.<\/p>\n<p>&#8220;Hay una reducci\u00f3n del suministro&#8221;, indic\u00f3 a Efe la empresa gas\u00edstica austr\u00edaca OMV, que fij\u00f3 esa ca\u00edda en torno al 30 %, debido a que el aumento del consumo no ha sido correspondido con un incremento paralelo de los env\u00edos desde Rusia.<\/p>\n<p>Rusia registr\u00f3 hoy 26 grados bajo cero, la temperatura diurna m\u00e1s baja de un invierno que hasta ahora ha sido inusualmente suave.<\/p>\n<p>Las autoridades de ese pa\u00eds no han ofrecido datos sobre v\u00edctimas mortales desde que comenz\u00f3 el temporal hace una semana, pero el viceministro ruso de Sanidad, Max\u00edm Topilin, indic\u00f3 que en todo el mes de enero al menos 64 personas fallecieron como consecuencia del\u00a0fr\u00edo.<\/p>\n<p>Polonia sigue siendo, despu\u00e9s de Ucrania, el pa\u00eds donde las bajas temperaturas han causado m\u00e1s estragos, con un total de 37 muertos en el transcurso de una semana, ocho de ellos tan solo durante la pasada noche.<\/p>\n<p>De nuevo la mayor\u00eda de las v\u00edctimas fueron personas sin hogar, en muchos casos con problemas de alcoholismo, seg\u00fan inform\u00f3 hoy el Ministerio del Interior.<\/p>\n<p>Se espera que las temperaturas suban ligeramente a partir de ma\u00f1ana en Polonia, donde esta madrugada el mercurio cay\u00f3 hasta los 35 grados bajo cero en el este del pa\u00eds y a menos 24 grados en Varsovia.<\/p>\n<p>En\u00a0Europa\u00a0central y los Balcanes, la ola de\u00a0fr\u00edo, tambi\u00e9n con temperaturas que han llegado hasta los 30 grados bajo cero, ha provocado la muerte hasta este viernes de m\u00e1s de 60 personas.<\/p>\n<p>El temporal mantiene a miles de personas aisladas y siguen los problemas en el tr\u00e1fico ferroviario y por carretera en toda la regi\u00f3n.<\/p>\n<p>En Ruman\u00eda, donde han muerto 24 personas, cientos de indigentes han sido trasladados a centros sociales.<\/p>\n<p>En Serbia, ha aumentado el n\u00famero de municipios en situaci\u00f3n de emergencia y m\u00e1s de 11.000 personas siguen aisladas en aldeas de monta\u00f1a de dif\u00edcil acceso.<\/p>\n<p>Seis personas murieron hoy en Bosnia, cinco en Sarajevo, la capital del pa\u00eds, y la sexta en la ciudad de Mostar.<\/p>\n<p>Seg\u00fan las autoridades sanitarias bosnias, algunos de los fallecidos murieron por el esfuerzo f\u00edsico excesivo cuando limpiaban la nieve de las calles en la capital.<\/p>\n<p>En el sur de\u00a0Europa, el temporal de\u00a0fr\u00edo\u00a0ha causado sobre todo estragos en la circulaci\u00f3n por carretera y en las v\u00edas ferroviarias.<\/p>\n<p>En Italia, el Ministerio del Interior ha recomendado no viajar si no es estrictamente necesario en las regiones del centro y sur del pa\u00eds, ya que se prev\u00e9 una nueva ola defr\u00edo\u00a0y nieve durante el fin de semana.<\/p>\n<p>La nieve incluso lleg\u00f3 a Roma, donde hac\u00eda dos a\u00f1os que no nevaba, y ahora se espera que su presencia contin\u00fae durante las pr\u00f3ximas 48 horas.<\/p>\n<p>El ayuntamiento de Mil\u00e1n (norte de Italia) inform\u00f3 ayer de la muerte por\u00a0fr\u00edo\u00a0de un hombre de unos 50 a\u00f1os, mientras que en Insernia (sur) se ha encontrado el cad\u00e1ver de un hombre en el interior de un coche que estaba cubierto de nieve.<\/p>\n<p>En Francia, la ola de\u00a0fr\u00edo\u00a0ha puesto bajo alerta a 39 departamentos, con temperaturas de hasta 14 grados bajo cero, en un invierno que, como en el resto de\u00a0Europaoccidental, hasta ahora se hab\u00eda mostrado particularmente clemente.<\/p>\n<p>La ola de\u00a0fr\u00edo\u00a0siberiano y las nevadas han arreciado tambi\u00e9n en Espa\u00f1a y, as\u00ed, en el Pirineo de L\u00e9rida los term\u00f3metros se desplomaron hasta los 20,7 grados negativos.<\/p>\n<p>La predicciones meteorol\u00f3gicas apuntan a que la alerta de\u00a0fr\u00edo\u00a0en Espa\u00f1a se mantendr\u00e1 hasta el domingo, con temperaturas que no subir\u00e1n de los 5 grados y caer\u00e1n hasta 13 bajo cero en las zonas de alta monta\u00f1a.<\/p>\n","protected":false},"excerpt":{"rendered":"<p>M\u00e1s de 200 personas, la mitad de ellas en Ucrania, han muerto a consecuencia de la ola de fr\u00edo polar que desde hace siete d\u00edas sacude el este de Europa y que este fin de semana arreciar\u00e1 en el sur del continente.<\/p>\n","protected":false},"author":1,"featured_media":184483,"comment_status":"closed","ping_status":"open","sticky":false,"template":"","format":"standard","meta":{"footnotes":""},"categories":[24],"tags":[379,154,1342],"class_list":["post-184482","post","type-post","status-publish","format-standard","has-post-thumbnail","hentry","category-mundo","tag-europa","tag-frio","tag-ucrania"],"_links":{"self":[{"href":"https:\/\/diarioelpopular.com\/index.php\/wp-json\/wp\/v2\/posts\/184482","targetHints":{"allow":["GET"]}}],"collection":[{"href":"https:\/\/diarioelpopular.com\/index.php\/wp-json\/wp\/v2\/posts"}],"about":[{"href":"https:\/\/diarioelpopular.com\/index.php\/wp-json\/wp\/v2\/types\/post"}],"author":[{"embeddable":true,"href":"https:\/\/diarioelpopular.com\/index.php\/wp-json\/wp\/v2\/users\/1"}],"replies":[{"embeddable":true,"href":"https:\/\/diarioelpopular.com\/index.php\/wp-json\/wp\/v2\/comments?post=184482"}],"version-history":[{"count":0,"href":"https:\/\/diarioelpopular.com\/index.php\/wp-json\/wp\/v2\/posts\/184482\/revisions"}],"wp:featuredmedia":[{"embeddable":true,"href":"https:\/\/diarioelpopular.com\/index.php\/wp-json\/"}],"wp:attachment":[{"href":"https:\/\/diarioelpopular.com\/index.php\/wp-json\/wp\/v2\/media?parent=184482"}],"wp:term":[{"taxonomy":"category","embeddable":true,"href":"https:\/\/diarioelpopular.com\/index.php\/wp-json\/wp\/v2\/categories?post=184482"},{"taxonomy":"post_tag","embeddable":true,"href":"https:\/\/diarioelpopular.com\/index.php\/wp-json\/wp\/v2\/tags?post=184482"}],"curies":[{"name":"wp","href":"https:\/\/api.w.org\/{rel}","templated":true}]}}