{"id":18491,"date":"2011-11-17T21:53:18","date_gmt":"2011-11-18T02:53:18","guid":{"rendered":"http:\/\/diarioelpopular.com\/?p=18491"},"modified":"2011-11-17T21:53:18","modified_gmt":"2011-11-18T02:53:18","slug":"el-cine-de-la-union-europea-desembarca-en-toronto","status":"publish","type":"post","link":"https:\/\/diarioelpopular.com\/index.php\/2011\/11\/17\/el-cine-de-la-union-europea-desembarca-en-toronto\/","title":{"rendered":"El cine de la Uni\u00f3n Europea desembarca en Toronto"},"content":{"rendered":"<div id=\"attachment_18497\" style=\"width: 710px\" class=\"wp-caption aligncenter\"><a href=\"https:\/\/diarioelpopular.com\/wp-content\/uploads\/2011\/11\/Azuloscurocasinegro.jpg\"><img loading=\"lazy\" decoding=\"async\" aria-describedby=\"caption-attachment-18497\" class=\"size-full wp-image-18497\" title=\"Azuloscurocasinegro\" src=\"https:\/\/diarioelpopular.com\/wp-content\/uploads\/2011\/11\/Azuloscurocasinegro.jpg\" alt=\"\" width=\"700\" height=\"420\" \/><\/a><p id=\"caption-attachment-18497\" class=\"wp-caption-text\">Un fotograma del film espa\u00f1ol &quot;Azuloscurocasinegro&quot;<\/p><\/div>\n<p><em><strong>Efe. Toronto.-<\/strong><\/em> Este jueves se inici\u00f3 en Toronto la s\u00e9ptima edici\u00f3n del <a href=\"http:\/\/www.eutorontofilmfest.ca\/\" target=\"_blank\">Festival de Cine de la Uni\u00f3n Europea<\/a>, durante el que se presentar\u00e1n 24 largometrajes de otros tantos pa\u00edses de la UE, incluido el film espa\u00f1ol &#8220;Azuloscurocasinegro&#8221;.<\/p>\n<p>El film, que fue el debut del director Daniel S\u00e1nchez Ar\u00e9valo, obtuvo en Espa\u00f1a en 2006 tres premios Goya (mejor director novel, mejor actor secundario y mejor actor novel), y narra el drama de un joven (interpretado por Quim Guti\u00e9rrez) con un padre gravemente enfermo y un hermano en prisi\u00f3n.<\/p>\n<p>Otras destacadas pel\u00edculas programadas durante las dos semanas que dura el festival son la austr\u00edaca &#8220;Atmen&#8221;, de Karl Markovics, y que gan\u00f3 el premio al mejor film europeo en la edici\u00f3n de este a\u00f1o de Cannes, la b\u00falgara &#8220;Tilt&#8221; y la portuguesa &#8220;O Mist\u00e9rio da Estrada de Sintra&#8221;.<\/p>\n<p>El c\u00f3nsul general de Espa\u00f1a en Toronto, Francisco Pascual de la Parte, dijo a Efe que con la proyecci\u00f3n de &#8220;Azuloscurocasinegro&#8221; se espera mantener la &#8220;excelente&#8221; respuesta del p\u00fablico canadiense a los filmes espa\u00f1oles como en pasadas ediciones.<\/p>\n<p>&#8220;Las pel\u00edculas con las que ha contribuido Espa\u00f1a cada a\u00f1o son un gran \u00e9xito. Por ejemplo, la proyecci\u00f3n el a\u00f1o pasado de &#8216;H\u00e9ctor&#8217; (de la directora Gracia Querejeta) fue respondida por un cine abarrotado con una gran ovaci\u00f3n y el p\u00fablico levantado&#8221;, afirm\u00f3 Pascual de la Parte.<\/p>\n<p>El c\u00f3nsul espa\u00f1ol tambi\u00e9n destac\u00f3 que &#8220;la proyecci\u00f3n de nuestras pel\u00edculas aqu\u00ed suele suscitar un mayor inter\u00e9s por conocer nuestro pa\u00eds y, consiguientemente, produce un inmediato incremento del n\u00famero de visitantes canadienses en Espa\u00f1a&#8221;.<\/p>\n<p>En s\u00f3lo seis a\u00f1os, el Festival de Cine de la Uni\u00f3n Europea de Toronto se ha convertido en una de las muestras cl\u00e1sicas de la ciudad canadiense que popularmente se denomina &#8220;el Hollywood del Norte&#8221; por la gran cantidad de pel\u00edculas que produce y el n\u00famero de festivales de cine que acoge.<\/p>\n<p>Una de las caracter\u00edsticas del festival europeo es que es gratuito y est\u00e1 organizado de forma coordinada por los consulados generales de la Uni\u00f3n Europea en Toronto.<\/p>\n","protected":false},"excerpt":{"rendered":"<p>Este jueves se inici\u00f3 en Toronto la s\u00e9ptima edici\u00f3n del Festival de Cine de la Uni\u00f3n Europea, durante el que se presentar\u00e1n 24 largometrajes de otros tantos pa\u00edses de la UE, incluido el film espa\u00f1ol &#8220;Azuloscurocasinegro&#8221;.<\/p>\n","protected":false},"author":1,"featured_media":18497,"comment_status":"closed","ping_status":"open","sticky":false,"template":"","format":"standard","meta":{"footnotes":""},"categories":[80],"tags":[8713,8714,22],"class_list":["post-18491","post","type-post","status-publish","format-standard","has-post-thumbnail","hentry","category-cine-2","tag-azuloscurocasinegro","tag-festival-de-cine-de-la-union-europea","tag-toronto"],"_links":{"self":[{"href":"https:\/\/diarioelpopular.com\/index.php\/wp-json\/wp\/v2\/posts\/18491","targetHints":{"allow":["GET"]}}],"collection":[{"href":"https:\/\/diarioelpopular.com\/index.php\/wp-json\/wp\/v2\/posts"}],"about":[{"href":"https:\/\/diarioelpopular.com\/index.php\/wp-json\/wp\/v2\/types\/post"}],"author":[{"embeddable":true,"href":"https:\/\/diarioelpopular.com\/index.php\/wp-json\/wp\/v2\/users\/1"}],"replies":[{"embeddable":true,"href":"https:\/\/diarioelpopular.com\/index.php\/wp-json\/wp\/v2\/comments?post=18491"}],"version-history":[{"count":0,"href":"https:\/\/diarioelpopular.com\/index.php\/wp-json\/wp\/v2\/posts\/18491\/revisions"}],"wp:featuredmedia":[{"embeddable":true,"href":"https:\/\/diarioelpopular.com\/index.php\/wp-json\/"}],"wp:attachment":[{"href":"https:\/\/diarioelpopular.com\/index.php\/wp-json\/wp\/v2\/media?parent=18491"}],"wp:term":[{"taxonomy":"category","embeddable":true,"href":"https:\/\/diarioelpopular.com\/index.php\/wp-json\/wp\/v2\/categories?post=18491"},{"taxonomy":"post_tag","embeddable":true,"href":"https:\/\/diarioelpopular.com\/index.php\/wp-json\/wp\/v2\/tags?post=18491"}],"curies":[{"name":"wp","href":"https:\/\/api.w.org\/{rel}","templated":true}]}}