{"id":18514,"date":"2011-11-17T21:28:35","date_gmt":"2011-11-18T02:28:35","guid":{"rendered":"http:\/\/diarioelpopular.com\/?p=18514"},"modified":"2011-11-17T21:28:35","modified_gmt":"2011-11-18T02:28:35","slug":"acusan-a-un-joven-hispano-de-intentar-asesinar-a-obama","status":"publish","type":"post","link":"https:\/\/diarioelpopular.com\/index.php\/2011\/11\/17\/acusan-a-un-joven-hispano-de-intentar-asesinar-a-obama\/","title":{"rendered":"Acusan a un joven hispano de intentar asesinar a Obama"},"content":{"rendered":"<div id=\"attachment_18515\" style=\"width: 710px\" class=\"wp-caption aligncenter\"><a href=\"https:\/\/diarioelpopular.com\/wp-content\/uploads\/2011\/11\/%C3%93scar-Ramiro-Ortega-Hern%C3%A1ndez.jpg\"><img loading=\"lazy\" decoding=\"async\" aria-describedby=\"caption-attachment-18515\" class=\"size-full wp-image-18515\" title=\"\u00d3scar Ramiro Ortega-Hern\u00e1ndez\" src=\"https:\/\/diarioelpopular.com\/wp-content\/uploads\/2011\/11\/%C3%93scar-Ramiro-Ortega-Hern%C3%A1ndez.jpg\" alt=\"\" width=\"700\" height=\"420\" \/><\/a><p id=\"caption-attachment-18515\" class=\"wp-caption-text\">Fotograf\u00eda sin fechar distribuida por la Polic\u00eda de Parques de Estados Unidos (U.S. Park Police) que muestra al joven hispano \u00d3scar Ramiro Ortega-Hern\u00e1ndez, de 21 a\u00f1os, quien fue detenido cerca de la ciudad de Indiana (Pensilvania), en relaci\u00f3n con los disparos que varios testigos escucharon el viernes en el centro Washington. El servicio secreto estadounidense confirm\u00f3 que hab\u00eda un impacto de bala en una ventana de la Casa Blanca e investig\u00f3 la posible conexi\u00f3n de Ortega-Hern\u00e1ndez con los disparos registrados el viernes cerca de la mansi\u00f3n presidencial. Foto: Polic\u00eda de Parques de Estados Unidos \/ Efe<\/p><\/div>\n<p><em><strong>Efe. Washington.-<\/strong><\/em> El joven de origen hispano detenido por disparar presuntamente contra la Casa Blanca fue acusado este jueves de un cargo de intento de asesinato contra el presidente estadounidense, Barack Obama, o sus empleados.<\/p>\n<p>El cargo contra\u00a0\u00d3scar\u00a0Ramiro\u00a0Ortega-Hern\u00e1ndez\u00a0fue anunciado por un magistrado federal durante una audiencia en Pittsburgh (Pensilvania), inform\u00f3 el diario Pittsburgh Post-Gazette.<\/p>\n<p>El acusado, que se encuentra bajo custodia del servicio secreto estadounidense, ser\u00e1 trasladado en los pr\u00f3ximos d\u00edas a la capital, Washington, para ser juzgado por ese cargo en un tribunal federal.<\/p>\n<p>De ser declarado culpable, se enfrenta a una pena m\u00e1xima de cadena perpetua.<\/p>\n<p>Ortega-Hern\u00e1ndez, de 21 a\u00f1os, fue detenido el mi\u00e9rcoles en un hotel cercano a Indiana, localidad cercana a Pittsburgh, despu\u00e9s de una fren\u00e9tica b\u00fasqueda de las autoridades federales, que le identificaron como sospechoso de disparar cerca de la Casa Blanca el pasado viernes.<\/p>\n<p>Poco despu\u00e9s del suceso, las autoridades encontraron a unas calles de distancia un veh\u00edculo abandonado con un rifle de asalto AK-47, registrado a nombre del detenido.<\/p>\n<p>Nadie result\u00f3 herido por los disparos, pero el Servicio Secreto hall\u00f3 el martes dos balas, una cerca de las ventanas de la fachada sur de la mansi\u00f3n presidencial y otra en el exterior del recinto.<\/p>\n<p>Una de las balas impact\u00f3 en una ventana ubicada en el centro de la vivienda familiar y enfrente del Despacho Oval, pero fue detenida por el cristal blindado.<\/p>\n<p>No obstante, el Servicio Secreto no lleg\u00f3 a temer por la seguridad del presidente, que el viernes se encontraba junto con la primera dama, Michelle Obama, en Hawai, con motivo de la cumbre de los pa\u00edses del Foro de Cooperaci\u00f3n Econ\u00f3mica Asia-Pac\u00edfico (APEC).<\/p>\n<p>Aunque a\u00fan no se ha publicado el informe de bal\u00edstica que relacione las balas halladas con el rifle de\u00a0Ortega-Hern\u00e1ndez, el cargo presentado apunta a que las autoridades creen que el ataque del joven est\u00e1 conectado con el hallazgo de los proyectiles. Hasta el momento los dos sucesos eran considerados independientes.<\/p>\n<p>El joven acusado actu\u00f3 al parecer movido por su &#8220;odio al presidente, a Washington y a la sociedad&#8221;, dijo un funcionario policial al diario Washington Post.<\/p>\n<p>Ortega-Hern\u00e1ndez\u00a0lleg\u00f3 a referirse a Obama como el &#8220;Anticristo&#8221;, en una conversaci\u00f3n que mantuvo supuestamente en julio con el empresario Monte McCall, cuyo testimonio recoge hoy la prensa local de Idaho Falls (en el estado de Idaho), donde resid\u00eda el joven.<\/p>\n<p>El sospechoso, que ya ha tenido problemas con la ley en varios estados, se hab\u00eda mudado a Washington hace apenas unas semanas, sin informar a su familia, que lo hab\u00eda dado por desaparecido ante las autoridades el 31 de octubre.<\/p>\n<p>Las autoridades no han especificado la nacionalidad de\u00a0Ortega-Hern\u00e1ndez, aunque s\u00ed su origen hispano, sus lazos con Idaho y una descripci\u00f3n f\u00edsica que le define como un hombre moreno, de ojos marrones, con una espesa barba y m\u00faltiples tatuajes, entre los que destaca el que reza &#8220;Israel&#8221; en el lado izquierdo de su cuello.<\/p>\n","protected":false},"excerpt":{"rendered":"<p>El joven de origen hispano detenido por disparar presuntamente contra la Casa Blanca fue acusado este jueves de un cargo de intento de asesinato contra el presidente estadounidense, Barack Obama, o sus empleados.<\/p>\n","protected":false},"author":1,"featured_media":18515,"comment_status":"closed","ping_status":"open","sticky":false,"template":"","format":"standard","meta":{"footnotes":""},"categories":[24],"tags":[700,3579,123,8717],"class_list":["post-18514","post","type-post","status-publish","format-standard","has-post-thumbnail","hentry","category-mundo","tag-casa-blanca","tag-hispano","tag-obama","tag-oscar-ramiro-ortega-hernandez"],"_links":{"self":[{"href":"https:\/\/diarioelpopular.com\/index.php\/wp-json\/wp\/v2\/posts\/18514","targetHints":{"allow":["GET"]}}],"collection":[{"href":"https:\/\/diarioelpopular.com\/index.php\/wp-json\/wp\/v2\/posts"}],"about":[{"href":"https:\/\/diarioelpopular.com\/index.php\/wp-json\/wp\/v2\/types\/post"}],"author":[{"embeddable":true,"href":"https:\/\/diarioelpopular.com\/index.php\/wp-json\/wp\/v2\/users\/1"}],"replies":[{"embeddable":true,"href":"https:\/\/diarioelpopular.com\/index.php\/wp-json\/wp\/v2\/comments?post=18514"}],"version-history":[{"count":0,"href":"https:\/\/diarioelpopular.com\/index.php\/wp-json\/wp\/v2\/posts\/18514\/revisions"}],"wp:featuredmedia":[{"embeddable":true,"href":"https:\/\/diarioelpopular.com\/index.php\/wp-json\/"}],"wp:attachment":[{"href":"https:\/\/diarioelpopular.com\/index.php\/wp-json\/wp\/v2\/media?parent=18514"}],"wp:term":[{"taxonomy":"category","embeddable":true,"href":"https:\/\/diarioelpopular.com\/index.php\/wp-json\/wp\/v2\/categories?post=18514"},{"taxonomy":"post_tag","embeddable":true,"href":"https:\/\/diarioelpopular.com\/index.php\/wp-json\/wp\/v2\/tags?post=18514"}],"curies":[{"name":"wp","href":"https:\/\/api.w.org\/{rel}","templated":true}]}}