{"id":18587,"date":"2011-11-19T12:16:14","date_gmt":"2011-11-19T17:16:14","guid":{"rendered":"http:\/\/diarioelpopular.com\/?p=18587"},"modified":"2011-11-19T12:16:14","modified_gmt":"2011-11-19T17:16:14","slug":"libia-promete-un-juicio-justo-tras-detener-a-saif-al-islam","status":"publish","type":"post","link":"https:\/\/diarioelpopular.com\/index.php\/2011\/11\/19\/libia-promete-un-juicio-justo-tras-detener-a-saif-al-islam\/","title":{"rendered":"Libia promete un juicio justo tras detener a Saif al Islam"},"content":{"rendered":"<div id=\"attachment_18600\" style=\"width: 710px\" class=\"wp-caption aligncenter\"><a href=\"https:\/\/diarioelpopular.com\/wp-content\/uploads\/2011\/11\/Saif-al-Islam-detenido.jpg\"><img loading=\"lazy\" decoding=\"async\" aria-describedby=\"caption-attachment-18600\" class=\"size-full wp-image-18600\" title=\"Saif al Islam, detenido\" src=\"https:\/\/diarioelpopular.com\/wp-content\/uploads\/2011\/11\/Saif-al-Islam-detenido.jpg\" alt=\"\" width=\"700\" height=\"420\" \/><\/a><p id=\"caption-attachment-18600\" class=\"wp-caption-text\">Saif al Islam, uno de los hijos de Muammar al Gadafi, tras haber sido capturado por las autoridades libias<\/p><\/div>\n<p><em><strong>Muhamed al Seguir. Zintan (Libia).-<\/strong><\/em> La detenci\u00f3n este s\u00e1bado de <a href=\"https:\/\/diarioelpopular.com\/2011\/11\/saif-al-islam-el-dedo-acusador-del-regimen-de-gadafi\/\">Saif al\u00a0Islam<\/a>, el \u00fanico hijo del difunto dictador Muamar al Gadafi que segu\u00eda en Libia, pone fin al ep\u00edlogo de un r\u00e9gimen que se derrumb\u00f3 en agosto con la ca\u00edda de Tr\u00edpoli y que se desvaneci\u00f3 dos meses despu\u00e9s, con la muerte de Gadafi y la p\u00e9rdida del \u00faltimo basti\u00f3n, Sirte.<\/p>\n<p>&#8220;A pesar de que figura como uno de los s\u00edmbolos del viejo r\u00e9gimen, ser\u00e1 tratado como un prisionero de guerra conforme a las leyes internacionales&#8221;, declar\u00f3 a Efe el primer ministro interino Abderrahim al Kib, poco despu\u00e9s del anuncio de su detenci\u00f3n.<\/p>\n<p>Al Kib, que se traslad\u00f3 a Zintan, donde fue trasladado Al\u00a0Islam\u00a0tras su captura, para realizar el anuncio oficial de la detenci\u00f3n, asegur\u00f3 que hoy es &#8220;un momento hist\u00f3rico&#8221; y que tras su detenci\u00f3n Libia comienza la construcci\u00f3n de &#8220;un estado levantado sobre la libertad, la ley, la justicia y la transparencia&#8221;.<\/p>\n<p>&#8220;Saif y los que est\u00e1n con \u00e9l ser\u00e1n juzgados de una manera justa que garantizar\u00e1 los derechos legales y los acuerdos internacionales, esos derechos de los que durante 42 a\u00f1os ha estado privado el pueblo libio&#8221;, asegur\u00f3 en una breve ceremonia interrumpida por aplausos y alabanzas a Dios.<\/p>\n<p>Seg\u00fan el relato de Bashir al Talib, jefe del consejo militar de Zintan, situado a 150 kil\u00f3metros al sur de Tripoli, Al\u00a0Islam\u00a0se encuentra en buen estado de salud, una informaci\u00f3n que confirm\u00f3 a Efe el ministro de Justicia del Consejo Nacional de Transici\u00f3n libio (CNT), Mohamed al Alagui, y que corroboraron varias im\u00e1genes difundidas posteriormente.<\/p>\n<p>La primera prueba gr\u00e1fica de su detenci\u00f3n, aparecida en el canal libio Libiya, le mostraba reclinado sobre una cama con tres dedos de la mano vendados. Una herida que seg\u00fan el jefe del consejo militar de Tr\u00edpoli, Abdelhakim Belhach, ten\u00eda antes de ser detenido.<\/p>\n<p>Posteriormente, el canal catar\u00ed Al Yazira retransmit\u00eda unas im\u00e1genes en el avi\u00f3n que lo trasladaba del lugar donde hab\u00eda sido detenido hasta Zintan, de donde proven\u00eda la brigada de milicianos que lo detuvo.<\/p>\n<p>Aparec\u00eda ataviado con las vestimentas t\u00edpicas de los tuareg, con una t\u00fanica y un turbante color beis.<\/p>\n<p>Saif al\u00a0Islam, que durante el levantamiento popular que estall\u00f3 el 17 de febrero se convirti\u00f3 en el portavoz del r\u00e9gimen, fue detenido sin ofrecer resistencia a unos 50 kil\u00f3metros de Obari, una localidad situada a unos 800 kil\u00f3metros al sur de Tr\u00edpoli.<\/p>\n<p>Se encontraba junto a tres acompa\u00f1antes cuando una brigada rebelde &#8220;Abu Bakr al Sedik&#8221;, nombre del primer califa del\u00a0islam, lo detuvo.<\/p>\n<p>Sobre su procesamiento, Abdelhakim Belhach, quiso subrayar que la justicia libia &#8220;tendr\u00e1 algo que decir&#8221;, en relaci\u00f3n a la orden de b\u00fasqueda internacional que pesa sobre Al\u00a0Islam.<\/p>\n<p>La fiscal\u00eda general de la Corte Penal Internacional (CPI), ya ha contactado con las autoridades libias para asegurarse de que cualquier procedimiento &#8220;sea acorde con la ley&#8221;, seg\u00fan Florence Olara, portavoz del fiscal general del tribunal.<\/p>\n<p>El pasado d\u00eda 9, el fiscal general de la CPI, Luis Moreno Ocampo, precis\u00f3 que si las autoridades libias &#8220;abrieran una investigaci\u00f3n contra Saif al\u00a0Islam\u00a0por los mismos cr\u00edmenes&#8221; de los que le acusa la CPI, la \u00faltima palabra sobre d\u00f3nde juzgarle la tendr\u00eda La Corte.<\/p>\n<p>Sea juzgado en Libia, como han sugerido las autoridades libias o en La Haya, la detenci\u00f3n de Al\u00a0Islam\u00a0pone fin al ep\u00edlogo de un r\u00e9gimen que comenz\u00f3 a levantar a su imagen y semejanza Muamar el Gadafi tras un golpe de Estado en 1969.<\/p>\n<p>Un r\u00e9gimen cuyo fin comenz\u00f3 con el levantamiento popular del pasado 17 de febrero que se hizo fuerte en el este del pa\u00eds y, con la ayuda de la OTAN, que impuso una zona de exclusi\u00f3n a\u00e9rea, fue ganando terreno a las fuerzas de un r\u00e9gimen que nunca dio su brazo a torcer.<\/p>\n<p>En su retroceso, los miembros del todopoderoso clan Gadafi fueron cayendo en el camino o abandonando el pa\u00eds.<\/p>\n<p>Saif al Arab, hijo de Gadafi, muri\u00f3 el 20 de abril en un bombardeo de la Otan contra el complejo residencial de Gadafi en Tr\u00edpoli. El 29 de julio, tres hijos del dictador, Mohamed, Aisha y Hanibal y su segunda esposa, Saf\u00eda, encontraban refugio en Argelia que los acog\u00eda por &#8220;razones humanitarias&#8221;.<\/p>\n<p>Un mes despu\u00e9s, otro hijo de Gadafi, Jamis, encargado de reprimir la sublevaci\u00f3n, mor\u00eda en unos combates en Tarhuna, a uno 90 kil\u00f3metros al sur de Tr\u00edpoli.<\/p>\n<p>En el mes de septiembre Saadi, jugador de f\u00fatbol profesional, hu\u00eda a Niger, y finalmente, el 20 de octubre, pocas horas despu\u00e9s de que se anunciara la ca\u00edda del \u00faltimo basti\u00f3n gadafista, Sirte, Gadafi y su hijo Mutasim eran detenidos, torturados y muy posiblemente asesinados por los rebeldes.<\/p>\n<p>S\u00f3lo quedaba Saif al\u00a0Islam, que seg\u00fan las autoridades del CNT, concentradas ahora en nombrar un gobierno transitorio, no entra\u00f1aba ya ning\u00fan peligro para la nueva Libia.<\/p>\n","protected":false},"excerpt":{"rendered":"<p>La detenci\u00f3n este s\u00e1bado de Saif al Islam, el \u00fanico hijo del difunto dictador Muammar al Gadafi que segu\u00eda en Libia, pone fin al ep\u00edlogo del r\u00e9gimen. Al Islam &#8220;ser\u00e1 tratado como un prisionero de guerra conforme a las leyes internacionales&#8221;.<br \/>\n<a href=\"http:\/\/diarioelpopular.com\/2011\/11\/saif-al-islam-el-dedo-acusador-del-regimen-de-gadafi\/\"><span style=\"color: #000D54\"><strong>\u00bb PERFIL:<\/strong> El dedo acusador del r\u00e9gimen de Gadafi<\/span><\/a><br \/>\n<a title=\"ESPECIAL: La ca\u00edda de Gadafi\" rel=\"bookmark\" href=\"http:\/\/diarioelpopular.com\/category\/la-caida-de-gadafi\/\"><span style=\"color: #000D54\"><strong>\u00bb ESPECIAL: La ca\u00edda de Gadafi<\/strong><\/span><\/a><\/p>\n","protected":false},"author":1,"featured_media":18600,"comment_status":"closed","ping_status":"open","sticky":false,"template":"","format":"standard","meta":{"footnotes":""},"categories":[24],"tags":[6196,2676,8732],"class_list":["post-18587","post","type-post","status-publish","format-standard","has-post-thumbnail","hentry","category-mundo","tag-gadafi","tag-libia","tag-saif-al-islam"],"_links":{"self":[{"href":"https:\/\/diarioelpopular.com\/index.php\/wp-json\/wp\/v2\/posts\/18587","targetHints":{"allow":["GET"]}}],"collection":[{"href":"https:\/\/diarioelpopular.com\/index.php\/wp-json\/wp\/v2\/posts"}],"about":[{"href":"https:\/\/diarioelpopular.com\/index.php\/wp-json\/wp\/v2\/types\/post"}],"author":[{"embeddable":true,"href":"https:\/\/diarioelpopular.com\/index.php\/wp-json\/wp\/v2\/users\/1"}],"replies":[{"embeddable":true,"href":"https:\/\/diarioelpopular.com\/index.php\/wp-json\/wp\/v2\/comments?post=18587"}],"version-history":[{"count":0,"href":"https:\/\/diarioelpopular.com\/index.php\/wp-json\/wp\/v2\/posts\/18587\/revisions"}],"wp:featuredmedia":[{"embeddable":true,"href":"https:\/\/diarioelpopular.com\/index.php\/wp-json\/"}],"wp:attachment":[{"href":"https:\/\/diarioelpopular.com\/index.php\/wp-json\/wp\/v2\/media?parent=18587"}],"wp:term":[{"taxonomy":"category","embeddable":true,"href":"https:\/\/diarioelpopular.com\/index.php\/wp-json\/wp\/v2\/categories?post=18587"},{"taxonomy":"post_tag","embeddable":true,"href":"https:\/\/diarioelpopular.com\/index.php\/wp-json\/wp\/v2\/tags?post=18587"}],"curies":[{"name":"wp","href":"https:\/\/api.w.org\/{rel}","templated":true}]}}