{"id":186105,"date":"2012-02-03T23:58:24","date_gmt":"2012-02-04T04:58:24","guid":{"rendered":"http:\/\/diarioelpopular.com\/?p=186105"},"modified":"2012-02-03T23:58:24","modified_gmt":"2012-02-04T04:58:24","slug":"acuchillan-en-la-cara-a-la-activista-mexicana-norma-andrade","status":"publish","type":"post","link":"https:\/\/diarioelpopular.com\/index.php\/2012\/02\/03\/acuchillan-en-la-cara-a-la-activista-mexicana-norma-andrade\/","title":{"rendered":"Acuchillan en la cara a la activista mexicana Norma Andrade"},"content":{"rendered":"<div id=\"attachment_20108\" style=\"width: 710px\" class=\"wp-caption aligncenter\"><a href=\"https:\/\/diarioelpopular.com\/wp-content\/uploads\/2011\/12\/Norma-Andrade.jpg\"><img loading=\"lazy\" decoding=\"async\" aria-describedby=\"caption-attachment-20108\" class=\"size-full wp-image-20108\" title=\"Norma Andrade\" src=\"https:\/\/diarioelpopular.com\/wp-content\/uploads\/2011\/12\/Norma-Andrade.jpg\" alt=\"\" width=\"700\" height=\"420\" \/><\/a><p id=\"caption-attachment-20108\" class=\"wp-caption-text\">Norma Andrade, en una imagen de archivo<\/p><\/div>\n<p><em><strong>Efe. Ciudad de M\u00e9xico.-<\/strong><\/em> Un hombre armado con un cuchillo atac\u00f3 este viernes en Ciudad de M\u00e9xico a la activista mexicana por los derechos humanos Norma\u00a0Andrade, quien se encuentra hospitalizada con una herida en el rostro, informaron fuentes oficiales.<\/p>\n<p>Un portavoz de la Procuradur\u00eda General de la capital mexicana dijo a Efe que un desconocido atac\u00f3 este viernes a\u00a0Andrade\u00a0con un cuchillo cuando iba a dejar a su nieta al colegio, hacia las 8.00 hora local (14.00 GMT), y aclar\u00f3 que est\u00e1 recibiendo tratamiento en un hospital por una herida de cinco cent\u00edmetros en la mejilla.<\/p>\n<p>La agresi\u00f3n se produjo dos meses despu\u00e9s de que la activista, fundadora del grupo &#8220;Nuestras hijas de regreso a casa&#8221;, <a href=\"https:\/\/diarioelpopular.com\/2011\/12\/atacan-a-tiros-a-la-lider-feminista-norma-andrade-en-ciudad-juarez\/\">recibiera cinco disparos en un ataque perpetrado por un sujeto en Ciudad Ju\u00e1rez<\/a>, en la frontera con Estados Unidos.<\/p>\n<p>La misma fuente dijo que\u00a0Andrade\u00a0desconoce los motivos de la agresi\u00f3n o la identidad del atacante. La activista estaba declarando ante la polic\u00eda en el centro m\u00e9dico de esta capital en el que est\u00e1 siendo atendida.<\/p>\n<p>Por la noche, el Gobierno mexicano conden\u00f3 &#8220;en\u00e9rgicamente las agresiones en las que result\u00f3 herida Norma\u00a0Andrade&#8221;, y reiter\u00f3 &#8220;su compromiso de protecci\u00f3n a las y los defensores de derechos humanos&#8221;, de acuerdo con un comunicado de la Secretar\u00eda de Gobernaci\u00f3n.<\/p>\n<p>A\u00f1adi\u00f3 que a solicitud de la Comisi\u00f3n Nacional de Derechos Humanos, la Secretar\u00eda de Gobernaci\u00f3n &#8220;ha activado los procedimientos correspondientes para brindarle la debida protecci\u00f3n&#8221; a la activista y a su familia en coordinaci\u00f3n con el Gobierno de Ciudad de M\u00e9xico.<\/p>\n<p>Andrade, que ha sido amenazada de muerte por grupos de narcotraficantes, se traslad\u00f3 a la capital mexicana despu\u00e9s del atentado que sufri\u00f3 el 2 de diciembre en Ciudad Ju\u00e1rez, que le caus\u00f3 heridas en el hombro izquierdo y en la mano derecha.<\/p>\n<p>Ante este nuevo ataque, la secci\u00f3n mexicana de Amnist\u00eda Internacional consider\u00f3 que la activista est\u00e1 &#8220;en inminente peligro&#8221; y llam\u00f3 a las autoridades mexicanas a cumplir su deber de ofrecerle una efectiva protecci\u00f3n que incluya el hospital donde se encuentra.<\/p>\n<p>El organismo record\u00f3 que desde 2008 la Comisi\u00f3n Interamericana de Derechos Humanos solicit\u00f3 medidas de protecci\u00f3n para cuatro integrantes de &#8220;Nuestras Hijas de Regreso a Casa&#8221;, que obligan a las autoridades mexicanas a garantizar su seguridad.<\/p>\n<p>En los \u00faltimos dos a\u00f1os cinco activistas de derechos humanos han sido asesinados por el crimen organizado y otros doce han abandonado el pa\u00eds, seg\u00fan la Comisi\u00f3n Estatal de Derechos Humanos de Chihuahua.<\/p>\n<p>El caso m\u00e1s reciente es el de Susana Ch\u00e1vez, poeta y activista, creadora del lema &#8220;Ni Una M\u00e1s&#8221; para protestar contra los asesinatos de mujeres en Ciudad Ju\u00e1rez, m\u00e1s de medio millar desde 1993, la gran mayor\u00eda impunes.<\/p>\n<p>Ch\u00e1vez fue violada, asesinada y mutilada el 11 de enero del 2011 por tres personas, entre ellos un menor.<\/p>\n","protected":false},"excerpt":{"rendered":"<p>Un hombre armado con un cuchillo atac\u00f3 este viernes en Ciudad de M\u00e9xico a la activista mexicana por los derechos humanos Norma Andrade, quien se encuentra hospitalizada con una herida en el rostro, informaron fuentes oficiales.<\/p>\n","protected":false},"author":1,"featured_media":20108,"comment_status":"closed","ping_status":"open","sticky":false,"template":"","format":"standard","meta":{"footnotes":""},"categories":[23],"tags":[1412,167,1413],"class_list":["post-186105","post","type-post","status-publish","format-standard","has-post-thumbnail","hentry","category-latinoamerica","tag-agresion","tag-mexico","tag-norma-andrade"],"_links":{"self":[{"href":"https:\/\/diarioelpopular.com\/index.php\/wp-json\/wp\/v2\/posts\/186105","targetHints":{"allow":["GET"]}}],"collection":[{"href":"https:\/\/diarioelpopular.com\/index.php\/wp-json\/wp\/v2\/posts"}],"about":[{"href":"https:\/\/diarioelpopular.com\/index.php\/wp-json\/wp\/v2\/types\/post"}],"author":[{"embeddable":true,"href":"https:\/\/diarioelpopular.com\/index.php\/wp-json\/wp\/v2\/users\/1"}],"replies":[{"embeddable":true,"href":"https:\/\/diarioelpopular.com\/index.php\/wp-json\/wp\/v2\/comments?post=186105"}],"version-history":[{"count":0,"href":"https:\/\/diarioelpopular.com\/index.php\/wp-json\/wp\/v2\/posts\/186105\/revisions"}],"wp:featuredmedia":[{"embeddable":true,"href":"https:\/\/diarioelpopular.com\/index.php\/wp-json\/"}],"wp:attachment":[{"href":"https:\/\/diarioelpopular.com\/index.php\/wp-json\/wp\/v2\/media?parent=186105"}],"wp:term":[{"taxonomy":"category","embeddable":true,"href":"https:\/\/diarioelpopular.com\/index.php\/wp-json\/wp\/v2\/categories?post=186105"},{"taxonomy":"post_tag","embeddable":true,"href":"https:\/\/diarioelpopular.com\/index.php\/wp-json\/wp\/v2\/tags?post=186105"}],"curies":[{"name":"wp","href":"https:\/\/api.w.org\/{rel}","templated":true}]}}