{"id":18627,"date":"2011-11-20T18:30:09","date_gmt":"2011-11-20T23:30:09","guid":{"rendered":"http:\/\/diarioelpopular.com\/?p=18627"},"modified":"2011-11-20T18:30:09","modified_gmt":"2011-11-20T23:30:09","slug":"el-conservador-rajoy-arrasa-en-las-elecciones-en-espana","status":"publish","type":"post","link":"https:\/\/diarioelpopular.com\/index.php\/2011\/11\/20\/el-conservador-rajoy-arrasa-en-las-elecciones-en-espana\/","title":{"rendered":"El conservador Rajoy arrasa en las elecciones en Espa\u00f1a"},"content":{"rendered":"<div id=\"attachment_18743\" style=\"width: 710px\" class=\"wp-caption aligncenter\"><a href=\"https:\/\/diarioelpopular.com\/wp-content\/uploads\/2011\/11\/Rajoy-besa-a-su-mujer-tras-su-victoria-electoral-en-Espa%C3%B1a.jpg\"><img loading=\"lazy\" decoding=\"async\" aria-describedby=\"caption-attachment-18743\" class=\"size-full wp-image-18743\" title=\"Rajoy besa a su mujer tras su victoria electoral en Espa\u00f1a\" src=\"https:\/\/diarioelpopular.com\/wp-content\/uploads\/2011\/11\/Rajoy-besa-a-su-mujer-tras-su-victoria-electoral-en-Espa%C3%B1a.jpg\" alt=\"\" width=\"700\" height=\"420\" \/><\/a><p id=\"caption-attachment-18743\" class=\"wp-caption-text\">El l\u00edder del PP (conservador), Mariano Rajoy, besa a su esposa en el balc\u00f3n de la sede de su partido en Madrid, ante miles de seguidores, tras su aplastante victoria en las elecciones generales celebradas en Espa\u00f1a este domingo. Rajoy asegur\u00f3 que Espa\u00f1a &quot;dejar\u00e1 de ser un problema para volver a ser parte de la soluci\u00f3n&quot;<\/p><\/div>\n<p><em><strong>M<\/strong><strong>ar\u00eda Luisa Gonz\u00e1lez. Madrid.-<\/strong><\/em> Los espa\u00f1oles dieron este domingo un vuelco al mapa pol\u00edtico al conceder una hist\u00f3rica victoria al conservador Partido Popular (PP) con una amplia mayor\u00eda absoluta en el Parlamento para que gestione la salida de la crisis, y castigaron con su mayor derrota al gobernante Partido Socialista (PSOE).<\/p>\n<p>Con casi el cien por cien de los votos escrutados, el PP de <a href=\"https:\/\/diarioelpopular.com\/2011\/11\/rajoy-el-politico-tranquilo-que-debe-sacar-a-espana-de-su-peor-crisis\/\">Mariano\u00a0Rajoy<\/a>\u00a0obtuvo 186 diputados, diez m\u00e1s que la mayor\u00eda absoluta, frente a 110 de los socialistas que perdieron 59 esca\u00f1os (ten\u00edan 169) en su peor resultado desde el comienzo de la etapa democr\u00e1tica en Espa\u00f1a.<\/p>\n<p>El respaldo logrado por el partido de centroderecha convertir\u00e1 a\u00a0Rajoy\u00a0en el sexto presidente de la democracia espa\u00f1ola y el que atesorar\u00e1 el mayor poder que ha tenido hasta ahora un jefe del ejecutivo.<\/p>\n<p>A su fuerte mayor\u00eda en las dos c\u00e1maras del parlamento, en el Congreso y en el Senado (136 senadores frente a 48 del PSOE), sumar\u00e1 el poder territorial que tiene el PP en la mayor\u00eda de las comunidades aut\u00f3nomas -en todas excepto Catalu\u00f1a, Pa\u00eds Vasco, Asturias y Andaluc\u00eda- y en los municipios.<\/p>\n<p>El desgaste del Gobierno de Jos\u00e9 Luis Rodr\u00edguez Zapatero por su gesti\u00f3n de la crisis econ\u00f3mica -con casi cinco millones de desempleados, la econom\u00eda estancada y la deuda soberana acosada en los mercados internacionales- le pasaron hoy factura al PSOE y a su candidato, el veterano dirigente socialista Alfredo P\u00e9rez Rubalcaba.<\/p>\n<p>El PP hab\u00eda centrado su campa\u00f1a electoral en la importancia de lograr el respaldo de una gran mayor\u00eda para enviar un mensaje de fuerza y unidad desde Espa\u00f1a a los que desconf\u00edan de los fundamentos de la econom\u00eda espa\u00f1ola y acosan a la deuda del pa\u00eds en los mercados hasta llevar a la prima de riesgo a niveles insostenibles a medio plazo.<\/p>\n<p>Por ello, al proclamar su victoria\u00a0Rajoy\u00a0lanz\u00f3 el mensaje de que se propone aunar todas las fuerzas del pa\u00eds ante esta &#8220;hora decisiva&#8221; en la que Espa\u00f1a est\u00e1 &#8220;un cruce de caminos que va a determinar el futuro no solo de los pr\u00f3ximos a\u00f1os, sino de las pr\u00f3ximas d\u00e9cadas&#8221;.<\/p>\n<p>&#8220;S\u00e9 muy bien lo que nos toca, para nadie es un secreto que vamos a gobernar en la m\u00e1s delicada coyuntura en los \u00faltimos 30 a\u00f1os&#8221;, por lo que -dijo- &#8220;todos tendremos que aportar lo mejor de nosotros mismos&#8221; para afrontar esa &#8220;inmensa tarea&#8221;.<\/p>\n<p>Tras reconocer que el futuro de Espa\u00f1a se juega &#8220;hoy m\u00e1s que nunca en Europa&#8221;, el l\u00edder conservador prometi\u00f3 que &#8220;dejaremos de ser un problema para volver a ser parte de la soluci\u00f3n&#8221;, aunque tambi\u00e9n advirti\u00f3 de que &#8220;no va a haber milagros&#8221;.<\/p>\n<p>Los principales dirigentes europeos, la canciller alemana. Angela Merkel, el presidente franc\u00e9s, Nicolas Sarkozy, y el primer ministro brit\u00e1nico, David Cameron, adem\u00e1s de los representantes de las instituciones de la UE, felicitaron la misma noche del triunfo a\u00a0Rajoy, quien si se cumple el calendario previsto podr\u00eda tomar posesi\u00f3n como jefe del Ejecutivo en la semana de navidad.<\/p>\n<p>Mientras tanto, continuar\u00e1 el Ejecutivo de Zapatero en funciones, aunque ya adelant\u00f3 que no tomar\u00e1 decisiones de trascendencia sin consultar con\u00a0Rajoy.<\/p>\n<p>El dirigente conservador no desvel\u00f3 en la noche de su triunfo electoral ninguna medida concreta anticrisis, en las que tampoco profundiz\u00f3 en la campa\u00f1a, aunque los analistas consideran que tendr\u00e1 que acometer nuevos recortes.<\/p>\n<p>Las elecciones generales dejan un Parlamento espa\u00f1ol m\u00e1s fragmentado con un total de 13 fuerzas pol\u00edticas, tres m\u00e1s que en el actual, y una fuerte subida de la coalici\u00f3n Izquierda Unida (IU) de Cayo Lara, que pasa de los dos diputados actuales a 11, aupado por la fuga a sus filas de votos socialistas.<\/p>\n<p>Tambi\u00e9n llega con fuerza al conseguir grupo propio en la c\u00e1mara baja Amaiur, la coalici\u00f3n de la izquierda independentista vasca que aglutina en sus filas a miembros pr\u00f3ximos en el pasado al entorno pol\u00edtico de la organizaci\u00f3n terrorista ETA, que logra siete diputados.<\/p>\n<p>Estas elecciones han sido las primeras que se celebran sin la amenaza de la banda terrorista, que el pasado 20 de octubre anunci\u00f3 el fin de su actividad armada.<\/p>\n<p>La entrada de Amaiur en el Congreso de los Diputados supone el regreso al parlamento espa\u00f1ol de los independentistas vascos tras 15 a\u00f1os de ausencia.<\/p>\n<p>El partido Uni\u00f3n, Progreso y Democracia, fundado hace apenas cinco a\u00f1os por Rosa D\u00edez ex dirigente del PSOE, tambi\u00e9n logr\u00f3 hoy una importante victoria al aumentar de uno a cinco sus diputados, con un mensaje centrado en la defensa de la unidad de Espa\u00f1a y de lucha contra el bipartidismo que en su opini\u00f3n fomenta la actual ley electoral.<\/p>\n","protected":false},"excerpt":{"rendered":"<p>El conservador Partido Popular obtuvo este domingo una victoria arrolladora en las elecciones generales espa\u00f1olas, en las que los socialistas del PSOE se hundieron en su peor resultado desde la democracia.<br \/>\n<a href=\"http:\/\/diarioelpopular.com\/2011\/11\/rajoy-el-politico-tranquilo-que-debe-sacar-a-espana-de-su-peor-crisis\/\"><span style=\"color: #000D54\"><strong>\u00bb PERFIL:<\/strong> Mariano Rajoy, el pol\u00edtico tranquilo que debe sacar a Espa\u00f1a de su peor crisis <\/span><\/a><\/p>\n","protected":false},"author":1,"featured_media":18743,"comment_status":"closed","ping_status":"open","sticky":false,"template":"","format":"standard","meta":{"footnotes":""},"categories":[24],"tags":[119,444,8538,1416,8539,1417],"class_list":["post-18627","post","type-post","status-publish","format-standard","has-post-thumbnail","hentry","category-mundo","tag-elecciones","tag-espana","tag-pp","tag-psoe","tag-rajoy","tag-rubalcaba"],"_links":{"self":[{"href":"https:\/\/diarioelpopular.com\/index.php\/wp-json\/wp\/v2\/posts\/18627","targetHints":{"allow":["GET"]}}],"collection":[{"href":"https:\/\/diarioelpopular.com\/index.php\/wp-json\/wp\/v2\/posts"}],"about":[{"href":"https:\/\/diarioelpopular.com\/index.php\/wp-json\/wp\/v2\/types\/post"}],"author":[{"embeddable":true,"href":"https:\/\/diarioelpopular.com\/index.php\/wp-json\/wp\/v2\/users\/1"}],"replies":[{"embeddable":true,"href":"https:\/\/diarioelpopular.com\/index.php\/wp-json\/wp\/v2\/comments?post=18627"}],"version-history":[{"count":0,"href":"https:\/\/diarioelpopular.com\/index.php\/wp-json\/wp\/v2\/posts\/18627\/revisions"}],"wp:featuredmedia":[{"embeddable":true,"href":"https:\/\/diarioelpopular.com\/index.php\/wp-json\/"}],"wp:attachment":[{"href":"https:\/\/diarioelpopular.com\/index.php\/wp-json\/wp\/v2\/media?parent=18627"}],"wp:term":[{"taxonomy":"category","embeddable":true,"href":"https:\/\/diarioelpopular.com\/index.php\/wp-json\/wp\/v2\/categories?post=18627"},{"taxonomy":"post_tag","embeddable":true,"href":"https:\/\/diarioelpopular.com\/index.php\/wp-json\/wp\/v2\/tags?post=18627"}],"curies":[{"name":"wp","href":"https:\/\/api.w.org\/{rel}","templated":true}]}}