{"id":18680,"date":"2011-11-20T21:19:50","date_gmt":"2011-11-21T02:19:50","guid":{"rendered":"http:\/\/diarioelpopular.com\/?p=18680"},"modified":"2011-11-20T21:19:50","modified_gmt":"2011-11-21T02:19:50","slug":"rajoy-el-politico-tranquilo-que-debe-sacar-a-espana-de-su-peor-crisis","status":"publish","type":"post","link":"https:\/\/diarioelpopular.com\/index.php\/2011\/11\/20\/rajoy-el-politico-tranquilo-que-debe-sacar-a-espana-de-su-peor-crisis\/","title":{"rendered":"Rajoy, el pol\u00edtico tranquilo que debe sacar a Espa\u00f1a de su peor crisis"},"content":{"rendered":"<div id=\"attachment_18681\" style=\"width: 710px\" class=\"wp-caption aligncenter\"><a href=\"https:\/\/diarioelpopular.com\/wp-content\/uploads\/2011\/11\/Rajoy-saluda-desde-el-balc%C3%B3n-de-la-sede-del-PP.jpg\"><img loading=\"lazy\" decoding=\"async\" aria-describedby=\"caption-attachment-18681\" class=\"size-full wp-image-18681\" title=\"Rajoy saluda desde el balc\u00f3n de la sede del PP\" src=\"https:\/\/diarioelpopular.com\/wp-content\/uploads\/2011\/11\/Rajoy-saluda-desde-el-balc%C3%B3n-de-la-sede-del-PP.jpg\" alt=\"\" width=\"700\" height=\"420\" \/><\/a><p id=\"caption-attachment-18681\" class=\"wp-caption-text\">Rajoy saluda desde el balc\u00f3n de la sede del PP, en Madrid<\/p><\/div>\n<p><em><strong>Efe. Madrid.-<\/strong><\/em> Mariano\u00a0Rajoy, el l\u00edder del conservador Partido Popular (PP) que este domingo <a href=\"https:\/\/diarioelpopular.com\/2011\/11\/el-conservador-rajoy-arrasa-en-las-elecciones-en-espana\/\">gan\u00f3 las elecciones en Espa\u00f1a<\/a>, es un pol\u00edtico con fama de tranquilo y resistente, que afronta el dif\u00edcil mandato que le dieron las urnas de sacar al pa\u00eds del abismo de la crisis econ\u00f3mica.<\/p>\n<p>Tras dos derrotas electorales consecutivas y casi ocho a\u00f1os en la oposici\u00f3n, en los que a base de resistencia sobrevivi\u00f3 a las duras luchas internas dentro de su partido en las que su liderazgo fue duramente cuestionado,\u00a0Rajoy\u00a0se convertir\u00e1 en el sexto presidente del Gobierno de la democracia espa\u00f1ola.<\/p>\n<p>Y ser\u00e1 el presidente con m\u00e1s poder, al contar con una amplia mayor\u00eda absoluta en el Congreso de los Diputados de Espa\u00f1a, que sumar\u00e1 al dominio regional de su partido en la mayor parte de las comunidades aut\u00f3nomas espa\u00f1olas y municipios.<\/p>\n<p>Natural de Galicia, en cuya capital Santiago de Compostela naci\u00f3 hace 56 a\u00f1os, Mariano\u00a0Rajoy\u00a0estudi\u00f3 derecho y comenz\u00f3 su carrera pol\u00edtica como concejal y diputado auton\u00f3mico gallego.<\/p>\n<p>Lleg\u00f3 a la pol\u00edtica nacional de la mano de Jos\u00e9 Mar\u00eda Aznar despu\u00e9s de que el PP, fundado por Manuel Fraga, ganar\u00e1 las lecciones de 1996.<\/p>\n<p>Fue ministro de Administraciones P\u00fablicas, Educaci\u00f3n, de la Presidencia, del Interior y portavoz del Ejecutivo, lo que le convierte en uno de los pol\u00edticos espa\u00f1oles con mayor experiencia de gobierno.<\/p>\n<p>Aznar le eligi\u00f3 como sucesor y todo parec\u00eda encauzado para que en 2004 ganara las elecciones frente a un casi desconocido candidato socialista, Jos\u00e9 Luis Rodr\u00edguez Zapatero, con las encuestas a su favor.<\/p>\n<p>Pero, el 11 de marzo de ese a\u00f1o, solo tres d\u00edas antes de las elecciones, todo cambi\u00f3 de repente, incluido su futuro inmediato, al ser atacados cuatro trenes de cercan\u00edas en Madrid por terroristas yihadistas, en unos atentados que conmocionaron a Espa\u00f1a al causar 191 muertos y casi 2.000 heridos.<\/p>\n<p>Rajoy\u00a0perdi\u00f3 por primera vez las elecciones y se convirti\u00f3 en jefe de la oposici\u00f3n con Zapatero al frente del Gobierno.<\/p>\n<p>Las primeras dudas en torno a su liderazgo surgieron ya entonces en las filas &#8216;populares&#8217;, pero no fue hasta cuatro a\u00f1os despu\u00e9s, en marzo de 2008, cuando crecieron hasta convertirse en crisis interna a ra\u00edz de su segunda derrota frente a Zapatero.<\/p>\n<p>Esa noche electoral, en el balc\u00f3n de la sede de su partido en el centro de Madrid donde hoy apareci\u00f3 triunfante, daba una imagen de desolaci\u00f3n.<\/p>\n<p>Pero resisti\u00f3, apoyado en un reducido grupo de fieles colaboradores, principalmente dos mujeres, Mar\u00eda Dolores de Cospedal, &#8220;n\u00famero dos&#8221; del partido y en la actualidad presidenta regional de Castilla La Mancha, y Soraya S\u00e1enz de Santamar\u00eda, su portavoz parlamentaria.<\/p>\n<p>Lector de novela hist\u00f3rica, es muy aficionado al deporte, en especial al ciclismo y al f\u00fatbol -seguidor confeso del Real Madrid-, dos de sus grandes pasiones, junto a la de fumar cigarros habanos.<\/p>\n<p>Est\u00e1 casado con Elvira Fern\u00e1ndez, gallega como \u00e9l, y es padre de dos ni\u00f1os.<\/p>\n<p>Le gusta definirse a si mismo como un hombre de gustos sencillos, orgulloso de ser espa\u00f1ol y gallego, y que devolver\u00e1 &#8220;la confianza&#8221; en Espa\u00f1a.<\/p>\n<p>En la noche de su triunfo electoral arrollador, fue comedido en sus palabras y prometi\u00f3 &#8220;ser el presidente de todos y anteponer el inter\u00e9s general&#8221;.<\/p>\n<p>&#8220;Gobernare al servicio de Espa\u00f1a y de los espa\u00f1oles. Nadie tiene que sentir inquietud alguna&#8221;, dijo, para enumerar sus enemigos: &#8220;el paro, el d\u00e9ficit, la deuda y el estancamiento econ\u00f3mico&#8221;.<\/p>\n<p>Y cit\u00f3 las que considera que son sus fortalezas &#8220;el trabajo, la seriedad y la constancia&#8221;, que conf\u00eda servir\u00e1n &#8220;para que m\u00e1s pronto que tarde empecemos a ver los frutos&#8221;.<\/p>\n","protected":false},"excerpt":{"rendered":"<p>Mariano Rajoy, el l\u00edder del conservador Partido Popular (PP) que este domingo gan\u00f3 las elecciones en Espa\u00f1a, es un pol\u00edtico con fama de tranquilo y resistente, que afronta el dif\u00edcil mandato que le dieron las urnas de sacar al pa\u00eds del abismo de la crisis econ\u00f3mica.<\/p>\n","protected":false},"author":1,"featured_media":18681,"comment_status":"closed","ping_status":"open","sticky":false,"template":"","format":"standard","meta":{"footnotes":""},"categories":[24],"tags":[444,8539],"class_list":["post-18680","post","type-post","status-publish","format-standard","has-post-thumbnail","hentry","category-mundo","tag-espana","tag-rajoy"],"_links":{"self":[{"href":"https:\/\/diarioelpopular.com\/index.php\/wp-json\/wp\/v2\/posts\/18680","targetHints":{"allow":["GET"]}}],"collection":[{"href":"https:\/\/diarioelpopular.com\/index.php\/wp-json\/wp\/v2\/posts"}],"about":[{"href":"https:\/\/diarioelpopular.com\/index.php\/wp-json\/wp\/v2\/types\/post"}],"author":[{"embeddable":true,"href":"https:\/\/diarioelpopular.com\/index.php\/wp-json\/wp\/v2\/users\/1"}],"replies":[{"embeddable":true,"href":"https:\/\/diarioelpopular.com\/index.php\/wp-json\/wp\/v2\/comments?post=18680"}],"version-history":[{"count":0,"href":"https:\/\/diarioelpopular.com\/index.php\/wp-json\/wp\/v2\/posts\/18680\/revisions"}],"wp:featuredmedia":[{"embeddable":true,"href":"https:\/\/diarioelpopular.com\/index.php\/wp-json\/"}],"wp:attachment":[{"href":"https:\/\/diarioelpopular.com\/index.php\/wp-json\/wp\/v2\/media?parent=18680"}],"wp:term":[{"taxonomy":"category","embeddable":true,"href":"https:\/\/diarioelpopular.com\/index.php\/wp-json\/wp\/v2\/categories?post=18680"},{"taxonomy":"post_tag","embeddable":true,"href":"https:\/\/diarioelpopular.com\/index.php\/wp-json\/wp\/v2\/tags?post=18680"}],"curies":[{"name":"wp","href":"https:\/\/api.w.org\/{rel}","templated":true}]}}