{"id":18713,"date":"2011-11-21T08:00:37","date_gmt":"2011-11-21T13:00:37","guid":{"rendered":"http:\/\/diarioelpopular.com\/?p=18713"},"modified":"2011-11-21T08:00:37","modified_gmt":"2011-11-21T13:00:37","slug":"diez-muertos-en-enfrentamientos-en-la-plaza-tahrir","status":"publish","type":"post","link":"https:\/\/diarioelpopular.com\/index.php\/2011\/11\/21\/diez-muertos-en-enfrentamientos-en-la-plaza-tahrir\/","title":{"rendered":"Al menos 26 muertos ya en los disturbios de la plaza Tahrir"},"content":{"rendered":"<div id=\"attachment_18714\" style=\"width: 710px\" class=\"wp-caption aligncenter\"><a href=\"https:\/\/diarioelpopular.com\/wp-content\/uploads\/2011\/11\/Plaza-Tahrir-Cairo-20-11-2011.jpg\"><img loading=\"lazy\" decoding=\"async\" aria-describedby=\"caption-attachment-18714\" class=\"size-full wp-image-18714\" title=\"Plaza Tahrir, Cairo, 20-11-2011\" src=\"https:\/\/diarioelpopular.com\/wp-content\/uploads\/2011\/11\/Plaza-Tahrir-Cairo-20-11-2011.jpg\" alt=\"\" width=\"700\" height=\"420\" \/><\/a><p id=\"caption-attachment-18714\" class=\"wp-caption-text\">Un manifestante egipcio retira una bomba de gas lacrim\u00f3geno durante la protesta contra las fuerzas de seguridad, este domingo, en El Cairo. Seg\u00fan los medios de comunicaci\u00f3n, tropas del ej\u00e9rcito egipcio tomaron la Plaza Tahrir y atacaron a las miles de personas que se encontraban all\u00ed. Foto: Mohamed Omar \/ Epa \/ Efe<\/p><\/div>\n<p><em><strong>Efe. El Cairo.-<\/strong><\/em> El ministro egipcio de Cultura, Emad Abu Ghazi, dijo este lunes a Efe que ha presentado su &#8220;dimisi\u00f3n definitiva&#8221; a causa de &#8220;los sucesos de los dos \u00faltimos d\u00edas en la plaza\u00a0Tahrir\u00a0de El Cairo&#8221;, donde al menos 26 personas han muerto en los \u00faltimos d\u00edas en enfrentamientos entre manifestantes y fuerzas de seguridad.<\/p>\n<p>&#8220;Particip\u00e9 en la reuni\u00f3n (de urgencia) del Consejo de Ministros ayer por la tarde y al final present\u00e9 mi dimisi\u00f3n de manera verbal ante el primer ministro&#8221; Esam Sharaf, explic\u00f3 Abu Ghazi, quien hasta este lunes no hab\u00eda confirmado la informaci\u00f3n.<\/p>\n<p>El intelectual y profesor universitario de Historia, el primer miembro del Gobierno que dimite por los acontecimientos ocurridos en\u00a0Tahrir, asever\u00f3 que esta ma\u00f1ana fue a ver a su oficina a Sharaf.<\/p>\n<p>&#8220;Le entregu\u00e9 mi renuncia por escrito y le di las gracias por su trabajo, porque lo respeto mucho&#8221;, explic\u00f3 Abu Ghazi, quien no obstante, no quiso dar m\u00e1s detalles sobre su opini\u00f3n acerca del modo en que el Gobierno ha gestionado la crisis.<\/p>\n<p>La noticia de la dimisi\u00f3n fue un rumor insistente durante la jornada de este domingo, pero Abu Ghazi no se pronunci\u00f3 hasta este lunes sobre su decisi\u00f3n, adoptada despu\u00e9s de que al menos 26 personas hayan muerto desde el s\u00e1bado por los enfrentamientos entre manifestantes opuestos a la Junta Militar y las fuerzas de seguridad.<\/p>\n<p>En su p\u00e1gina de Facebook, el historiador ha recibido durante dos d\u00edas felicitaciones de centenares de personas, que alaban su valent\u00eda por el paso tomado.<\/p>\n<p>Abu Ghazi naci\u00f3 en el seno de una familia de artistas e intelectuales, y su padre ocup\u00f3 el mismo ministerio que al que ahora ha renunciado su hijo a comienzos de la d\u00e9cada de 1970.<\/p>\n","protected":false},"excerpt":{"rendered":"<p>El ministro egipcio de Cultura, Emad Abu Ghazi, dijo este lunes que ha presentado su &#8220;dimisi\u00f3n definitiva&#8221; a causa de &#8220;los sucesos de los dos \u00faltimos d\u00edas en la plaza Tahrir de El Cairo&#8221;, donde al menos 26 personas han muerto en los \u00faltimos d\u00edas en enfrentamientos entre manifestantes y fuerzas de seguridad.<\/p>\n","protected":false},"author":1,"featured_media":18714,"comment_status":"closed","ping_status":"open","sticky":false,"template":"","format":"standard","meta":{"footnotes":""},"categories":[24],"tags":[6491,343,6507],"class_list":["post-18713","post","type-post","status-publish","format-standard","has-post-thumbnail","hentry","category-mundo","tag-cairo","tag-egipto","tag-tahrir"],"_links":{"self":[{"href":"https:\/\/diarioelpopular.com\/index.php\/wp-json\/wp\/v2\/posts\/18713","targetHints":{"allow":["GET"]}}],"collection":[{"href":"https:\/\/diarioelpopular.com\/index.php\/wp-json\/wp\/v2\/posts"}],"about":[{"href":"https:\/\/diarioelpopular.com\/index.php\/wp-json\/wp\/v2\/types\/post"}],"author":[{"embeddable":true,"href":"https:\/\/diarioelpopular.com\/index.php\/wp-json\/wp\/v2\/users\/1"}],"replies":[{"embeddable":true,"href":"https:\/\/diarioelpopular.com\/index.php\/wp-json\/wp\/v2\/comments?post=18713"}],"version-history":[{"count":0,"href":"https:\/\/diarioelpopular.com\/index.php\/wp-json\/wp\/v2\/posts\/18713\/revisions"}],"wp:featuredmedia":[{"embeddable":true,"href":"https:\/\/diarioelpopular.com\/index.php\/wp-json\/"}],"wp:attachment":[{"href":"https:\/\/diarioelpopular.com\/index.php\/wp-json\/wp\/v2\/media?parent=18713"}],"wp:term":[{"taxonomy":"category","embeddable":true,"href":"https:\/\/diarioelpopular.com\/index.php\/wp-json\/wp\/v2\/categories?post=18713"},{"taxonomy":"post_tag","embeddable":true,"href":"https:\/\/diarioelpopular.com\/index.php\/wp-json\/wp\/v2\/tags?post=18713"}],"curies":[{"name":"wp","href":"https:\/\/api.w.org\/{rel}","templated":true}]}}